{"id":420,"date":"2011-10-25T13:51:51","date_gmt":"2011-10-25T13:51:51","guid":{"rendered":""},"modified":"-0001-11-30T00:00:00","modified_gmt":"-0001-11-30T03:00:00","slug":"definido-relator-na-ccj-de-pl-que-valoriza-atuacao-dos-advogados-publicos","status":"publish","type":"post","link":"https:\/\/sinprofaz.org.br\/2024\/noticias\/definido-relator-na-ccj-de-pl-que-valoriza-atuacao-dos-advogados-publicos\/","title":{"rendered":"Definido relator na CCJ de PL que valoriza atua\u00e7\u00e3o dos advogados p\u00fablicos"},"content":{"rendered":"<p>Pelo projeto, o servidor concursado dever\u00e1 ser ocupante de cargo efetivo ou emprego permanente do quadro de pessoal do \u00f3rg\u00e3o p\u00fablico ou entidade licitante.<\/p>\n<p>Ap\u00f3s aprecia\u00e7\u00e3o na CCJC, o projeto de lei seguir\u00e1 ao plen\u00e1rio da C\u00e2mara dos Deputados.<\/p>\n<p>O presidente do Forum Nacional da Advocacia P\u00fablica Federal e do SINPROFAZ, Allan Titonelli, ressalta que \u201co projeto de lei vai ao encontro das propostas do Forum e do Sindicato, fortalecendo uma Advocacia de Estado, cuja fun\u00e7\u00e3o constitucional \u00e9 auxiliar tecnicamente o Administrador P\u00fablico, legitimamente eleito, resguardando a lei e a Constitui\u00e7\u00e3o, defendendo, assim, a sociedade\u201d.<\/p>\n<p>Titonelli completa: \u201ca proposta permitir\u00e1 combater a corrup\u00e7\u00e3o e a impunidade, uma vez que os Advogados P\u00fablicos s\u00e3o profissionais extremamente t\u00e9cnicos, comprometidos com a defesa do Estado e da sociedade, evitando, dessa forma, a ocupa\u00e7\u00e3o pol\u00edtica dessas fun\u00e7\u00f5es.\u201d<\/p>\n","protected":false},"excerpt":{"rendered":"<p>O deputado Vieira da Cunha (PDT\/RS) foi designado relator do PL 6.876\/2006. A proposi\u00e7\u00e3o determina que os pareceres jur\u00eddicos das licita\u00e7\u00f5es sejam elaborados por procurador ou assessor jur\u00eddico concursado.<\/p>\n","protected":false},"author":1,"featured_media":0,"comment_status":"closed","ping_status":"open","sticky":false,"template":"","format":"standard","meta":{"footnotes":""},"categories":[8],"tags":[],"featured_image_url":"https:\/\/dummyimage.com\/720x400","character_count":466,"formatted_date":"25\/10\/2011 - 13:51","contentNovo":"\r\n<p>Pelo projeto, o servidor concursado dever\u00e1 ser ocupante de cargo efetivo ou emprego permanente do quadro de pessoal do \u00f3rg\u00e3o p\u00fablico ou entidade licitante.<\/p>\r\n<p>Ap\u00f3s aprecia\u00e7\u00e3o na CCJC, o projeto de lei seguir\u00e1 ao plen\u00e1rio da C\u00e2mara dos Deputados.<\/p>\r\n<p>O presidente do Forum Nacional da Advocacia P\u00fablica Federal e do SINPROFAZ, Allan Titonelli, ressalta que \u201co projeto de lei vai ao encontro das propostas do Forum e do Sindicato, fortalecendo uma Advocacia de Estado, cuja fun\u00e7\u00e3o constitucional \u00e9 auxiliar tecnicamente o Administrador P\u00fablico, legitimamente eleito, resguardando a lei e a Constitui\u00e7\u00e3o, defendendo, assim, a sociedade\u201d.<\/p>\r\n<p>Titonelli completa: \u201ca proposta permitir\u00e1 combater a corrup\u00e7\u00e3o e a impunidade, uma vez que os Advogados P\u00fablicos s\u00e3o profissionais extremamente t\u00e9cnicos, comprometidos com a defesa do Estado e da sociedade, evitando, dessa forma, a ocupa\u00e7\u00e3o pol\u00edtica dessas fun\u00e7\u00f5es.\u201d<\/p>","_links":{"self":[{"href":"https:\/\/sinprofaz.org.br\/2024\/wp-json\/wp\/v2\/posts\/420"}],"collection":[{"href":"https:\/\/sinprofaz.org.br\/2024\/wp-json\/wp\/v2\/posts"}],"about":[{"href":"https:\/\/sinprofaz.org.br\/2024\/wp-json\/wp\/v2\/types\/post"}],"author":[{"embeddable":true,"href":"https:\/\/sinprofaz.org.br\/2024\/wp-json\/wp\/v2\/users\/1"}],"replies":[{"embeddable":true,"href":"https:\/\/sinprofaz.org.br\/2024\/wp-json\/wp\/v2\/comments?post=420"}],"version-history":[{"count":0,"href":"https:\/\/sinprofaz.org.br\/2024\/wp-json\/wp\/v2\/posts\/420\/revisions"}],"wp:attachment":[{"href":"https:\/\/sinprofaz.org.br\/2024\/wp-json\/wp\/v2\/media?parent=420"}],"wp:term":[{"taxonomy":"category","embeddable":true,"href":"https:\/\/sinprofaz.org.br\/2024\/wp-json\/wp\/v2\/categories?post=420"},{"taxonomy":"post_tag","embeddable":true,"href":"https:\/\/sinprofaz.org.br\/2024\/wp-json\/wp\/v2\/tags?post=420"}],"curies":[{"name":"wp","href":"https:\/\/api.w.org\/{rel}","templated":true}]}}