{"id":403,"date":"2011-10-17T01:03:19","date_gmt":"2011-10-17T01:03:19","guid":{"rendered":""},"modified":"-0001-11-30T00:00:00","modified_gmt":"-0001-11-30T03:00:00","slug":"dirigentes-do-forum-reunem-se-com-secretario-de-reforma-do-judiciario","status":"publish","type":"post","link":"https:\/\/sinprofaz.org.br\/2024\/noticias\/dirigentes-do-forum-reunem-se-com-secretario-de-reforma-do-judiciario\/","title":{"rendered":"Dirigentes do Forum re\u00fanem-se com Secret\u00e1rio de Reforma do Judici\u00e1rio"},"content":{"rendered":"<p>Os dirigentes do Forum Nacional estiveram reunidos com o Secret\u00e1rio de Reforma do Judici\u00e1rio, Dr. Marcelo Vieira de Campos, para tratar de temas afetos \u00e0 Advocacia P\u00fablica Federal.<\/p>\n<p>A nova Lei Org\u00e2nica da AGU e o Primeiro Diagn\u00f3stico da Advocacia P\u00fablica Federal foram alguns dos assuntos em destaque.<\/p>\n<p>Mais uma vez, os dirigentes ressaltaram que \u00e9 necess\u00e1rio dotar a AGU de prerrogativas ison\u00f4micas em rela\u00e7\u00e3o \u00e0s demais Fun\u00e7\u00f5es Essenciais \u00e0 Justi\u00e7a, havendo um anseio das carreiras da AGU para que a LC seja encaminhada para o Congresso com a maior brevidade poss\u00edvel. Foi refor\u00e7ado que o Forum n\u00e3o admitir\u00e1 tratamento diferenciado entre as Fun\u00e7\u00f5es Essenciais \u00e0 Justi\u00e7a, motivo pelo qual o art. 37, X, da CF\/88, deve ser cumprido igualitariamente.<\/p>\n<p>Foi registrada, ainda, a preocupa\u00e7\u00e3o com a estrutura de trabalho atual, a sobrecarga de processos, que tem comprometido o alcance de uma maior efic\u00e1cia na atua\u00e7\u00e3o do \u00f3rg\u00e3o e ocasionado diversos problemas f\u00edsicos e mentais aos membros das carreiras.<\/p>\n<p>O presidente do Forum asseverou que &#8220;se a AGU fosse dotada de melhores condi\u00e7\u00f5es de trabalho certamente alcan\u00e7aria resultados mais positivos para a Uni\u00e3o. Hoje convivemos com uma grande sobrecarga de processos, falta de pessoal de apoio, n\u00e3o provimento de todo o quadro de Procuradores e Advogados da Uni\u00e3o, entre outros problemas. A despeito desses inconvenientes, a AGU tem alcan\u00e7ado resultados relevantes, o que se deve, em grande parte, pela dedica\u00e7\u00e3o, obstina\u00e7\u00e3o e supera\u00e7\u00e3o dos membros da Advocacia P\u00fablica Federal na defesa do patrim\u00f4nio p\u00fablico.&#8221;<\/p>\n<p>O Secret\u00e1rio disse que o Primeiro Diagn\u00f3stico da Advocacia P\u00fablica cont\u00e9m informa\u00e7\u00f5es importantes para o conhecimento dos problemas que afligem as carreiras. Asseverou tamb\u00e9m que os dados poder\u00e3o balizar onde devem ser concretizados os esfor\u00e7os de mudan\u00e7a.<\/p>\n<p>O lan\u00e7amento do Primeiro Diagn\u00f3stico da Advocacia P\u00fablica ser\u00e1 feito at\u00e9 meados de novembro de 2011, quando ser\u00e1 publicizado o documento. <i>Com informa\u00e7\u00f5es da Assessoria de Comunica\u00e7\u00e3o do Forum Nacional da Advocacia P\u00fablica Federal<\/i><\/p>\n","protected":false},"excerpt":{"rendered":"<p>Os dirigentes do Forum Nacional estiveram reunidos com o Secret\u00e1rio de Reforma do Judici\u00e1rio, Dr. Marcelo Vieira de Campos, para tratar de temas afetos \u00e0 Advocacia P\u00fablica Federal.<\/p>\n","protected":false},"author":1,"featured_media":0,"comment_status":"closed","ping_status":"open","sticky":false,"template":"","format":"standard","meta":{"footnotes":""},"categories":[8],"tags":[],"featured_image_url":"https:\/\/dummyimage.com\/720x400","character_count":1060,"formatted_date":"17\/10\/2011 - 01:03","contentNovo":"\r\n<p>Os dirigentes do Forum Nacional estiveram reunidos com o Secret\u00e1rio de Reforma do Judici\u00e1rio, Dr. Marcelo Vieira de Campos, para tratar de temas afetos \u00e0 Advocacia P\u00fablica Federal.<\/p>\r\n<p>A nova Lei Org\u00e2nica da AGU e o Primeiro Diagn\u00f3stico da Advocacia P\u00fablica Federal foram alguns dos assuntos em destaque.<\/p>\r\n<p>Mais uma vez, os dirigentes ressaltaram que \u00e9 necess\u00e1rio dotar a AGU de prerrogativas ison\u00f4micas em rela\u00e7\u00e3o \u00e0s demais Fun\u00e7\u00f5es Essenciais \u00e0 Justi\u00e7a, havendo um anseio das carreiras da AGU para que a LC seja encaminhada para o Congresso com a maior brevidade poss\u00edvel. Foi refor\u00e7ado que o Forum n\u00e3o admitir\u00e1 tratamento diferenciado entre as Fun\u00e7\u00f5es Essenciais \u00e0 Justi\u00e7a, motivo pelo qual o art. 37, X, da CF\/88, deve ser cumprido igualitariamente.<\/p>\r\n<p>Foi registrada, ainda, a preocupa\u00e7\u00e3o com a estrutura de trabalho atual, a sobrecarga de processos, que tem comprometido o alcance de uma maior efic\u00e1cia na atua\u00e7\u00e3o do \u00f3rg\u00e3o e ocasionado diversos problemas f\u00edsicos e mentais aos membros das carreiras.<\/p>\r\n<p>O presidente do Forum asseverou que \"se a AGU fosse dotada de melhores condi\u00e7\u00f5es de trabalho certamente alcan\u00e7aria resultados mais positivos para a Uni\u00e3o. Hoje convivemos com uma grande sobrecarga de processos, falta de pessoal de apoio, n\u00e3o provimento de todo o quadro de Procuradores e Advogados da Uni\u00e3o, entre outros problemas. A despeito desses inconvenientes, a AGU tem alcan\u00e7ado resultados relevantes, o que se deve, em grande parte, pela dedica\u00e7\u00e3o, obstina\u00e7\u00e3o e supera\u00e7\u00e3o dos membros da Advocacia P\u00fablica Federal na defesa do patrim\u00f4nio p\u00fablico.\"<\/p>\r\n<p>O Secret\u00e1rio disse que o Primeiro Diagn\u00f3stico da Advocacia P\u00fablica cont\u00e9m informa\u00e7\u00f5es importantes para o conhecimento dos problemas que afligem as carreiras. Asseverou tamb\u00e9m que os dados poder\u00e3o balizar onde devem ser concretizados os esfor\u00e7os de mudan\u00e7a.<\/p>\r\n<p>O lan\u00e7amento do Primeiro Diagn\u00f3stico da Advocacia P\u00fablica ser\u00e1 feito at\u00e9 meados de novembro de 2011, quando ser\u00e1 publicizado o documento. Com informa\u00e7\u00f5es da Assessoria de Comunica\u00e7\u00e3o do Forum Nacional da Advocacia P\u00fablica Federal<\/p>","_links":{"self":[{"href":"https:\/\/sinprofaz.org.br\/2024\/wp-json\/wp\/v2\/posts\/403"}],"collection":[{"href":"https:\/\/sinprofaz.org.br\/2024\/wp-json\/wp\/v2\/posts"}],"about":[{"href":"https:\/\/sinprofaz.org.br\/2024\/wp-json\/wp\/v2\/types\/post"}],"author":[{"embeddable":true,"href":"https:\/\/sinprofaz.org.br\/2024\/wp-json\/wp\/v2\/users\/1"}],"replies":[{"embeddable":true,"href":"https:\/\/sinprofaz.org.br\/2024\/wp-json\/wp\/v2\/comments?post=403"}],"version-history":[{"count":0,"href":"https:\/\/sinprofaz.org.br\/2024\/wp-json\/wp\/v2\/posts\/403\/revisions"}],"wp:attachment":[{"href":"https:\/\/sinprofaz.org.br\/2024\/wp-json\/wp\/v2\/media?parent=403"}],"wp:term":[{"taxonomy":"category","embeddable":true,"href":"https:\/\/sinprofaz.org.br\/2024\/wp-json\/wp\/v2\/categories?post=403"},{"taxonomy":"post_tag","embeddable":true,"href":"https:\/\/sinprofaz.org.br\/2024\/wp-json\/wp\/v2\/tags?post=403"}],"curies":[{"name":"wp","href":"https:\/\/api.w.org\/{rel}","templated":true}]}}