{"id":400,"date":"2011-10-14T13:13:08","date_gmt":"2011-10-14T13:13:08","guid":{"rendered":""},"modified":"-0001-11-30T00:00:00","modified_gmt":"-0001-11-30T03:00:00","slug":"convenio-permitira-a-membros-da-advocacia-publica-estagiarem-na-oea","status":"publish","type":"post","link":"https:\/\/sinprofaz.org.br\/2024\/noticias\/convenio-permitira-a-membros-da-advocacia-publica-estagiarem-na-oea\/","title":{"rendered":"Conv\u00eanio permitir\u00e1 a membros da Advocacia P\u00fablica estagiarem na OEA"},"content":{"rendered":"<p>A iniciativa decorreu da presidente da Anpprev e dirigente do Forum, Meire Monteiro.<\/p>\n<p>O conv\u00eanio objetiva oferecer interc\u00e2mbio para o desempenho de est\u00e1gio na OEA. A iniciativa proporcionar\u00e1 aos membros das Carreiras Jur\u00eddicas da AGU o desenvolvimento de conhecimento jur\u00eddico no \u00e2mbito de organismos multilaterais.<\/p>\n<p>Nesta sexta-feira, 14 de outubro, \u00e0s 16h, na sede da Anpprev &#8211; Associa\u00e7\u00e3o Nacional dos Procuradores Federais da Previd\u00eancia Social (SAS Q. 06 \u2013 Bloco K \u2013 Ed. Belvedere), ser\u00e1 realizada uma videoconfer\u00eancia para tratar do assunto com a presen\u00e7a da Comiss\u00e3o Jur\u00eddica Interamericana e Comiss\u00e3o Interamericana de Direitos Humanos.<\/p>\n<p>O convite para participar da videoconfer\u00eancia \u00e9 aberto a todos os membros da Advocacia P\u00fablica Federal.<\/p>\n","protected":false},"excerpt":{"rendered":"<p>O Forum Nacional est\u00e1 diligenciando a realiza\u00e7\u00e3o de um conv\u00eanio internacional para que os membros da Advocacia P\u00fablica Federal possam fazer est\u00e1gio na Organiza\u00e7\u00e3o dos Estados Americanos (OEA).<\/p>\n","protected":false},"author":1,"featured_media":0,"comment_status":"closed","ping_status":"open","sticky":false,"template":"","format":"standard","meta":{"footnotes":""},"categories":[8],"tags":[],"featured_image_url":"https:\/\/dummyimage.com\/720x400","character_count":388,"formatted_date":"14\/10\/2011 - 13:13","contentNovo":"\r\n<p>A iniciativa decorreu da presidente da Anpprev e dirigente do Forum, Meire Monteiro.<\/p>\r\n<p>O conv\u00eanio objetiva oferecer interc\u00e2mbio para o desempenho de est\u00e1gio na OEA. A iniciativa proporcionar\u00e1 aos membros das Carreiras Jur\u00eddicas da AGU o desenvolvimento de conhecimento jur\u00eddico no \u00e2mbito de organismos multilaterais.<\/p>\r\n<p>Nesta sexta-feira, 14 de outubro, \u00e0s 16h, na sede da Anpprev - Associa\u00e7\u00e3o Nacional dos Procuradores Federais da Previd\u00eancia Social (SAS Q. 06 \u2013 Bloco K \u2013 Ed. Belvedere), ser\u00e1 realizada uma videoconfer\u00eancia para tratar do assunto com a presen\u00e7a da Comiss\u00e3o Jur\u00eddica Interamericana e Comiss\u00e3o Interamericana de Direitos Humanos.<\/p>\r\n<p>O convite para participar da videoconfer\u00eancia \u00e9 aberto a todos os membros da Advocacia P\u00fablica Federal.<\/p>","_links":{"self":[{"href":"https:\/\/sinprofaz.org.br\/2024\/wp-json\/wp\/v2\/posts\/400"}],"collection":[{"href":"https:\/\/sinprofaz.org.br\/2024\/wp-json\/wp\/v2\/posts"}],"about":[{"href":"https:\/\/sinprofaz.org.br\/2024\/wp-json\/wp\/v2\/types\/post"}],"author":[{"embeddable":true,"href":"https:\/\/sinprofaz.org.br\/2024\/wp-json\/wp\/v2\/users\/1"}],"replies":[{"embeddable":true,"href":"https:\/\/sinprofaz.org.br\/2024\/wp-json\/wp\/v2\/comments?post=400"}],"version-history":[{"count":0,"href":"https:\/\/sinprofaz.org.br\/2024\/wp-json\/wp\/v2\/posts\/400\/revisions"}],"wp:attachment":[{"href":"https:\/\/sinprofaz.org.br\/2024\/wp-json\/wp\/v2\/media?parent=400"}],"wp:term":[{"taxonomy":"category","embeddable":true,"href":"https:\/\/sinprofaz.org.br\/2024\/wp-json\/wp\/v2\/categories?post=400"},{"taxonomy":"post_tag","embeddable":true,"href":"https:\/\/sinprofaz.org.br\/2024\/wp-json\/wp\/v2\/tags?post=400"}],"curies":[{"name":"wp","href":"https:\/\/api.w.org\/{rel}","templated":true}]}}