{"id":394,"date":"2011-10-10T13:47:32","date_gmt":"2011-10-10T13:47:32","guid":{"rendered":""},"modified":"-0001-11-30T00:00:00","modified_gmt":"-0001-11-30T03:00:00","slug":"sinprofaz-apoia-iniciativa-que-defende-prerrogativas-do-cnj","status":"publish","type":"post","link":"https:\/\/sinprofaz.org.br\/2024\/noticias\/sinprofaz-apoia-iniciativa-que-defende-prerrogativas-do-cnj\/","title":{"rendered":"SINPROFAZ apoia iniciativa que defende prerrogativas do CNJ"},"content":{"rendered":"<p>A PEC visa proteger o CNJ das tentativas de esvaziamento de suas atribui\u00e7\u00f5es. A ofensiva contra o Conselho foi uma rea\u00e7\u00e3o a alguns setores da magistratura \u00e0 declara\u00e7\u00e3o da Corregedora Nacional de Justi\u00e7a, Eliana Calmon, de que \u201cno Judici\u00e1rio tamb\u00e9m existe corrup\u00e7\u00e3o\u201d.<\/p>\n<p>Um dos prop\u00f3sitos da PEC 97\/11 \u00e9 esclarecer a compet\u00eancia da Corregedoria Nacional de Justi\u00e7a: \u201caut\u00f4noma e concorrente em rela\u00e7\u00e3o aos \u00f3rg\u00e3os administrativos dos tribunais, podendo instaurar procedimentos, requisitar informa\u00e7\u00f5es, exames, per\u00edcias ou documentos, sigilosos ou n\u00e3o, imprescind\u00edveis ao esclarecimento de processos ou procedimentos sob sua aprecia\u00e7\u00e3o&#8221;.<\/p>\n<p>A proposta de emenda \u00e0 Constitui\u00e7\u00e3o tamb\u00e9m disp\u00f5e que a abertura de processo administrativo disciplinar pelo plen\u00e1rio do CNJ suspende, at\u00e9 delibera\u00e7\u00e3o final, a instaura\u00e7\u00e3o ou o prosseguimento de procedimentos similares nos tribunais.<\/p>\n<p>Dessa forma, o SINPROFAZ formaliza ades\u00e3o \u00e0 referida PEC, especialmente porque sua aprova\u00e7\u00e3o afastar\u00e1, em definitivo, quaisquer d\u00favidas ao explicitar as compet\u00eancias desse importante \u00f3rg\u00e3o de controle.<\/p>\n","protected":false},"excerpt":{"rendered":"<p>Sindicato \u00e9 mais um aliado do Conselho Nacional de Justi\u00e7a na defesa de suas prerrogativas. Por isso, registra apoio \u00e0 PEC 97\/11, do senador Dem\u00f3stenes Torres (DEM\/GO).<\/p>\n","protected":false},"author":1,"featured_media":0,"comment_status":"closed","ping_status":"open","sticky":false,"template":"","format":"standard","meta":{"footnotes":""},"categories":[8],"tags":[],"featured_image_url":"https:\/\/dummyimage.com\/720x400","character_count":564,"formatted_date":"10\/10\/2011 - 13:47","contentNovo":"\r\n<p>A PEC visa proteger o CNJ das tentativas de esvaziamento de suas atribui\u00e7\u00f5es. A ofensiva contra o Conselho foi uma rea\u00e7\u00e3o a alguns setores da magistratura \u00e0 declara\u00e7\u00e3o da Corregedora Nacional de Justi\u00e7a, Eliana Calmon, de que \u201cno Judici\u00e1rio tamb\u00e9m existe corrup\u00e7\u00e3o\u201d.<\/p>\r\n<p>Um dos prop\u00f3sitos da PEC 97\/11 \u00e9 esclarecer a compet\u00eancia da Corregedoria Nacional de Justi\u00e7a: \u201caut\u00f4noma e concorrente em rela\u00e7\u00e3o aos \u00f3rg\u00e3os administrativos dos tribunais, podendo instaurar procedimentos, requisitar informa\u00e7\u00f5es, exames, per\u00edcias ou documentos, sigilosos ou n\u00e3o, imprescind\u00edveis ao esclarecimento de processos ou procedimentos sob sua aprecia\u00e7\u00e3o\".<\/p>\r\n<p>A proposta de emenda \u00e0 Constitui\u00e7\u00e3o tamb\u00e9m disp\u00f5e que a abertura de processo administrativo disciplinar pelo plen\u00e1rio do CNJ suspende, at\u00e9 delibera\u00e7\u00e3o final, a instaura\u00e7\u00e3o ou o prosseguimento de procedimentos similares nos tribunais.<\/p>\r\n<p>Dessa forma, o SINPROFAZ formaliza ades\u00e3o \u00e0 referida PEC, especialmente porque sua aprova\u00e7\u00e3o afastar\u00e1, em definitivo, quaisquer d\u00favidas ao explicitar as compet\u00eancias desse importante \u00f3rg\u00e3o de controle.<\/p>","_links":{"self":[{"href":"https:\/\/sinprofaz.org.br\/2024\/wp-json\/wp\/v2\/posts\/394"}],"collection":[{"href":"https:\/\/sinprofaz.org.br\/2024\/wp-json\/wp\/v2\/posts"}],"about":[{"href":"https:\/\/sinprofaz.org.br\/2024\/wp-json\/wp\/v2\/types\/post"}],"author":[{"embeddable":true,"href":"https:\/\/sinprofaz.org.br\/2024\/wp-json\/wp\/v2\/users\/1"}],"replies":[{"embeddable":true,"href":"https:\/\/sinprofaz.org.br\/2024\/wp-json\/wp\/v2\/comments?post=394"}],"version-history":[{"count":0,"href":"https:\/\/sinprofaz.org.br\/2024\/wp-json\/wp\/v2\/posts\/394\/revisions"}],"wp:attachment":[{"href":"https:\/\/sinprofaz.org.br\/2024\/wp-json\/wp\/v2\/media?parent=394"}],"wp:term":[{"taxonomy":"category","embeddable":true,"href":"https:\/\/sinprofaz.org.br\/2024\/wp-json\/wp\/v2\/categories?post=394"},{"taxonomy":"post_tag","embeddable":true,"href":"https:\/\/sinprofaz.org.br\/2024\/wp-json\/wp\/v2\/tags?post=394"}],"curies":[{"name":"wp","href":"https:\/\/api.w.org\/{rel}","templated":true}]}}