{"id":3910,"date":"2016-03-24T14:20:11","date_gmt":"2016-03-24T14:20:11","guid":{"rendered":"http:\/\/www.sinprofaz.org.br\/2016\/?p=3910"},"modified":"2016-03-29T18:30:15","modified_gmt":"2016-03-29T18:30:15","slug":"sinprofaz-participa-de-reuniao-com-advogado-geral-da-uniao","status":"publish","type":"post","link":"https:\/\/sinprofaz.org.br\/2024\/noticias\/sinprofaz-participa-de-reuniao-com-advogado-geral-da-uniao\/","title":{"rendered":"SINPROFAZ PARTICIPA DE REUNI\u00c3O COM ADVOGADO-GERAL DA UNI\u00c3O"},"content":{"rendered":"<p>O SINPROFAZ, representado pelo presidente Achilles Frias, participou nessa quarta-feira (23) de reuni\u00e3o com o Advogado-Geral da Uni\u00e3o, Jos\u00e9 Eduardo Cardozo. O encontro reuniu dirigentes de entidades da Advocacia P\u00fablica Federal e ocorreu no edif\u00edcio-sede da AGU, em Bras\u00edlia.<\/p>\n<p>Na presen\u00e7a do AGU, o presidente do SINPROFAZ apontou a necessidade de apoio para aprova\u00e7\u00e3o do Projeto de Lei de interesse da Carreira \u2013 PL que, ao contemplar honor\u00e1rios advocat\u00edcios e advocacia privada, fortalece os membros da Institui\u00e7\u00e3o. \u201cA AGU est\u00e1 na lanterna da Advocacia P\u00fablica Federal, tendo a pior remunera\u00e7\u00e3o se comparada a todas as Procuradorias Gerais de Estado\u201d, ressaltou Achilles Frias.<\/p>\n<p>Quanto \u00e0s altera\u00e7\u00f5es do PL, o presidente destacou a imprescind\u00edvel inclus\u00e3o dos aposentados, no que Cardozo se comprometeu a agendar reuni\u00e3o com o Ministro do Planejamento para tratar pessoalmente do assunto. Observou, ainda, ser imperiosa a supress\u00e3o do inciso que determina a realiza\u00e7\u00e3o, pelos Advogados P\u00fablicos Federais, de atividades meramente administrativas, tema sobre o qual o AGU demonstrou perplexidade com a impertin\u00eancia da imposi\u00e7\u00e3o no PL.<\/p>\n<p>A import\u00e2ncia da mobiliza\u00e7\u00e3o realizada em torno da PEC 443 e o relan\u00e7amento da campanha pela PEC 82 tamb\u00e9m foram lembrados durante a reuni\u00e3o. Achilles Frias apontou a forma como a 82 vai ao encontro das necessidades pol\u00edticas do pa\u00eds ao atribuir autonomia aos \u00f3rg\u00e3os de Advocacia P\u00fablica e possibilitar que a sociedade conte com mecanismos concretos de preven\u00e7\u00e3o \u00e0 corru\u00e7\u00e3o. \u201cUma Advocacia P\u00fablica fortalecida em todas as esferas \u00e9 instrumento e condi\u00e7\u00e3o sem a qual n\u00e3o se pode ter um combate efetivo da corrup\u00e7\u00e3o\u201d, destacou o presidente.<\/p>\n<p>Por fim, foi discutido o edital de promo\u00e7\u00e3o dos Procuradores da Fazenda Nacional, cuja promulga\u00e7\u00e3o requer apenas a assinatura do AGU. Ao pedido de celeridade do presidente do SINPROFAZ e em apoio \u00e0 Carreira, Jos\u00e9 Eduardo Cardozo se comprometeu a dar aten\u00e7\u00e3o ao assunto, sobre o qual tratar\u00e1 de imediato.<\/p>\n\n\t\t<style type=\"text\/css\">\n\t\t\t#gallery-1 {\n\t\t\t\tmargin: auto;\n\t\t\t}\n\t\t\t#gallery-1 .gallery-item {\n\t\t\t\tfloat: left;\n\t\t\t\tmargin-top: 10px;\n\t\t\t\ttext-align: center;\n\t\t\t\twidth: 33%;\n\t\t\t}\n\t\t\t#gallery-1 img {\n\t\t\t\tborder: 2px solid #cfcfcf;\n\t\t\t}\n\t\t\t#gallery-1 .gallery-caption {\n\t\t\t\tmargin-left: 0;\n\t\t\t}\n\t\t\t\/* see gallery_shortcode() in wp-includes\/media.php *\/\n\t\t<\/style>\n\t\t<div id='gallery-1' class='gallery galleryid-3910 gallery-columns-3 gallery-size-thumbnail'><dl class='gallery-item'>\n\t\t\t<dt class='gallery-icon landscape'>\n\t\t\t\t<a href='https:\/\/sinprofaz.org.br\/2024\/wp-content\/uploads\/2016\/03\/028.jpg'><img loading=\"lazy\" decoding=\"async\" width=\"150\" height=\"150\" src=\"https:\/\/sinprofaz.org.br\/2024\/wp-content\/uploads\/2016\/03\/028-150x150.jpg\" class=\"attachment-thumbnail size-thumbnail\" alt=\"\" \/><\/a>\n\t\t\t<\/dt><\/dl>\n\t\t\t<br style='clear: both' \/>\n\t\t<\/div>\n\n<p style=\"text-align: center;\">\n","protected":false},"excerpt":{"rendered":"<p>O SINPROFAZ, representado pelo presidente Achilles Frias, participou nessa quarta-feira (23) de reuni\u00e3o com Jos\u00e9 Eduardo Cardozo. O encontro reuniu dirigentes de entidades da Advocacia P\u00fablica Federal e ocorreu no edif\u00edcio-sede da AGU.<\/p>\n","protected":false},"author":2,"featured_media":3911,"comment_status":"open","ping_status":"open","sticky":false,"template":"","format":"standard","meta":{"footnotes":""},"categories":[8],"tags":[43,25],"featured_image_url":"https:\/\/sinprofaz.org.br\/2024\/wp-content\/uploads\/2016\/03\/0117-800x198.jpg","character_count":1203,"formatted_date":"24\/03\/2016 - 14:20","contentNovo":"O SINPROFAZ, representado pelo presidente Achilles Frias, participou nessa quarta-feira (23) de reuni\u00e3o com o Advogado-Geral da Uni\u00e3o, Jos\u00e9 Eduardo Cardozo. O encontro reuniu dirigentes de entidades da Advocacia P\u00fablica Federal e ocorreu no edif\u00edcio-sede da AGU, em Bras\u00edlia.\n\nNa presen\u00e7a do AGU, o presidente do SINPROFAZ apontou a necessidade de apoio para aprova\u00e7\u00e3o do Projeto de Lei de interesse da Carreira \u2013 PL que, ao contemplar honor\u00e1rios advocat\u00edcios e advocacia privada, fortalece os membros da Institui\u00e7\u00e3o. \u201cA AGU est\u00e1 na lanterna da Advocacia P\u00fablica Federal, tendo a pior remunera\u00e7\u00e3o se comparada a todas as Procuradorias Gerais de Estado\u201d, ressaltou Achilles Frias.\n\nQuanto \u00e0s altera\u00e7\u00f5es do PL, o presidente destacou a imprescind\u00edvel inclus\u00e3o dos aposentados, no que Cardozo se comprometeu a agendar reuni\u00e3o com o Ministro do Planejamento para tratar pessoalmente do assunto. Observou, ainda, ser imperiosa a supress\u00e3o do inciso que determina a realiza\u00e7\u00e3o, pelos Advogados P\u00fablicos Federais, de atividades meramente administrativas, tema sobre o qual o AGU demonstrou perplexidade com a impertin\u00eancia da imposi\u00e7\u00e3o no PL.\n\nA import\u00e2ncia da mobiliza\u00e7\u00e3o realizada em torno da PEC 443 e o relan\u00e7amento da campanha pela PEC 82 tamb\u00e9m foram lembrados durante a reuni\u00e3o. Achilles Frias apontou a forma como a 82 vai ao encontro das necessidades pol\u00edticas do pa\u00eds ao atribuir autonomia aos \u00f3rg\u00e3os de Advocacia P\u00fablica e possibilitar que a sociedade conte com mecanismos concretos de preven\u00e7\u00e3o \u00e0 corru\u00e7\u00e3o. \u201cUma Advocacia P\u00fablica fortalecida em todas as esferas \u00e9 instrumento e condi\u00e7\u00e3o sem a qual n\u00e3o se pode ter um combate efetivo da corrup\u00e7\u00e3o\u201d, destacou o presidente.\n\nPor fim, foi discutido o edital de promo\u00e7\u00e3o dos Procuradores da Fazenda Nacional, cuja promulga\u00e7\u00e3o requer apenas a assinatura do AGU. Ao pedido de celeridade do presidente do SINPROFAZ e em apoio \u00e0 Carreira, Jos\u00e9 Eduardo Cardozo se comprometeu a dar aten\u00e7\u00e3o ao assunto, sobre o qual tratar\u00e1 de imediato.\n\n[gallery link=\"file\" ids=\"3912\"]\n<p style=\"text-align: center;\"><\/p>","_links":{"self":[{"href":"https:\/\/sinprofaz.org.br\/2024\/wp-json\/wp\/v2\/posts\/3910"}],"collection":[{"href":"https:\/\/sinprofaz.org.br\/2024\/wp-json\/wp\/v2\/posts"}],"about":[{"href":"https:\/\/sinprofaz.org.br\/2024\/wp-json\/wp\/v2\/types\/post"}],"author":[{"embeddable":true,"href":"https:\/\/sinprofaz.org.br\/2024\/wp-json\/wp\/v2\/users\/2"}],"replies":[{"embeddable":true,"href":"https:\/\/sinprofaz.org.br\/2024\/wp-json\/wp\/v2\/comments?post=3910"}],"version-history":[{"count":3,"href":"https:\/\/sinprofaz.org.br\/2024\/wp-json\/wp\/v2\/posts\/3910\/revisions"}],"predecessor-version":[{"id":4132,"href":"https:\/\/sinprofaz.org.br\/2024\/wp-json\/wp\/v2\/posts\/3910\/revisions\/4132"}],"wp:featuredmedia":[{"embeddable":true,"href":"https:\/\/sinprofaz.org.br\/2024\/wp-json\/wp\/v2\/media\/3911"}],"wp:attachment":[{"href":"https:\/\/sinprofaz.org.br\/2024\/wp-json\/wp\/v2\/media?parent=3910"}],"wp:term":[{"taxonomy":"category","embeddable":true,"href":"https:\/\/sinprofaz.org.br\/2024\/wp-json\/wp\/v2\/categories?post=3910"},{"taxonomy":"post_tag","embeddable":true,"href":"https:\/\/sinprofaz.org.br\/2024\/wp-json\/wp\/v2\/tags?post=3910"}],"curies":[{"name":"wp","href":"https:\/\/api.w.org\/{rel}","templated":true}]}}