{"id":380,"date":"2011-10-05T16:41:24","date_gmt":"2011-10-05T16:41:24","guid":{"rendered":""},"modified":"-0001-11-30T00:00:00","modified_gmt":"-0001-11-30T03:00:00","slug":"combate-a-sonegacao-e-prioridade-para-o-sindicato","status":"publish","type":"post","link":"https:\/\/sinprofaz.org.br\/2024\/noticias\/combate-a-sonegacao-e-prioridade-para-o-sindicato\/","title":{"rendered":"Combate \u00e0 sonega\u00e7\u00e3o \u00e9 prioridade para o Sindicato"},"content":{"rendered":"<p>O presidente do Allan Titonelli esteve presente na sess\u00e3o de quarta-feira (29\/09) da Comiss\u00e3o de Finan\u00e7as e Tributa\u00e7\u00e3o. Na oportunidade, foi esclarecida aos deputados a import\u00e2ncia da aprova\u00e7\u00e3o do PL 5.696\/2009, o qual objetiva combater a sonega\u00e7\u00e3o fiscal e evitar a concorr\u00eancia desleal, traduzindo numa luta em favor da isonomia fiscal aos contribuintes.<\/p>\n<p>O deputado federal Pauderney Avelino (DEM\/AM), relator do projeto, recomendou a aprova\u00e7\u00e3o nos termos do substitutivo da Comiss\u00e3o de Desenvolvimento Econ\u00f4mico, Ind\u00fastria e Com\u00e9rcio (CDEIC) ao PL 5.696\/2009.<\/p>\n<p>O PL 5.696\/09, de autoria do deputado Paulo Rubem Santiago (PDT\/PE), torna obrigat\u00f3ria apresenta\u00e7\u00e3o do Quadro de S\u00f3cios e Administradores para inscri\u00e7\u00e3o, suspens\u00e3o ou baixa da pessoa jur\u00eddica domiciliada no exterior no Cadastro Nacional de Pessoas Jur\u00eddicas &#8211; CNPJ.<\/p>\n<p>Na mesma sess\u00e3o, o presidente do SINPROFAZ, Allan Titonelli, pediu ao presidente da Comiss\u00e3o de Finan\u00e7as e Tributa\u00e7\u00e3o da C\u00e2mara, deputado Cl\u00e1udio Puty (PT\/PA), a realiza\u00e7\u00e3o de audi\u00eancia p\u00fablica para tratar das condi\u00e7\u00f5es de trabalho e estrutura da PGFN, oportunidade em que se faria o lan\u00e7amento da publica\u00e7\u00e3o \u201cOs N\u00fameros da PGFN\u201d.<\/p>\n<p><b>Reuni\u00e3o com Padre Ton<\/b><\/p>\n<p>Em reuni\u00e3o com o deputado Padre Ton, autor do PL 1.318\/2011, que regulamenta a assist\u00eancia judici\u00e1ria internacional em mat\u00e9ria penal e estabelece mecanismos de preven\u00e7\u00e3o e bloqueio de opera\u00e7\u00f5es suspeitas de lavagem de dinheiro, o presidente do SINPROFAZ ressaltou todo o trabalho que o Sindicato tem feito para o combate \u00e0 sonega\u00e7\u00e3o e lavagem de dinheiro.<\/p>\n<p>Titonelli enfatizou que \u201cmesmo sem haver uma efetiva carreira de apoio, estrutura f\u00edsica, t\u00e9cnica e instrumental adequadas para o exerc\u00edcio das fun\u00e7\u00f5es dos Procuradores da Fazenda Nacional e sem a nomea\u00e7\u00e3o de todo seu quadro de Procuradores, a PGFN apresentou resultados excelentes no ano de 2010, conforme se infere da publica\u00e7\u00e3o \u2018A PGFN em n\u00fameros\u2019. Ocorre que esses resultados n\u00e3o teriam sido atingidos se n\u00e3o fosse a dedica\u00e7\u00e3o e o compromisso com que os Procuradores da Fazenda Nacional exercem suas fun\u00e7\u00f5es. Por essas raz\u00f5es, \u00e9 justific\u00e1vel um maior investimento no \u00f3rg\u00e3o. Em \u00e9poca de an\u00fancio de conten\u00e7\u00e3o de gastos o planejamento estrat\u00e9gico deve ser valorizado, motivo pelo qual o investimento na PGFN \u00e9 lucro, uma vez que, levando em conta os dados de 2010, cada R$ 1,00 (um real) empregado resultou em um retorno de R$ 34,47 (trinta e quatro reais e quarenta e sete centavos) \u00e0 sociedade e ao Estado.\u201d<\/p>\n<p>O deputado gostou do material apresentado e disse que convocaria o SINPROFAZ para participar de todos os debates atinentes aos prop\u00f3sitos defendidos.<\/p>\n","protected":false},"excerpt":{"rendered":"<p>O SINPROFAZ, objetivando dar continuidade \u00e0 sua agenda de combate \u00e0 sonega\u00e7\u00e3o e luta por Justi\u00e7a Fiscal realizou audi\u00eancias importantes na semana passada.<\/p>\n","protected":false},"author":1,"featured_media":0,"comment_status":"closed","ping_status":"open","sticky":false,"template":"","format":"standard","meta":{"footnotes":""},"categories":[8],"tags":[],"featured_image_url":"https:\/\/dummyimage.com\/720x400","character_count":1351,"formatted_date":"05\/10\/2011 - 16:41","contentNovo":"\r\n<p>O presidente do Allan Titonelli esteve presente na sess\u00e3o de quarta-feira (29\/09) da Comiss\u00e3o de Finan\u00e7as e Tributa\u00e7\u00e3o. Na oportunidade, foi esclarecida aos deputados a import\u00e2ncia da aprova\u00e7\u00e3o do PL 5.696\/2009, o qual objetiva combater a sonega\u00e7\u00e3o fiscal e evitar a concorr\u00eancia desleal, traduzindo numa luta em favor da isonomia fiscal aos contribuintes.<\/p>\r\n<p>O deputado federal Pauderney Avelino (DEM\/AM), relator do projeto, recomendou a aprova\u00e7\u00e3o nos termos do substitutivo da Comiss\u00e3o de Desenvolvimento Econ\u00f4mico, Ind\u00fastria e Com\u00e9rcio (CDEIC) ao PL 5.696\/2009.<\/p>\r\n<p>O PL 5.696\/09, de autoria do deputado Paulo Rubem Santiago (PDT\/PE), torna obrigat\u00f3ria apresenta\u00e7\u00e3o do Quadro de S\u00f3cios e Administradores para inscri\u00e7\u00e3o, suspens\u00e3o ou baixa da pessoa jur\u00eddica domiciliada no exterior no Cadastro Nacional de Pessoas Jur\u00eddicas - CNPJ.<\/p>\r\n<p>Na mesma sess\u00e3o, o presidente do SINPROFAZ, Allan Titonelli, pediu ao presidente da Comiss\u00e3o de Finan\u00e7as e Tributa\u00e7\u00e3o da C\u00e2mara, deputado Cl\u00e1udio Puty (PT\/PA), a realiza\u00e7\u00e3o de audi\u00eancia p\u00fablica para tratar das condi\u00e7\u00f5es de trabalho e estrutura da PGFN, oportunidade em que se faria o lan\u00e7amento da publica\u00e7\u00e3o \u201cOs N\u00fameros da PGFN\u201d.<\/p>\r\n<p>Reuni\u00e3o com Padre Ton<\/p>\r\n<p>Em reuni\u00e3o com o deputado Padre Ton, autor do PL 1.318\/2011, que regulamenta a assist\u00eancia judici\u00e1ria internacional em mat\u00e9ria penal e estabelece mecanismos de preven\u00e7\u00e3o e bloqueio de opera\u00e7\u00f5es suspeitas de lavagem de dinheiro, o presidente do SINPROFAZ ressaltou todo o trabalho que o Sindicato tem feito para o combate \u00e0 sonega\u00e7\u00e3o e lavagem de dinheiro.<\/p>\r\n<p>Titonelli enfatizou que \u201cmesmo sem haver uma efetiva carreira de apoio, estrutura f\u00edsica, t\u00e9cnica e instrumental adequadas para o exerc\u00edcio das fun\u00e7\u00f5es dos Procuradores da Fazenda Nacional e sem a nomea\u00e7\u00e3o de todo seu quadro de Procuradores, a PGFN apresentou resultados excelentes no ano de 2010, conforme se infere da publica\u00e7\u00e3o \u2018A PGFN em n\u00fameros\u2019. Ocorre que esses resultados n\u00e3o teriam sido atingidos se n\u00e3o fosse a dedica\u00e7\u00e3o e o compromisso com que os Procuradores da Fazenda Nacional exercem suas fun\u00e7\u00f5es. Por essas raz\u00f5es, \u00e9 justific\u00e1vel um maior investimento no \u00f3rg\u00e3o. Em \u00e9poca de an\u00fancio de conten\u00e7\u00e3o de gastos o planejamento estrat\u00e9gico deve ser valorizado, motivo pelo qual o investimento na PGFN \u00e9 lucro, uma vez que, levando em conta os dados de 2010, cada R$ 1,00 (um real) empregado resultou em um retorno de R$ 34,47 (trinta e quatro reais e quarenta e sete centavos) \u00e0 sociedade e ao Estado.\u201d<\/p>\r\n<p>O deputado gostou do material apresentado e disse que convocaria o SINPROFAZ para participar de todos os debates atinentes aos prop\u00f3sitos defendidos.<\/p>","_links":{"self":[{"href":"https:\/\/sinprofaz.org.br\/2024\/wp-json\/wp\/v2\/posts\/380"}],"collection":[{"href":"https:\/\/sinprofaz.org.br\/2024\/wp-json\/wp\/v2\/posts"}],"about":[{"href":"https:\/\/sinprofaz.org.br\/2024\/wp-json\/wp\/v2\/types\/post"}],"author":[{"embeddable":true,"href":"https:\/\/sinprofaz.org.br\/2024\/wp-json\/wp\/v2\/users\/1"}],"replies":[{"embeddable":true,"href":"https:\/\/sinprofaz.org.br\/2024\/wp-json\/wp\/v2\/comments?post=380"}],"version-history":[{"count":0,"href":"https:\/\/sinprofaz.org.br\/2024\/wp-json\/wp\/v2\/posts\/380\/revisions"}],"wp:attachment":[{"href":"https:\/\/sinprofaz.org.br\/2024\/wp-json\/wp\/v2\/media?parent=380"}],"wp:term":[{"taxonomy":"category","embeddable":true,"href":"https:\/\/sinprofaz.org.br\/2024\/wp-json\/wp\/v2\/categories?post=380"},{"taxonomy":"post_tag","embeddable":true,"href":"https:\/\/sinprofaz.org.br\/2024\/wp-json\/wp\/v2\/tags?post=380"}],"curies":[{"name":"wp","href":"https:\/\/api.w.org\/{rel}","templated":true}]}}