{"id":3799,"date":"2016-03-18T19:21:08","date_gmt":"2016-03-18T19:21:08","guid":{"rendered":"http:\/\/www.sinprofaz.org.br\/2016\/?p=3799"},"modified":"2016-03-21T11:34:23","modified_gmt":"2016-03-21T11:34:23","slug":"entidades-se-reunem-com-colegas-aposentados-para-discutir-atuacao-parlamentar","status":"publish","type":"post","link":"https:\/\/sinprofaz.org.br\/2024\/noticias\/entidades-se-reunem-com-colegas-aposentados-para-discutir-atuacao-parlamentar\/","title":{"rendered":"ENTIDADES SE RE\u00daNEM COM COLEGAS APOSENTADOS PARA DISCUTIR ATUA\u00c7\u00c3O PARLAMENTAR"},"content":{"rendered":"<p>Em reuni\u00e3o de acompanhamento realizada nessa ter\u00e7a-feira (15), em Bras\u00edlia, os presidentes do SINPROFAZ, ANAJUR, ANAFE e ANPPREV se reuniram com os colegas do Movimento dos Advogados P\u00fablicos Aposentados &#8211; MAPA para discutir a atua\u00e7\u00e3o conjunta e articulada para a inclus\u00e3o dos inativos no texto do Projeto de Lei n\u00ba 4.254\/2015, que regulamenta a percep\u00e7\u00e3o dos honor\u00e1rios sucumbenciais pelos Advogados P\u00fablicos.<\/p>\n<p>Durante o encontro, as lideran\u00e7as debateram uma agenda comum de atua\u00e7\u00e3o, refor\u00e7ando a necessidade de uma atua\u00e7\u00e3o efetiva junto aos parlamentares que compor\u00e3o as Comiss\u00f5es Tem\u00e1ticas que analisar\u00e3o o PL.<\/p>\n<p>Os presidentes das entidades reafirmaram o compromisso de manter como prioridade de luta a inclus\u00e3o dos aposentados na percep\u00e7\u00e3o dos honor\u00e1rios. Para tanto, buscar\u00e3o todas as inst\u00e2ncias poss\u00edveis para atingir este objetivo.<\/p>\n\n\t\t<style type=\"text\/css\">\n\t\t\t#gallery-1 {\n\t\t\t\tmargin: auto;\n\t\t\t}\n\t\t\t#gallery-1 .gallery-item {\n\t\t\t\tfloat: left;\n\t\t\t\tmargin-top: 10px;\n\t\t\t\ttext-align: center;\n\t\t\t\twidth: 33%;\n\t\t\t}\n\t\t\t#gallery-1 img {\n\t\t\t\tborder: 2px solid #cfcfcf;\n\t\t\t}\n\t\t\t#gallery-1 .gallery-caption {\n\t\t\t\tmargin-left: 0;\n\t\t\t}\n\t\t\t\/* see gallery_shortcode() in wp-includes\/media.php *\/\n\t\t<\/style>\n\t\t<div id='gallery-1' class='gallery galleryid-3799 gallery-columns-3 gallery-size-thumbnail'><dl class='gallery-item'>\n\t\t\t<dt class='gallery-icon landscape'>\n\t\t\t\t<a href='https:\/\/sinprofaz.org.br\/2024\/wp-content\/uploads\/2016\/03\/027.jpg'><img loading=\"lazy\" decoding=\"async\" width=\"150\" height=\"150\" src=\"https:\/\/sinprofaz.org.br\/2024\/wp-content\/uploads\/2016\/03\/027-150x150.jpg\" class=\"attachment-thumbnail size-thumbnail\" alt=\"\" \/><\/a>\n\t\t\t<\/dt><\/dl><dl class='gallery-item'>\n\t\t\t<dt class='gallery-icon landscape'>\n\t\t\t\t<a href='https:\/\/sinprofaz.org.br\/2024\/wp-content\/uploads\/2016\/03\/034.jpg'><img loading=\"lazy\" decoding=\"async\" width=\"150\" height=\"150\" src=\"https:\/\/sinprofaz.org.br\/2024\/wp-content\/uploads\/2016\/03\/034-150x150.jpg\" class=\"attachment-thumbnail size-thumbnail\" alt=\"\" \/><\/a>\n\t\t\t<\/dt><\/dl>\n\t\t\t<br style='clear: both' \/>\n\t\t<\/div>\n\n","protected":false},"excerpt":{"rendered":"<p>Em reuni\u00e3o nessa ter\u00e7a-feira (15), os presidentes do SINPROFAZ, ANAJUR, ANAFE e ANPPREV se reuniram com colegas do Movimento dos Advogados P\u00fablicos Aposentados &#8211; MAPA.<\/p>\n","protected":false},"author":2,"featured_media":3800,"comment_status":"open","ping_status":"open","sticky":false,"template":"","format":"standard","meta":{"footnotes":""},"categories":[8],"tags":[32,23,33],"featured_image_url":"https:\/\/sinprofaz.org.br\/2024\/wp-content\/uploads\/2016\/03\/0114-800x198.jpg","character_count":621,"formatted_date":"18\/03\/2016 - 19:21","contentNovo":"Em reuni\u00e3o de acompanhamento realizada nessa ter\u00e7a-feira (15), em Bras\u00edlia, os presidentes do SINPROFAZ, ANAJUR, ANAFE e ANPPREV se reuniram com os colegas do Movimento dos Advogados P\u00fablicos Aposentados - MAPA para discutir a atua\u00e7\u00e3o conjunta e articulada para a inclus\u00e3o dos inativos no texto do Projeto de Lei n\u00ba 4.254\/2015, que regulamenta a percep\u00e7\u00e3o dos honor\u00e1rios sucumbenciais pelos Advogados P\u00fablicos.\r\n\r\nDurante o encontro, as lideran\u00e7as debateram uma agenda comum de atua\u00e7\u00e3o, refor\u00e7ando a necessidade de uma atua\u00e7\u00e3o efetiva junto aos parlamentares que compor\u00e3o as Comiss\u00f5es Tem\u00e1ticas que analisar\u00e3o o PL.\r\n\r\nOs presidentes das entidades reafirmaram o compromisso de manter como prioridade de luta a inclus\u00e3o dos aposentados na percep\u00e7\u00e3o dos honor\u00e1rios. Para tanto, buscar\u00e3o todas as inst\u00e2ncias poss\u00edveis para atingir este objetivo.\r\n\r\n[gallery link=\"file\" ids=\"3801,3802\"]","_links":{"self":[{"href":"https:\/\/sinprofaz.org.br\/2024\/wp-json\/wp\/v2\/posts\/3799"}],"collection":[{"href":"https:\/\/sinprofaz.org.br\/2024\/wp-json\/wp\/v2\/posts"}],"about":[{"href":"https:\/\/sinprofaz.org.br\/2024\/wp-json\/wp\/v2\/types\/post"}],"author":[{"embeddable":true,"href":"https:\/\/sinprofaz.org.br\/2024\/wp-json\/wp\/v2\/users\/2"}],"replies":[{"embeddable":true,"href":"https:\/\/sinprofaz.org.br\/2024\/wp-json\/wp\/v2\/comments?post=3799"}],"version-history":[{"count":1,"href":"https:\/\/sinprofaz.org.br\/2024\/wp-json\/wp\/v2\/posts\/3799\/revisions"}],"predecessor-version":[{"id":3803,"href":"https:\/\/sinprofaz.org.br\/2024\/wp-json\/wp\/v2\/posts\/3799\/revisions\/3803"}],"wp:featuredmedia":[{"embeddable":true,"href":"https:\/\/sinprofaz.org.br\/2024\/wp-json\/wp\/v2\/media\/3800"}],"wp:attachment":[{"href":"https:\/\/sinprofaz.org.br\/2024\/wp-json\/wp\/v2\/media?parent=3799"}],"wp:term":[{"taxonomy":"category","embeddable":true,"href":"https:\/\/sinprofaz.org.br\/2024\/wp-json\/wp\/v2\/categories?post=3799"},{"taxonomy":"post_tag","embeddable":true,"href":"https:\/\/sinprofaz.org.br\/2024\/wp-json\/wp\/v2\/tags?post=3799"}],"curies":[{"name":"wp","href":"https:\/\/api.w.org\/{rel}","templated":true}]}}