{"id":373,"date":"2011-10-04T16:56:03","date_gmt":"2011-10-04T16:56:03","guid":{"rendered":""},"modified":"-0001-11-30T00:00:00","modified_gmt":"-0001-11-30T03:00:00","slug":"pfn-ja-pode-opinar-sobre-reforma-do-estatuto-do-sindicato","status":"publish","type":"post","link":"https:\/\/sinprofaz.org.br\/2024\/noticias\/pfn-ja-pode-opinar-sobre-reforma-do-estatuto-do-sindicato\/","title":{"rendered":"PFN j\u00e1 pode opinar sobre reforma do Estatuto do Sindicato"},"content":{"rendered":"<p>Na \u00faltima Assembleia Geral Extraordin\u00e1ria, realizada em 12\/09\/2011, restou confirmada decis\u00e3o encaminhada pela nova Diretoria do Sindicato, no sentido de chamar o debate democr\u00e1tico com o conjunto da categoria acerca de uma ampla reforma do Estatuto do Sindicato.<\/p>\n<p>A Comiss\u00e3o designada para tratar do tema apresentou os termos de uma proposta inicial de &#8220;reforma parcial e transit\u00f3ria&#8221; que contempla, ainda esse ano, tr\u00eas quest\u00f5es de extrema import\u00e2ncia e urg\u00eancia e que, ap\u00f3s as devidas sugest\u00f5es e participa\u00e7\u00f5es, ficou assim definida:<\/p>\n<p>i) possibilidade de convoca\u00e7\u00f5es, intima\u00e7\u00f5es e notifica\u00e7\u00f5es dos filiados por meios eletr\u00f4nicos (e-mail);<\/p>\n<p>ii) possibilidade de delibera\u00e7\u00f5es da categoria por meios eletr\u00f4nicos (vota\u00e7\u00f5es virtuais);<\/p>\n<p>iii) trabalhar, em termos definitivos, uma reforma estatut\u00e1ria completa (atualiza\u00e7\u00e3o integral do texto do estatuto).<\/p>\n<p>Assim, conforme decidido na \u00faltima AGE, cuja convoca\u00e7\u00e3o dos filiados estava consignada expressamente para tal ato independente de medidas ulteriores, seria aberta uma AGE permanente a partir do dia 20\/09\/2011, prorrogando-se os trabalhos por 60 (sessenta) dias, at\u00e9 o dia 19\/11\/2011 (s\u00e1bado), quando ser\u00e1 proclamado o resultado final da vota\u00e7\u00e3o no Encontro Nacional dos Procuradores da Fazenda Nacional, agendado para os dias 17, 18, 19 e 20 de novembro de 2011.<\/p>\n<p>O PFN filiado j\u00e1 pode consultar na \u00e1rea restrita do site os termos da proposta de reforma parcial e transit\u00f3ria, que contempla, inclusive, os tr\u00eas pontos urgentes apontados acima.<\/p>\n","protected":false},"excerpt":{"rendered":"<p>A participa\u00e7\u00e3o dos filiados na Assembleia Geral Extraordin\u00e1ria convocada para tratar do assunto ser\u00e1 garantida tamb\u00e9m por procura\u00e7\u00e3o eletr\u00f4nica postada na \u00e1rea restrita.<\/p>\n","protected":false},"author":1,"featured_media":0,"comment_status":"closed","ping_status":"open","sticky":false,"template":"","format":"standard","meta":{"footnotes":""},"categories":[8],"tags":[],"featured_image_url":"https:\/\/dummyimage.com\/720x400","character_count":772,"formatted_date":"04\/10\/2011 - 16:56","contentNovo":"\r\n<p>Na \u00faltima Assembleia Geral Extraordin\u00e1ria, realizada em 12\/09\/2011, restou confirmada decis\u00e3o encaminhada pela nova Diretoria do Sindicato, no sentido de chamar o debate democr\u00e1tico com o conjunto da categoria acerca de uma ampla reforma do Estatuto do Sindicato.<\/p>\r\n<p>A Comiss\u00e3o designada para tratar do tema apresentou os termos de uma proposta inicial de \"reforma parcial e transit\u00f3ria\" que contempla, ainda esse ano, tr\u00eas quest\u00f5es de extrema import\u00e2ncia e urg\u00eancia e que, ap\u00f3s as devidas sugest\u00f5es e participa\u00e7\u00f5es, ficou assim definida:<\/p>\r\n<p>i) possibilidade de convoca\u00e7\u00f5es, intima\u00e7\u00f5es e notifica\u00e7\u00f5es dos filiados por meios eletr\u00f4nicos (e-mail);<\/p>\r\n<p>ii) possibilidade de delibera\u00e7\u00f5es da categoria por meios eletr\u00f4nicos (vota\u00e7\u00f5es virtuais);<\/p>\r\n<p>iii) trabalhar, em termos definitivos, uma reforma estatut\u00e1ria completa (atualiza\u00e7\u00e3o integral do texto do estatuto).<\/p>\r\n<p>Assim, conforme decidido na \u00faltima AGE, cuja convoca\u00e7\u00e3o dos filiados estava consignada expressamente para tal ato independente de medidas ulteriores, seria aberta uma AGE permanente a partir do dia 20\/09\/2011, prorrogando-se os trabalhos por 60 (sessenta) dias, at\u00e9 o dia 19\/11\/2011 (s\u00e1bado), quando ser\u00e1 proclamado o resultado final da vota\u00e7\u00e3o no Encontro Nacional dos Procuradores da Fazenda Nacional, agendado para os dias 17, 18, 19 e 20 de novembro de 2011.<\/p>\r\n<p>O PFN filiado j\u00e1 pode consultar na \u00e1rea restrita do site os termos da proposta de reforma parcial e transit\u00f3ria, que contempla, inclusive, os tr\u00eas pontos urgentes apontados acima.<\/p>","_links":{"self":[{"href":"https:\/\/sinprofaz.org.br\/2024\/wp-json\/wp\/v2\/posts\/373"}],"collection":[{"href":"https:\/\/sinprofaz.org.br\/2024\/wp-json\/wp\/v2\/posts"}],"about":[{"href":"https:\/\/sinprofaz.org.br\/2024\/wp-json\/wp\/v2\/types\/post"}],"author":[{"embeddable":true,"href":"https:\/\/sinprofaz.org.br\/2024\/wp-json\/wp\/v2\/users\/1"}],"replies":[{"embeddable":true,"href":"https:\/\/sinprofaz.org.br\/2024\/wp-json\/wp\/v2\/comments?post=373"}],"version-history":[{"count":0,"href":"https:\/\/sinprofaz.org.br\/2024\/wp-json\/wp\/v2\/posts\/373\/revisions"}],"wp:attachment":[{"href":"https:\/\/sinprofaz.org.br\/2024\/wp-json\/wp\/v2\/media?parent=373"}],"wp:term":[{"taxonomy":"category","embeddable":true,"href":"https:\/\/sinprofaz.org.br\/2024\/wp-json\/wp\/v2\/categories?post=373"},{"taxonomy":"post_tag","embeddable":true,"href":"https:\/\/sinprofaz.org.br\/2024\/wp-json\/wp\/v2\/tags?post=373"}],"curies":[{"name":"wp","href":"https:\/\/api.w.org\/{rel}","templated":true}]}}