{"id":361,"date":"2011-09-30T17:22:14","date_gmt":"2011-09-30T17:22:14","guid":{"rendered":""},"modified":"-0001-11-30T00:00:00","modified_gmt":"-0001-11-30T03:00:00","slug":"descaso-estacionado","status":"publish","type":"post","link":"https:\/\/sinprofaz.org.br\/2024\/noticias\/descaso-estacionado\/","title":{"rendered":"Nota p\u00fablica SINPROFAZ"},"content":{"rendered":"<p>A falta de estrutura adequada para desempenho das atividades da Procuradoria-Geral da Fazenda Nacional \u00e9 hist\u00f3rica e vem sendo combatida j\u00e1 h\u00e1 muito tempo pelo SINPROFAZ e por todos os Procuradores da Fazenda Nacional, que nos diversos f\u00f3runs onde atuam denunciam, dentre outras mazelas, a falta de instala\u00e7\u00f5es dignas para esses profissionais que garimpam arduamente os recursos com os quais se constroem as pol\u00edticas p\u00fablicas e se mant\u00e9m toda a m\u00e1quina estatal deste pa\u00eds.<\/p>\n<p>N\u00e3o bastasse a falta de estrutura, essa talvez fruto da escassez de recursos, os Procuradores da Fazenda Nacional convivem com a falta de valoriza\u00e7\u00e3o de sua elevada miss\u00e3o institucional, como se houvesse verdadeira campanha para o enfraquecimento do combate \u00e0 sonega\u00e7\u00e3o fiscal e \u00e0 recupera\u00e7\u00e3o de cr\u00e9ditos tribut\u00e1rios de propriedade de todos os brasileiros, cujo pagamento precisa ser exigido judicialmente, necessitando do trabalho duro, <em>mister<\/em> exclusivo dos Procuradores da Fazenda Nacional, desenvolvido com esmero e galhardia, ainda que em condi\u00e7\u00f5es prec\u00e1rias.<\/p>\n<p>Ainda fosse pouco, os membros da PGFN ainda s\u00e3o ferozmente cobrados por quaisquer declara\u00e7\u00f5es que venham a fazer no \u00e2mbito de suas leg\u00edtimas reivindica\u00e7\u00f5es, que antes de serem pleitos corporativos, s\u00e3o demandas por melhores condi\u00e7\u00f5es para desenvolvimento de sua elevada miss\u00e3o.<\/p>\n<p>Lutar pelo aumento do quadro de apoio e sua valoriza\u00e7\u00e3o tamb\u00e9m \u00e9 compromisso dos membros da PGFN. Se n\u00e3o por uma quest\u00e3o de companheirismo funcional, principalmente por uma quest\u00e3o de vis\u00e3o estrat\u00e9gica institucional. Entretanto, na mesma esteira entende-se que o apoio aos Procuradores da Fazenda Nacional deve ser bandeira e miss\u00e3o dos servidores da PGFN, indispens\u00e1veis colaboradores, que, se n\u00e3o podem exercer a atividade fim do \u00f3rg\u00e3o, contribuem para gerar clima organizacional favor\u00e1vel e enfeixam sua energia para dar for\u00e7a \u00e0s prerrogativas dos membros da PGFN, que s\u00e3o exercidas com foco no melhor interesse da Fazenda P\u00fablica.<\/p>\n<p>O perfil combativo \u00e9 marca dos Procuradores, que assim o s\u00e3o em ju\u00edzo, em benef\u00edcio da Fazenda P\u00fablica, e assim tamb\u00e9m se comportam institucionalmente, na busca pelas condi\u00e7\u00f5es ideais para alcan\u00e7ar as metas sempre desafiadoras impostas por um Pa\u00eds em franco desenvolvimento. Os Procuradores n\u00e3o convivem com morda\u00e7a, seja em sua atua\u00e7\u00e3o no Poder Judici\u00e1rio, seja no controle de legalidade dos atos p\u00fablicos dentro do Minist\u00e9rio da Fazenda, seja nos assuntos funcionais e sindicais, ainda aqueles que pare\u00e7am prosaicos e sem maior import\u00e2ncia.<\/p>\n<p>Os Procuradores da Fazenda Nacional est\u00e3o confiantes de que as manifesta\u00e7\u00f5es de desapre\u00e7o decorrem de comportamento isolado de alguns, que n\u00e3o compreenderam a miss\u00e3o da PGFN e a parcela que cabe aos Procuradores no desempenho dela. N\u00e3o entenderam a diferen\u00e7a entre um pleito corporativo e a necessidade de uma gest\u00e3o focada na atividade fim do \u00f3rg\u00e3o, seus objetivos, suas metas, e o senso de prioridade que deve envolver cada decis\u00e3o do administrador p\u00fablico respons\u00e1vel por esses compromissos.<\/p>\n<p>O Sinprofaz se declara solid\u00e1rio as bandeiras de melhoria das condi\u00e7\u00f5es para os servidores de apoio, bandeiras que tamb\u00e9m s\u00e3o dos Procuradores, uma vez que indispens\u00e1veis para o \u00f3rg\u00e3o. Entretanto, faz isso deixando claro que entende que num ambiente de restri\u00e7\u00f5es estruturais (e tamb\u00e9m lutamos contra isso!) toda a prioridade deve ser dada ao membro do \u00f3rg\u00e3o, aquele que por sua atua\u00e7\u00e3o como <em>longa manus<\/em> estatal contribui pessoal e diretamente para os objetivos da entidade. Aquele que \u00e9 constitucionalmente reconhecido como fun\u00e7\u00e3o essencial a justi\u00e7a, que gera os recursos que custeiam toda a atividade do \u00f3rg\u00e3o e sem o qual a PGFN sequer existiria enquanto unidade administrativa.<\/p>\n","protected":false},"excerpt":{"rendered":"<p>O Sindicato Nacional dos Procuradores da Fazenda Nacional, SINPROFAZ, vem de p\u00fablico posicionar-se sobre a pol\u00eamica criada em torno de vagas de estacionamento em algumas unidades da Procuradoria-Geral da Fazenda Nacional.<\/p>\n","protected":false},"author":1,"featured_media":0,"comment_status":"closed","ping_status":"open","sticky":false,"template":"","format":"standard","meta":{"footnotes":""},"categories":[8],"tags":[],"featured_image_url":"https:\/\/dummyimage.com\/720x400","character_count":1892,"formatted_date":"30\/09\/2011 - 17:22","contentNovo":"\r\n<p>A falta de estrutura adequada para desempenho das atividades da Procuradoria-Geral da Fazenda Nacional \u00e9 hist\u00f3rica e vem sendo combatida j\u00e1 h\u00e1 muito tempo pelo SINPROFAZ e por todos os Procuradores da Fazenda Nacional, que nos diversos f\u00f3runs onde atuam denunciam, dentre outras mazelas, a falta de instala\u00e7\u00f5es dignas para esses profissionais que garimpam arduamente os recursos com os quais se constroem as pol\u00edticas p\u00fablicas e se mant\u00e9m toda a m\u00e1quina estatal deste pa\u00eds.<\/p>\r\n<p>N\u00e3o bastasse a falta de estrutura, essa talvez fruto da escassez de recursos, os Procuradores da Fazenda Nacional convivem com a falta de valoriza\u00e7\u00e3o de sua elevada miss\u00e3o institucional, como se houvesse verdadeira campanha para o enfraquecimento do combate \u00e0 sonega\u00e7\u00e3o fiscal e \u00e0 recupera\u00e7\u00e3o de cr\u00e9ditos tribut\u00e1rios de propriedade de todos os brasileiros, cujo pagamento precisa ser exigido judicialmente, necessitando do trabalho duro, <em>mister<\/em> exclusivo dos Procuradores da Fazenda Nacional, desenvolvido com esmero e galhardia, ainda que em condi\u00e7\u00f5es prec\u00e1rias.<\/p>\r\n<p>Ainda fosse pouco, os membros da PGFN ainda s\u00e3o ferozmente cobrados por quaisquer declara\u00e7\u00f5es que venham a fazer no \u00e2mbito de suas leg\u00edtimas reivindica\u00e7\u00f5es, que antes de serem pleitos corporativos, s\u00e3o demandas por melhores condi\u00e7\u00f5es para desenvolvimento de sua elevada miss\u00e3o.<\/p>\r\n<p>Lutar pelo aumento do quadro de apoio e sua valoriza\u00e7\u00e3o tamb\u00e9m \u00e9 compromisso dos membros da PGFN. Se n\u00e3o por uma quest\u00e3o de companheirismo funcional, principalmente por uma quest\u00e3o de vis\u00e3o estrat\u00e9gica institucional. Entretanto, na mesma esteira entende-se que o apoio aos Procuradores da Fazenda Nacional deve ser bandeira e miss\u00e3o dos servidores da PGFN, indispens\u00e1veis colaboradores, que, se n\u00e3o podem exercer a atividade fim do \u00f3rg\u00e3o, contribuem para gerar clima organizacional favor\u00e1vel e enfeixam sua energia para dar for\u00e7a \u00e0s prerrogativas dos membros da PGFN, que s\u00e3o exercidas com foco no melhor interesse da Fazenda P\u00fablica.<\/p>\r\n<p>O perfil combativo \u00e9 marca dos Procuradores, que assim o s\u00e3o em ju\u00edzo, em benef\u00edcio da Fazenda P\u00fablica, e assim tamb\u00e9m se comportam institucionalmente, na busca pelas condi\u00e7\u00f5es ideais para alcan\u00e7ar as metas sempre desafiadoras impostas por um Pa\u00eds em franco desenvolvimento. Os Procuradores n\u00e3o convivem com morda\u00e7a, seja em sua atua\u00e7\u00e3o no Poder Judici\u00e1rio, seja no controle de legalidade dos atos p\u00fablicos dentro do Minist\u00e9rio da Fazenda, seja nos assuntos funcionais e sindicais, ainda aqueles que pare\u00e7am prosaicos e sem maior import\u00e2ncia.<\/p>\r\n<p>Os Procuradores da Fazenda Nacional est\u00e3o confiantes de que as manifesta\u00e7\u00f5es de desapre\u00e7o decorrem de comportamento isolado de alguns, que n\u00e3o compreenderam a miss\u00e3o da PGFN e a parcela que cabe aos Procuradores no desempenho dela. N\u00e3o entenderam a diferen\u00e7a entre um pleito corporativo e a necessidade de uma gest\u00e3o focada na atividade fim do \u00f3rg\u00e3o, seus objetivos, suas metas, e o senso de prioridade que deve envolver cada decis\u00e3o do administrador p\u00fablico respons\u00e1vel por esses compromissos.<\/p>\r\n<p>O Sinprofaz se declara solid\u00e1rio as bandeiras de melhoria das condi\u00e7\u00f5es para os servidores de apoio, bandeiras que tamb\u00e9m s\u00e3o dos Procuradores, uma vez que indispens\u00e1veis para o \u00f3rg\u00e3o. Entretanto, faz isso deixando claro que entende que num ambiente de restri\u00e7\u00f5es estruturais (e tamb\u00e9m lutamos contra isso!) toda a prioridade deve ser dada ao membro do \u00f3rg\u00e3o, aquele que por sua atua\u00e7\u00e3o como <em>longa manus<\/em> estatal contribui pessoal e diretamente para os objetivos da entidade. Aquele que \u00e9 constitucionalmente reconhecido como fun\u00e7\u00e3o essencial a justi\u00e7a, que gera os recursos que custeiam toda a atividade do \u00f3rg\u00e3o e sem o qual a PGFN sequer existiria enquanto unidade administrativa.<\/p>","_links":{"self":[{"href":"https:\/\/sinprofaz.org.br\/2024\/wp-json\/wp\/v2\/posts\/361"}],"collection":[{"href":"https:\/\/sinprofaz.org.br\/2024\/wp-json\/wp\/v2\/posts"}],"about":[{"href":"https:\/\/sinprofaz.org.br\/2024\/wp-json\/wp\/v2\/types\/post"}],"author":[{"embeddable":true,"href":"https:\/\/sinprofaz.org.br\/2024\/wp-json\/wp\/v2\/users\/1"}],"replies":[{"embeddable":true,"href":"https:\/\/sinprofaz.org.br\/2024\/wp-json\/wp\/v2\/comments?post=361"}],"version-history":[{"count":0,"href":"https:\/\/sinprofaz.org.br\/2024\/wp-json\/wp\/v2\/posts\/361\/revisions"}],"wp:attachment":[{"href":"https:\/\/sinprofaz.org.br\/2024\/wp-json\/wp\/v2\/media?parent=361"}],"wp:term":[{"taxonomy":"category","embeddable":true,"href":"https:\/\/sinprofaz.org.br\/2024\/wp-json\/wp\/v2\/categories?post=361"},{"taxonomy":"post_tag","embeddable":true,"href":"https:\/\/sinprofaz.org.br\/2024\/wp-json\/wp\/v2\/tags?post=361"}],"curies":[{"name":"wp","href":"https:\/\/api.w.org\/{rel}","templated":true}]}}