{"id":358,"date":"2011-09-29T17:33:24","date_gmt":"2011-09-29T17:33:24","guid":{"rendered":""},"modified":"-0001-11-30T00:00:00","modified_gmt":"-0001-11-30T03:00:00","slug":"pl-175411-sobre-honorarios-ja-tem-parecer-na-comissao-de-seguranca","status":"publish","type":"post","link":"https:\/\/sinprofaz.org.br\/2024\/noticias\/pl-175411-sobre-honorarios-ja-tem-parecer-na-comissao-de-seguranca\/","title":{"rendered":"PL 1754\/11, sobre honor\u00e1rios, j\u00e1 tem parecer na Comiss\u00e3o de Seguran\u00e7a"},"content":{"rendered":"<p>O projeto, de autoria do deputado Ronaldo Benedet (PMDB\/SC), autoriza que os advogados portem arma de fogo para defesa pessoal e regulamenta o direito de percep\u00e7\u00e3o dos honor\u00e1rios advocat\u00edcios pelos advogados p\u00fablicos.<\/p>\n<p>Como \u00e0 Comiss\u00e3o de Seguran\u00e7a cabe analisar somente o que se refere \u00e0 autoriza\u00e7\u00e3o do porte de arma, Pellegrino manifestou-se favor\u00e1vel \u00e0 aprova\u00e7\u00e3o do projeto, contudo solicitou que o tema seja tratado pela Lei 10.826\/03 (Estatuto do Desarmamento) e n\u00e3o atrav\u00e9s de altera\u00e7\u00e3o no Estatuto da OAB.<\/p>\n<p>Ap\u00f3s a vota\u00e7\u00e3o na Comiss\u00e3o de Seguran\u00e7a, o projeto ser\u00e1 encaminhado para exame conclusivo da Comiss\u00e3o de Constitui\u00e7\u00e3o e Justi\u00e7a e de Cidadania (CCJC), que ir\u00e1 apreciar o m\u00e9rito quanto aos honor\u00e1rios advocat\u00edcios.<\/p>\n<p><b>Trabalho permanente<\/b><\/p>\n<p>Nos \u00faltimos dias, o site do SINPROFAZ tem veiculado v\u00e1rias not\u00edcias sobre a tramita\u00e7\u00e3o de projetos que interessam \u00e0 carreira. Os resultados obtidos, seja no que diz respeito \u00e0 escolha de relatores, seja no que se relaciona \u00e0 apresenta\u00e7\u00e3o de pareceres favor\u00e1veis ao posicionamento da Advocacia P\u00fablica, s\u00e3o fruto do trabalho permanente do Sindicato e Forum Nacional nos corredores do Congresso Nacional.<\/p>\n<p>Na ter\u00e7a-feira (27), o presidente Allan Titonelli e o vice-presidente do SINPROFAZ, Roberto Rodrigues, fizeram novas visitas a parlamentares em continuidade \u00e0s gest\u00f5es pela valoriza\u00e7\u00e3o da Advocacia P\u00fablica Federal e da carreira de Procurador da Fazenda Nacional, tratando de temas afetos aos interesses das carreiras da AGU e da PGFN<\/p>\n<p>Nas conversas, os destaques t\u00eam sido os pleitos do tratamento ison\u00f4mico entre as Fun\u00e7\u00f5es Essenciais \u00e0 Justi\u00e7a, recomposi\u00e7\u00e3o inflacion\u00e1ria da remunera\u00e7\u00e3o, implementa\u00e7\u00e3o de carreira de apoio e necessidade de efetiva\u00e7\u00e3o de todo o quadro efetivo de Procuradores, com a abertura imediata de concurso de ingresso.<\/p>\n<p>Os dirigentes se reuniram com os deputados federais Onofre Santo Agostini (DEM\/SC) e Rog\u00e9rio Peninha Mendon\u00e7a (PMDB\/SC).<\/p>\n<p><i>Foto: J\u00falio Fernandes\/ Arquivo Diap<\/i><\/p>\n","protected":false},"excerpt":{"rendered":"<p>Na segunda (26), o deputado Nelson Pellegrino (PT\/BA) apresentou <a href=\"images\/stories\/pdfs\/relatorio-pl-1754_2011.pdf\" target=\"_blank\">relat\u00f3rio<\/a> pela aprova\u00e7\u00e3o na Comiss\u00e3o de Seguran\u00e7a P\u00fablica e Combate ao Crime Organizado (CSPCCO).<\/p>\n","protected":false},"author":1,"featured_media":0,"comment_status":"closed","ping_status":"open","sticky":false,"template":"","format":"standard","meta":{"footnotes":""},"categories":[8],"tags":[],"featured_image_url":"https:\/\/dummyimage.com\/720x400","character_count":1008,"formatted_date":"29\/09\/2011 - 17:33","contentNovo":"\r\n<p>O projeto, de autoria do deputado Ronaldo Benedet (PMDB\/SC), autoriza que os advogados portem arma de fogo para defesa pessoal e regulamenta o direito de percep\u00e7\u00e3o dos honor\u00e1rios advocat\u00edcios pelos advogados p\u00fablicos.<\/p>\r\n<p>Como \u00e0 Comiss\u00e3o de Seguran\u00e7a cabe analisar somente o que se refere \u00e0 autoriza\u00e7\u00e3o do porte de arma, Pellegrino manifestou-se favor\u00e1vel \u00e0 aprova\u00e7\u00e3o do projeto, contudo solicitou que o tema seja tratado pela Lei 10.826\/03 (Estatuto do Desarmamento) e n\u00e3o atrav\u00e9s de altera\u00e7\u00e3o no Estatuto da OAB.<\/p>\r\n<p>Ap\u00f3s a vota\u00e7\u00e3o na Comiss\u00e3o de Seguran\u00e7a, o projeto ser\u00e1 encaminhado para exame conclusivo da Comiss\u00e3o de Constitui\u00e7\u00e3o e Justi\u00e7a e de Cidadania (CCJC), que ir\u00e1 apreciar o m\u00e9rito quanto aos honor\u00e1rios advocat\u00edcios.<\/p>\r\n<p>Trabalho permanente<\/p>\r\n<p>Nos \u00faltimos dias, o site do SINPROFAZ tem veiculado v\u00e1rias not\u00edcias sobre a tramita\u00e7\u00e3o de projetos que interessam \u00e0 carreira. Os resultados obtidos, seja no que diz respeito \u00e0 escolha de relatores, seja no que se relaciona \u00e0 apresenta\u00e7\u00e3o de pareceres favor\u00e1veis ao posicionamento da Advocacia P\u00fablica, s\u00e3o fruto do trabalho permanente do Sindicato e Forum Nacional nos corredores do Congresso Nacional.<\/p>\r\n<p>Na ter\u00e7a-feira (27), o presidente Allan Titonelli e o vice-presidente do SINPROFAZ, Roberto Rodrigues, fizeram novas visitas a parlamentares em continuidade \u00e0s gest\u00f5es pela valoriza\u00e7\u00e3o da Advocacia P\u00fablica Federal e da carreira de Procurador da Fazenda Nacional, tratando de temas afetos aos interesses das carreiras da AGU e da PGFN<\/p>\r\n<p>Nas conversas, os destaques t\u00eam sido os pleitos do tratamento ison\u00f4mico entre as Fun\u00e7\u00f5es Essenciais \u00e0 Justi\u00e7a, recomposi\u00e7\u00e3o inflacion\u00e1ria da remunera\u00e7\u00e3o, implementa\u00e7\u00e3o de carreira de apoio e necessidade de efetiva\u00e7\u00e3o de todo o quadro efetivo de Procuradores, com a abertura imediata de concurso de ingresso.<\/p>\r\n<p>Os dirigentes se reuniram com os deputados federais Onofre Santo Agostini (DEM\/SC) e Rog\u00e9rio Peninha Mendon\u00e7a (PMDB\/SC).<\/p>\r\n<p>Foto: J\u00falio Fernandes\/ Arquivo Diap<\/p>","_links":{"self":[{"href":"https:\/\/sinprofaz.org.br\/2024\/wp-json\/wp\/v2\/posts\/358"}],"collection":[{"href":"https:\/\/sinprofaz.org.br\/2024\/wp-json\/wp\/v2\/posts"}],"about":[{"href":"https:\/\/sinprofaz.org.br\/2024\/wp-json\/wp\/v2\/types\/post"}],"author":[{"embeddable":true,"href":"https:\/\/sinprofaz.org.br\/2024\/wp-json\/wp\/v2\/users\/1"}],"replies":[{"embeddable":true,"href":"https:\/\/sinprofaz.org.br\/2024\/wp-json\/wp\/v2\/comments?post=358"}],"version-history":[{"count":0,"href":"https:\/\/sinprofaz.org.br\/2024\/wp-json\/wp\/v2\/posts\/358\/revisions"}],"wp:attachment":[{"href":"https:\/\/sinprofaz.org.br\/2024\/wp-json\/wp\/v2\/media?parent=358"}],"wp:term":[{"taxonomy":"category","embeddable":true,"href":"https:\/\/sinprofaz.org.br\/2024\/wp-json\/wp\/v2\/categories?post=358"},{"taxonomy":"post_tag","embeddable":true,"href":"https:\/\/sinprofaz.org.br\/2024\/wp-json\/wp\/v2\/tags?post=358"}],"curies":[{"name":"wp","href":"https:\/\/api.w.org\/{rel}","templated":true}]}}