{"id":353,"date":"2011-09-27T16:49:04","date_gmt":"2011-09-27T16:49:04","guid":{"rendered":""},"modified":"-0001-11-30T00:00:00","modified_gmt":"-0001-11-30T03:00:00","slug":"refis-da-crise-andamento-da-representacao","status":"publish","type":"post","link":"https:\/\/sinprofaz.org.br\/2024\/noticias\/refis-da-crise-andamento-da-representacao\/","title":{"rendered":"Refis da Crise: andamento da Representa\u00e7\u00e3o"},"content":{"rendered":"<p>O procedimento foi autuado sob o n\u00ba. 1.16.000.002463\/2010-71, tendo como objeto o parcelamento fiscal institu\u00eddo pela Lei n.\u00ba 11.941\/09, o conhecido \u201cRefis da Crise\u201d, e a n\u00e3o consolida\u00e7\u00e3o at\u00e9 o momento das d\u00edvidas, nem a cria\u00e7\u00e3o de ferramenta autom\u00e1tica de exclus\u00e3o.<\/p>\n<p>A Diretoria foi informada na ocasi\u00e3o que a den\u00fancia do SINPROFAZ acerca da ilegalidade da Nota T\u00e9cnica Conjunta PGFN\/CDA e RFB\/CODAC n\u00ba 295\/2011, que trata da emiss\u00e3o de certid\u00f5es autom\u00e1ticas pela internet, deram origem a outro procedimento no MPF, autuado sob o n\u00ba 1.16.000.003134\/2011-28.<\/p>\n<p>Na oportunidade, os diretores do SINPROFAZ entregaram a nova vers\u00e3o da publica\u00e7\u00e3o \u201cOs N\u00fameros da PGFN\u201d, demonstrando a sobrecarga de trabalho incidente sobre os Procuradores da Fazenda Nacional. Nesse pormenor, foi ressaltado que, se a aplica\u00e7\u00e3o dos recursos do FUNDAF fosse destinada \u00e0s finalidades descritas na lei, parte desses problemas poderia ser resolvida, o que est\u00e1 demonstrado atrav\u00e9s do Estudo \u201cEncargo Legal e Honor\u00e1rios de Sucumb\u00eancia \u2013 Auditoria do FUNDAF\u201d.<\/p>\n<p>A Procuradora gostou muito do material apresentado e informou que seria aberto um novo procedimento para apurar a gest\u00e3o dos recursos do FUNDAF e o seu reiterado contingenciamento.<\/p>\n","protected":false},"excerpt":{"rendered":"<p>A Diretoria do SINPROFAZ se reuniu recentemente com a Dra. Ana Carolina Maia, Procuradora da Rep\u00fablica respons\u00e1vel pela Representa\u00e7\u00e3o do Refis da Crise.<\/p>\n","protected":false},"author":1,"featured_media":0,"comment_status":"closed","ping_status":"open","sticky":false,"template":"","format":"standard","meta":{"footnotes":""},"categories":[8],"tags":[],"featured_image_url":"https:\/\/dummyimage.com\/720x400","character_count":629,"formatted_date":"27\/09\/2011 - 16:49","contentNovo":"\r\n<p>O procedimento foi autuado sob o n\u00ba. 1.16.000.002463\/2010-71, tendo como objeto o parcelamento fiscal institu\u00eddo pela Lei n.\u00ba 11.941\/09, o conhecido \u201cRefis da Crise\u201d, e a n\u00e3o consolida\u00e7\u00e3o at\u00e9 o momento das d\u00edvidas, nem a cria\u00e7\u00e3o de ferramenta autom\u00e1tica de exclus\u00e3o.<\/p>\r\n<p>A Diretoria foi informada na ocasi\u00e3o que a den\u00fancia do SINPROFAZ acerca da ilegalidade da Nota T\u00e9cnica Conjunta PGFN\/CDA e RFB\/CODAC n\u00ba 295\/2011, que trata da emiss\u00e3o de certid\u00f5es autom\u00e1ticas pela internet, deram origem a outro procedimento no MPF, autuado sob o n\u00ba 1.16.000.003134\/2011-28.<\/p>\r\n<p>Na oportunidade, os diretores do SINPROFAZ entregaram a nova vers\u00e3o da publica\u00e7\u00e3o \u201cOs N\u00fameros da PGFN\u201d, demonstrando a sobrecarga de trabalho incidente sobre os Procuradores da Fazenda Nacional. Nesse pormenor, foi ressaltado que, se a aplica\u00e7\u00e3o dos recursos do FUNDAF fosse destinada \u00e0s finalidades descritas na lei, parte desses problemas poderia ser resolvida, o que est\u00e1 demonstrado atrav\u00e9s do Estudo \u201cEncargo Legal e Honor\u00e1rios de Sucumb\u00eancia \u2013 Auditoria do FUNDAF\u201d.<\/p>\r\n<p>A Procuradora gostou muito do material apresentado e informou que seria aberto um novo procedimento para apurar a gest\u00e3o dos recursos do FUNDAF e o seu reiterado contingenciamento.<\/p>","_links":{"self":[{"href":"https:\/\/sinprofaz.org.br\/2024\/wp-json\/wp\/v2\/posts\/353"}],"collection":[{"href":"https:\/\/sinprofaz.org.br\/2024\/wp-json\/wp\/v2\/posts"}],"about":[{"href":"https:\/\/sinprofaz.org.br\/2024\/wp-json\/wp\/v2\/types\/post"}],"author":[{"embeddable":true,"href":"https:\/\/sinprofaz.org.br\/2024\/wp-json\/wp\/v2\/users\/1"}],"replies":[{"embeddable":true,"href":"https:\/\/sinprofaz.org.br\/2024\/wp-json\/wp\/v2\/comments?post=353"}],"version-history":[{"count":0,"href":"https:\/\/sinprofaz.org.br\/2024\/wp-json\/wp\/v2\/posts\/353\/revisions"}],"wp:attachment":[{"href":"https:\/\/sinprofaz.org.br\/2024\/wp-json\/wp\/v2\/media?parent=353"}],"wp:term":[{"taxonomy":"category","embeddable":true,"href":"https:\/\/sinprofaz.org.br\/2024\/wp-json\/wp\/v2\/categories?post=353"},{"taxonomy":"post_tag","embeddable":true,"href":"https:\/\/sinprofaz.org.br\/2024\/wp-json\/wp\/v2\/tags?post=353"}],"curies":[{"name":"wp","href":"https:\/\/api.w.org\/{rel}","templated":true}]}}