{"id":352,"date":"2011-09-26T16:51:52","date_gmt":"2011-09-26T16:51:52","guid":{"rendered":""},"modified":"-0001-11-30T00:00:00","modified_gmt":"-0001-11-30T03:00:00","slug":"encerramento-do-xi-congresso-internacional-de-direito-tributario","status":"publish","type":"post","link":"https:\/\/sinprofaz.org.br\/2024\/noticias\/encerramento-do-xi-congresso-internacional-de-direito-tributario\/","title":{"rendered":"Encerramento do XI Congresso Internacional de Direito Tribut\u00e1rio"},"content":{"rendered":"<p><img loading=\"lazy\" decoding=\"async\" style=\"margin-right: 10px; border: 1px solid #000000; float: left;\" alt=\"\" src=\"images\/noticias\/qc-xicongresso-092011\/Allan_Joao_Formiga.jpg\" height=\"154\" width=\"218\" \/>O evento ocorreu entre os dias 21 e 23 de setembro em Recife com a participa\u00e7\u00e3o de v\u00e1rios PFNs. O presidente do SINPROFAZ e o diretor administrativo estavam presentes no encerramento.<\/p>\n<p>O tema central do congresso foi Sistema Tribut\u00e1rio e Mercado: Repensando o Estado Fiscal Brasileiro. V\u00e1rios expoentes do direito tribut\u00e1rio brasileiro e do exterior compuseram as bancadas de debates, tamb\u00e9m integradas por Procuradores da Fazenda.<\/p>\n<p>O ex-presidente do SINPROFAZ, Anderson Bitencourt, presidiu palestras e debates relacionados ao tema \u201cAtualidades sobre planejamento tribut\u00e1rio leg\u00edtimo de atos negociados\u201d.<\/p>\n<p>O IPET, organizador do congresso, tamb\u00e9m cedeu espa\u00e7o para a promo\u00e7\u00e3o da Campanha Nacional da Justi\u00e7a Fiscal \u2013 QuantoCustaoBrasilpraVoc\u00ea?<\/p>\n<p>As formiguinhas do SINPROFAZ mostraram ao p\u00fablico do evento a vis\u00e3o de justi\u00e7a fiscal defendida pela Carreira de PFN, que passa pela simplifica\u00e7\u00e3o do sistema tribut\u00e1rio e pelo fortalecimento do combate \u00e0 sonega\u00e7\u00e3o.<\/p>\n<p>Para o presidente do SINPROFAZ, Allan Titonelli, e o diretor de administra\u00e7\u00e3o, Jo\u00e3o Soares, esta foi uma \u00f3tima oportunidade para apresentar as diretrizes da campanha a um p\u00fablico formador de opini\u00e3o, que foi bastante receptivo \u00e0 iniciativa. Depois de passar por aeroportos e outros locais com concentra\u00e7\u00e3o de populares em v\u00e1rias cidades brasileiras, as formiguinhas circularam pela primeira vez num evento de cunho acad\u00eamico.<\/p>\n<p>Al\u00e9m de folhetos da campanha de conscientiza\u00e7\u00e3o tribut\u00e1ria, foram distribu\u00eddas publica\u00e7\u00f5es que demonstram a imprescindibilidade do Procurador da Fazenda Nacional e a urgente necessidade de estrutura\u00e7\u00e3o da PGFN, como o Manual do Contribuinte, a Revista Justi\u00e7a Fiscal e a nova edi\u00e7\u00e3o do relat\u00f3rio Os N\u00fameros da PGFN.<\/p>\n<p>Outra atra\u00e7\u00e3o no congresso foi a montagem da&nbsp;<em>Feira de Impostos,&nbsp;<\/em>onde houve divulga\u00e7\u00e3o permanente do&nbsp;<em>Jogo da Formiga<\/em>, uma das atra\u00e7\u00f5es da Campanha Nacional da Justi\u00e7a Fiscal \u2013 QuantoCustaoBrasilpraVoc\u00ea?<\/p>\n<p><img loading=\"lazy\" decoding=\"async\" style=\"margin-top: 5px; margin-right: 5px; border: 1px solid #000000; float: left;\" alt=\"\" src=\"images\/noticias\/qc-xicongresso-092011\/Congressistas_formiguinha.jpg\" height=\"154\" width=\"218\" \/>&nbsp;<img loading=\"lazy\" decoding=\"async\" style=\"margin-top: 5px; margin-right: 5px; border: 1px solid #000000; float: left;\" alt=\"\" src=\"images\/noticias\/qc-xicongresso-092011\/formiga_XI_Congresso.jpg\" height=\"154\" width=\"218\" \/>&nbsp;<img loading=\"lazy\" decoding=\"async\" style=\"margin-top: 5px; margin-right: 5px; border: 1px solid #000000; float: left;\" alt=\"\" src=\"images\/noticias\/qc-xicongresso-092011\/Hugo_de-Brito_Anderson.jpg\" height=\"154\" width=\"218\" \/>&nbsp;<img loading=\"lazy\" decoding=\"async\" style=\"border: 1px solid #000000; margin-top: 5px; margin-right: 5px; float: left;\" alt=\"\" src=\"images\/noticias\/qc-xicongresso-092011\/IMG_1767.jpg\" height=\"154\" width=\"218\" \/>&nbsp;<img loading=\"lazy\" decoding=\"async\" style=\"margin-top: 5px; margin-right: 5px; border: 1px solid #000000; float: left;\" alt=\"\" src=\"images\/noticias\/qc-xicongresso-092011\/IMG_2011.jpg\" height=\"154\" width=\"218\" \/>&nbsp;<img loading=\"lazy\" decoding=\"async\" style=\"margin-right: 5px; margin-top: 5px; border: 1px solid #000000; float: left;\" alt=\"\" src=\"images\/noticias\/qc-xicongresso-092011\/palestra.jpg\" height=\"154\" width=\"218\" \/><\/p>\n","protected":false},"excerpt":{"rendered":"<p>O evento ocorreu entre os dias 21 e 23 de setembro em Recife com a participa\u00e7\u00e3o de v\u00e1rios PFNs. O presidente do SINPROFAZ e o diretor administrativo estavam presentes no encerramento.<\/p>\n","protected":false},"author":1,"featured_media":0,"comment_status":"closed","ping_status":"open","sticky":false,"template":"","format":"standard","meta":{"footnotes":""},"categories":[8],"tags":[],"featured_image_url":"https:\/\/dummyimage.com\/720x400","character_count":1007,"formatted_date":"26\/09\/2011 - 16:51","contentNovo":"\r\n<p>O evento ocorreu entre os dias 21 e 23 de setembro em Recife com a participa\u00e7\u00e3o de v\u00e1rios PFNs. O presidente do SINPROFAZ e o diretor administrativo estavam presentes no encerramento.<\/p>\r\n<p>O tema central do congresso foi Sistema Tribut\u00e1rio e Mercado: Repensando o Estado Fiscal Brasileiro. V\u00e1rios expoentes do direito tribut\u00e1rio brasileiro e do exterior compuseram as bancadas de debates, tamb\u00e9m integradas por Procuradores da Fazenda.<\/p>\r\n<p>O ex-presidente do SINPROFAZ, Anderson Bitencourt, presidiu palestras e debates relacionados ao tema \u201cAtualidades sobre planejamento tribut\u00e1rio leg\u00edtimo de atos negociados\u201d.<\/p>\r\n<p>O IPET, organizador do congresso, tamb\u00e9m cedeu espa\u00e7o para a promo\u00e7\u00e3o da Campanha Nacional da Justi\u00e7a Fiscal \u2013 QuantoCustaoBrasilpraVoc\u00ea?<\/p>\r\n<p>As formiguinhas do SINPROFAZ mostraram ao p\u00fablico do evento a vis\u00e3o de justi\u00e7a fiscal defendida pela Carreira de PFN, que passa pela simplifica\u00e7\u00e3o do sistema tribut\u00e1rio e pelo fortalecimento do combate \u00e0 sonega\u00e7\u00e3o.<\/p>\r\n<p>Para o presidente do SINPROFAZ, Allan Titonelli, e o diretor de administra\u00e7\u00e3o, Jo\u00e3o Soares, esta foi uma \u00f3tima oportunidade para apresentar as diretrizes da campanha a um p\u00fablico formador de opini\u00e3o, que foi bastante receptivo \u00e0 iniciativa. Depois de passar por aeroportos e outros locais com concentra\u00e7\u00e3o de populares em v\u00e1rias cidades brasileiras, as formiguinhas circularam pela primeira vez num evento de cunho acad\u00eamico.<\/p>\r\n<p>Al\u00e9m de folhetos da campanha de conscientiza\u00e7\u00e3o tribut\u00e1ria, foram distribu\u00eddas publica\u00e7\u00f5es que demonstram a imprescindibilidade do Procurador da Fazenda Nacional e a urgente necessidade de estrutura\u00e7\u00e3o da PGFN, como o Manual do Contribuinte, a Revista Justi\u00e7a Fiscal e a nova edi\u00e7\u00e3o do relat\u00f3rio Os N\u00fameros da PGFN.<\/p>\r\n<p>Outra atra\u00e7\u00e3o no congresso foi a montagem da&nbsp;<em>Feira de Impostos,&nbsp;<\/em>onde houve divulga\u00e7\u00e3o permanente do&nbsp;<em>Jogo da Formiga<\/em>, uma das atra\u00e7\u00f5es da Campanha Nacional da Justi\u00e7a Fiscal \u2013 QuantoCustaoBrasilpraVoc\u00ea?<\/p>\r\n<p>&nbsp;&nbsp;&nbsp;&nbsp;&nbsp;<\/p>","_links":{"self":[{"href":"https:\/\/sinprofaz.org.br\/2024\/wp-json\/wp\/v2\/posts\/352"}],"collection":[{"href":"https:\/\/sinprofaz.org.br\/2024\/wp-json\/wp\/v2\/posts"}],"about":[{"href":"https:\/\/sinprofaz.org.br\/2024\/wp-json\/wp\/v2\/types\/post"}],"author":[{"embeddable":true,"href":"https:\/\/sinprofaz.org.br\/2024\/wp-json\/wp\/v2\/users\/1"}],"replies":[{"embeddable":true,"href":"https:\/\/sinprofaz.org.br\/2024\/wp-json\/wp\/v2\/comments?post=352"}],"version-history":[{"count":0,"href":"https:\/\/sinprofaz.org.br\/2024\/wp-json\/wp\/v2\/posts\/352\/revisions"}],"wp:attachment":[{"href":"https:\/\/sinprofaz.org.br\/2024\/wp-json\/wp\/v2\/media?parent=352"}],"wp:term":[{"taxonomy":"category","embeddable":true,"href":"https:\/\/sinprofaz.org.br\/2024\/wp-json\/wp\/v2\/categories?post=352"},{"taxonomy":"post_tag","embeddable":true,"href":"https:\/\/sinprofaz.org.br\/2024\/wp-json\/wp\/v2\/tags?post=352"}],"curies":[{"name":"wp","href":"https:\/\/api.w.org\/{rel}","templated":true}]}}