{"id":338,"date":"2011-09-20T12:20:46","date_gmt":"2011-09-20T12:20:46","guid":{"rendered":""},"modified":"-0001-11-30T00:00:00","modified_gmt":"-0001-11-30T03:00:00","slug":"sinprofaz-no-xi-congresso-internacional-de-direito-tributario","status":"publish","type":"post","link":"https:\/\/sinprofaz.org.br\/2024\/noticias\/sinprofaz-no-xi-congresso-internacional-de-direito-tributario\/","title":{"rendered":"SINPROFAZ no XI Congresso Internacional de Direito Tribut\u00e1rio"},"content":{"rendered":"<p>O evento ter\u00e1 in\u00edcio amanh\u00e3, 21, e prossegue at\u00e9 a sexta-feira, 23 de setembro, na cidade de Recife. Em sua 11\u00aa edi\u00e7\u00e3o, o tema central do congresso ser\u00e1 <em>Sistema Tribut\u00e1rio e Mercado: Repensando o Estado Fiscal Brasileiro.<\/em><\/p>\n<p>V\u00e1rios expoentes do direito tribut\u00e1rio brasileiro e do exterior ir\u00e3o compor as bancadas de debates do congresso.<\/p>\n<p>Durante os ciclos de palestras, duas mesas ser\u00e3o comandadas por ex-presidentes do SINPROFAZ. Jo\u00e3o Carlos Souto ser\u00e1 o presidente da mesa que abordar\u00e1 \u201cDesenvolvimento, medidas antic\u00edclicas e reforma tribut\u00e1ria \u2013 O papel da pol\u00edtica tribut\u00e1ria: entre a estabilidade fiscal e os incentivos regionais e setoriais\u201d. Anderson Bitencourt presidir\u00e1 palestras e debates relacionados ao tema \u201cAtualidades sobre planejamento tribut\u00e1rio leg\u00edtimo de atos negociados\u201d.<\/p>\n<p>O IPET tamb\u00e9m cedeu espa\u00e7o para a promo\u00e7\u00e3o da Campanha Nacional da Justi\u00e7a Fiscal \u2013 <em>QuantoCustaoBrasilpraVoc\u00ea?.<\/em><\/p>\n<p>As formiguinhas do SINPROFAZ v\u00e3o levar, para um p\u00fablico formador de opini\u00e3o, composto em sua maioria por advogados tributaristas e estudantes de direito, a vis\u00e3o de justi\u00e7a fiscal defendida pela Carreira de PFN, que passa pela simplifica\u00e7\u00e3o do sistema tribut\u00e1rio e pelo fortalecimento do combate \u00e0 sonega\u00e7\u00e3o.<\/p>\n<p>Al\u00e9m de folhetos da campanha de conscientiza\u00e7\u00e3o tribut\u00e1ria, ser\u00e3o distribu\u00eddas publica\u00e7\u00f5es que demonstram a imprescindibilidade do Procurador da Fazenda Nacional e a urgente necessidade de estrutura\u00e7\u00e3o da PGFN, como o Manual do Contribuinte, a Revista Justi\u00e7a Fiscal e a nova edi\u00e7\u00e3o do relat\u00f3rio Os N\u00fameros da PGFN.<\/p>\n","protected":false},"excerpt":{"rendered":"<p>Esta semana, o SINPROFAZ participar\u00e1 de mais uma edi\u00e7\u00e3o do Congresso Internacional de Direito Tribut\u00e1rio, evento promovido pelo IPET \u2013 Instituto Pernambucano de Estudos Tribut\u00e1rios.<\/p>\n","protected":false},"author":1,"featured_media":0,"comment_status":"closed","ping_status":"open","sticky":false,"template":"","format":"standard","meta":{"footnotes":""},"categories":[8],"tags":[],"featured_image_url":"https:\/\/dummyimage.com\/720x400","character_count":798,"formatted_date":"20\/09\/2011 - 12:20","contentNovo":"\r\n<p>O evento ter\u00e1 in\u00edcio amanh\u00e3, 21, e prossegue at\u00e9 a sexta-feira, 23 de setembro, na cidade de Recife. Em sua 11\u00aa edi\u00e7\u00e3o, o tema central do congresso ser\u00e1 <em>Sistema Tribut\u00e1rio e Mercado: Repensando o Estado Fiscal Brasileiro.<\/em><\/p>\r\n<p>V\u00e1rios expoentes do direito tribut\u00e1rio brasileiro e do exterior ir\u00e3o compor as bancadas de debates do congresso.<\/p>\r\n<p>Durante os ciclos de palestras, duas mesas ser\u00e3o comandadas por ex-presidentes do SINPROFAZ. Jo\u00e3o Carlos Souto ser\u00e1 o presidente da mesa que abordar\u00e1 \u201cDesenvolvimento, medidas antic\u00edclicas e reforma tribut\u00e1ria \u2013 O papel da pol\u00edtica tribut\u00e1ria: entre a estabilidade fiscal e os incentivos regionais e setoriais\u201d. Anderson Bitencourt presidir\u00e1 palestras e debates relacionados ao tema \u201cAtualidades sobre planejamento tribut\u00e1rio leg\u00edtimo de atos negociados\u201d.<\/p>\r\n<p>O IPET tamb\u00e9m cedeu espa\u00e7o para a promo\u00e7\u00e3o da Campanha Nacional da Justi\u00e7a Fiscal \u2013 <em>QuantoCustaoBrasilpraVoc\u00ea?.<\/em><\/p>\r\n<p>As formiguinhas do SINPROFAZ v\u00e3o levar, para um p\u00fablico formador de opini\u00e3o, composto em sua maioria por advogados tributaristas e estudantes de direito, a vis\u00e3o de justi\u00e7a fiscal defendida pela Carreira de PFN, que passa pela simplifica\u00e7\u00e3o do sistema tribut\u00e1rio e pelo fortalecimento do combate \u00e0 sonega\u00e7\u00e3o.<\/p>\r\n<p>Al\u00e9m de folhetos da campanha de conscientiza\u00e7\u00e3o tribut\u00e1ria, ser\u00e3o distribu\u00eddas publica\u00e7\u00f5es que demonstram a imprescindibilidade do Procurador da Fazenda Nacional e a urgente necessidade de estrutura\u00e7\u00e3o da PGFN, como o Manual do Contribuinte, a Revista Justi\u00e7a Fiscal e a nova edi\u00e7\u00e3o do relat\u00f3rio Os N\u00fameros da PGFN.<\/p>","_links":{"self":[{"href":"https:\/\/sinprofaz.org.br\/2024\/wp-json\/wp\/v2\/posts\/338"}],"collection":[{"href":"https:\/\/sinprofaz.org.br\/2024\/wp-json\/wp\/v2\/posts"}],"about":[{"href":"https:\/\/sinprofaz.org.br\/2024\/wp-json\/wp\/v2\/types\/post"}],"author":[{"embeddable":true,"href":"https:\/\/sinprofaz.org.br\/2024\/wp-json\/wp\/v2\/users\/1"}],"replies":[{"embeddable":true,"href":"https:\/\/sinprofaz.org.br\/2024\/wp-json\/wp\/v2\/comments?post=338"}],"version-history":[{"count":0,"href":"https:\/\/sinprofaz.org.br\/2024\/wp-json\/wp\/v2\/posts\/338\/revisions"}],"wp:attachment":[{"href":"https:\/\/sinprofaz.org.br\/2024\/wp-json\/wp\/v2\/media?parent=338"}],"wp:term":[{"taxonomy":"category","embeddable":true,"href":"https:\/\/sinprofaz.org.br\/2024\/wp-json\/wp\/v2\/categories?post=338"},{"taxonomy":"post_tag","embeddable":true,"href":"https:\/\/sinprofaz.org.br\/2024\/wp-json\/wp\/v2\/tags?post=338"}],"curies":[{"name":"wp","href":"https:\/\/api.w.org\/{rel}","templated":true}]}}