{"id":3357,"date":"2016-03-10T18:38:01","date_gmt":"2016-03-10T18:38:01","guid":{"rendered":"http:\/\/www.sinprofaz.org.br\/2016\/?p=3357"},"modified":"2016-03-11T20:04:11","modified_gmt":"2016-03-11T20:04:11","slug":"luiz-carlos-hauly-prestigia-solenidade-no-congresso-nacional","status":"publish","type":"post","link":"https:\/\/sinprofaz.org.br\/2024\/noticias\/luiz-carlos-hauly-prestigia-solenidade-no-congresso-nacional\/","title":{"rendered":"LUIZ CARLOS HAULY PRESTIGIA SOLENIDADE NO CONGRESSO NACIONAL"},"content":{"rendered":"<p>O deputado federal Luiz Carlos Hauly (PSDB\/PR) participou da sess\u00e3o solene pelo Dia Nacional da Advocacia P\u00fablica. Durante a cerim\u00f4nia, realizada no dia 8 de mar\u00e7o, na C\u00e2mara do Deputados, o parlamentar concedeu entrevista, na qual falou sobre a import\u00e2ncia do trabalho desempenhado pelo advogados p\u00fablicos no pa\u00eds.<\/p>\n<p>\u201cO Procurador, defensor do Estado, tem papel fundamental no contencioso tribut\u00e1rio, administrativo, patrimonial. \u00c9 uma estrutura da maior import\u00e2ncia e, por isso, merece ter autonomia. \u00c9 uma categoria pela qual tenho admira\u00e7\u00e3o e respeito e, como homem p\u00fablico, zelo para que ela seja realmente uma atividade de Estado e n\u00e3o de governo\u201d, destacou o deputado.<\/p>\n<p>Confira a entrevista completa: <a href=\"https:\/\/www.youtube.com\/watch?v=oiJb92PKbzg\" target=\"_blank\">https:\/\/www.youtube.com\/watch?v=oiJb92PKbzg<\/a><\/p>\n<p><iframe loading=\"lazy\" src=\"http:\/\/www.youtube.com\/embed\/oiJb92PKbzg?autohide=2&amp;autoplay=0&amp;controls=0&amp;disablekb=0&amp;fs=0&amp;hd=0&amp;loop=0&amp;rel=0&amp;showinfo=0&amp;showsearch=0&amp;wmode=transparent&amp;enablejsapi=1\" width=\"218\" height=\"157\"><\/iframe><\/p>\n","protected":false},"excerpt":{"rendered":"<p>O deputado participou da sess\u00e3o solene pelo Dia Nacional da Advocacia P\u00fablica e concedeu entrevista, na qual falou sobre a import\u00e2ncia do trabalho dos advogados p\u00fablicos no pa\u00eds.<\/p>\n","protected":false},"author":2,"featured_media":3358,"comment_status":"open","ping_status":"open","sticky":false,"template":"","format":"standard","meta":{"footnotes":""},"categories":[8],"tags":[36,32,29],"featured_image_url":"https:\/\/sinprofaz.org.br\/2024\/wp-content\/uploads\/2016\/03\/0111-607x198.jpg","character_count":385,"formatted_date":"10\/03\/2016 - 18:38","contentNovo":"O deputado federal Luiz Carlos Hauly (PSDB\/PR) participou da sess\u00e3o solene pelo Dia Nacional da Advocacia P\u00fablica. Durante a cerim\u00f4nia, realizada no dia 8 de mar\u00e7o, na C\u00e2mara do Deputados, o parlamentar concedeu entrevista, na qual falou sobre a import\u00e2ncia do trabalho desempenhado pelo advogados p\u00fablicos no pa\u00eds.\r\n\r\n\u201cO Procurador, defensor do Estado, tem papel fundamental no contencioso tribut\u00e1rio, administrativo, patrimonial. \u00c9 uma estrutura da maior import\u00e2ncia e, por isso, merece ter autonomia. \u00c9 uma categoria pela qual tenho admira\u00e7\u00e3o e respeito e, como homem p\u00fablico, zelo para que ela seja realmente uma atividade de Estado e n\u00e3o de governo\u201d, destacou o deputado.\r\n\r\nConfira a entrevista completa: <a href=\"https:\/\/www.youtube.com\/watch?v=oiJb92PKbzg\" target=\"_blank\">https:\/\/www.youtube.com\/watch?v=oiJb92PKbzg<\/a>\r\n\r\n","_links":{"self":[{"href":"https:\/\/sinprofaz.org.br\/2024\/wp-json\/wp\/v2\/posts\/3357"}],"collection":[{"href":"https:\/\/sinprofaz.org.br\/2024\/wp-json\/wp\/v2\/posts"}],"about":[{"href":"https:\/\/sinprofaz.org.br\/2024\/wp-json\/wp\/v2\/types\/post"}],"author":[{"embeddable":true,"href":"https:\/\/sinprofaz.org.br\/2024\/wp-json\/wp\/v2\/users\/2"}],"replies":[{"embeddable":true,"href":"https:\/\/sinprofaz.org.br\/2024\/wp-json\/wp\/v2\/comments?post=3357"}],"version-history":[{"count":1,"href":"https:\/\/sinprofaz.org.br\/2024\/wp-json\/wp\/v2\/posts\/3357\/revisions"}],"predecessor-version":[{"id":3359,"href":"https:\/\/sinprofaz.org.br\/2024\/wp-json\/wp\/v2\/posts\/3357\/revisions\/3359"}],"wp:featuredmedia":[{"embeddable":true,"href":"https:\/\/sinprofaz.org.br\/2024\/wp-json\/wp\/v2\/media\/3358"}],"wp:attachment":[{"href":"https:\/\/sinprofaz.org.br\/2024\/wp-json\/wp\/v2\/media?parent=3357"}],"wp:term":[{"taxonomy":"category","embeddable":true,"href":"https:\/\/sinprofaz.org.br\/2024\/wp-json\/wp\/v2\/categories?post=3357"},{"taxonomy":"post_tag","embeddable":true,"href":"https:\/\/sinprofaz.org.br\/2024\/wp-json\/wp\/v2\/tags?post=3357"}],"curies":[{"name":"wp","href":"https:\/\/api.w.org\/{rel}","templated":true}]}}