{"id":3345,"date":"2016-03-10T10:17:02","date_gmt":"2016-03-10T10:17:02","guid":{"rendered":"http:\/\/www.sinprofaz.org.br\/2016\/?p=3345"},"modified":"2016-03-11T18:58:46","modified_gmt":"2016-03-11T18:58:46","slug":"deputada-erika-kokay-participa-de-solenidade-no-dia-da-advocacia-publica","status":"publish","type":"post","link":"https:\/\/sinprofaz.org.br\/2024\/noticias\/deputada-erika-kokay-participa-de-solenidade-no-dia-da-advocacia-publica\/","title":{"rendered":"DEPUTADA \u00c9RIKA KOKAY PARTICIPA DE SOLENIDADE NO DIA DA ADVOCACIA P\u00daBLICA"},"content":{"rendered":"<p>No Dia Nacional da Advocacia P\u00fablica, comemorado em sess\u00e3o solene na C\u00e2mara dos Deputados no dia 8 de mar\u00e7o, as advogadas receberam homenagens especiais pelo Dia Internacional da Mulher. A data foi lembrada em discursos de parlamentares que participaram da solenidade. Em entrevista, a deputada \u00c9rika Kokay (PT\/DF) destacou o trabalho exercido pelos advogados p\u00fablicos na defesa dos direitos das mulheres brasileiras:<\/p>\n<p>\u201cOs Advogados P\u00fablicos lutam para que possamos romper a l\u00f3gica patrimonialista que alimenta uma postura expressa atrav\u00e9s do machismo. Quando voc\u00ea enfrenta o patrimonialismo e defende o Estado republicano voc\u00ea, em verdade, defende uma cultura que diz que as mulheres t\u00eam direito a viver sua humanidade. Portanto, a Advocacia luta pelo resgaste de direito n\u00e3o apenas quando recupera recursos tirados de forma indevida do pa\u00eds, mas quando recupera o direito que foi violado.\u201d<\/p>\n<p>Confira o depoimento completo: <a href=\"https:\/\/www.youtube.com\/watch?v=4m8_YZjLSlk\" target=\"_blank\">https:\/\/www.youtube.com\/watch?v=4m8_YZjLSlk<\/a><\/p>\n<p><iframe loading=\"lazy\" src=\"http:\/\/www.youtube.com\/embed\/4m8_YZjLSlk?autohide=2&amp;autoplay=0&amp;controls=0&amp;disablekb=0&amp;fs=0&amp;hd=0&amp;loop=0&amp;rel=0&amp;showinfo=0&amp;showsearch=0&amp;wmode=transparent&amp;enablejsapi=1\" width=\"218\" height=\"157\"><\/iframe><\/p>\n","protected":false},"excerpt":{"rendered":"<p>Durante sess\u00e3o solene pelo Dia Nacional da Advocacia P\u00fablica, \u00c9rika Kokay destacou o trabalho dos advogados p\u00fablicos na defesa dos direitos da mulher.<\/p>\n","protected":false},"author":2,"featured_media":3346,"comment_status":"open","ping_status":"open","sticky":false,"template":"","format":"standard","meta":{"footnotes":""},"categories":[8],"tags":[34,28,29],"featured_image_url":"https:\/\/sinprofaz.org.br\/2024\/wp-content\/uploads\/2016\/03\/018-578x198.jpg","character_count":493,"formatted_date":"10\/03\/2016 - 10:17","contentNovo":"No Dia Nacional da Advocacia P\u00fablica, comemorado em sess\u00e3o solene na C\u00e2mara dos Deputados no dia 8 de mar\u00e7o, as advogadas receberam homenagens especiais pelo Dia Internacional da Mulher. A data foi lembrada em discursos de parlamentares que participaram da solenidade. Em entrevista, a deputada \u00c9rika Kokay (PT\/DF) destacou o trabalho exercido pelos advogados p\u00fablicos na defesa dos direitos das mulheres brasileiras:\r\n\r\n\u201cOs Advogados P\u00fablicos lutam para que possamos romper a l\u00f3gica patrimonialista que alimenta uma postura expressa atrav\u00e9s do machismo. Quando voc\u00ea enfrenta o patrimonialismo e defende o Estado republicano voc\u00ea, em verdade, defende uma cultura que diz que as mulheres t\u00eam direito a viver sua humanidade. Portanto, a Advocacia luta pelo resgaste de direito n\u00e3o apenas quando recupera recursos tirados de forma indevida do pa\u00eds, mas quando recupera o direito que foi violado.\u201d\r\n\r\nConfira o depoimento completo: <a href=\"https:\/\/www.youtube.com\/watch?v=4m8_YZjLSlk\" target=\"_blank\">https:\/\/www.youtube.com\/watch?v=4m8_YZjLSlk<\/a>\r\n\r\n","_links":{"self":[{"href":"https:\/\/sinprofaz.org.br\/2024\/wp-json\/wp\/v2\/posts\/3345"}],"collection":[{"href":"https:\/\/sinprofaz.org.br\/2024\/wp-json\/wp\/v2\/posts"}],"about":[{"href":"https:\/\/sinprofaz.org.br\/2024\/wp-json\/wp\/v2\/types\/post"}],"author":[{"embeddable":true,"href":"https:\/\/sinprofaz.org.br\/2024\/wp-json\/wp\/v2\/users\/2"}],"replies":[{"embeddable":true,"href":"https:\/\/sinprofaz.org.br\/2024\/wp-json\/wp\/v2\/comments?post=3345"}],"version-history":[{"count":2,"href":"https:\/\/sinprofaz.org.br\/2024\/wp-json\/wp\/v2\/posts\/3345\/revisions"}],"predecessor-version":[{"id":3356,"href":"https:\/\/sinprofaz.org.br\/2024\/wp-json\/wp\/v2\/posts\/3345\/revisions\/3356"}],"wp:featuredmedia":[{"embeddable":true,"href":"https:\/\/sinprofaz.org.br\/2024\/wp-json\/wp\/v2\/media\/3346"}],"wp:attachment":[{"href":"https:\/\/sinprofaz.org.br\/2024\/wp-json\/wp\/v2\/media?parent=3345"}],"wp:term":[{"taxonomy":"category","embeddable":true,"href":"https:\/\/sinprofaz.org.br\/2024\/wp-json\/wp\/v2\/categories?post=3345"},{"taxonomy":"post_tag","embeddable":true,"href":"https:\/\/sinprofaz.org.br\/2024\/wp-json\/wp\/v2\/tags?post=3345"}],"curies":[{"name":"wp","href":"https:\/\/api.w.org\/{rel}","templated":true}]}}