{"id":327,"date":"2011-09-16T12:43:14","date_gmt":"2011-09-16T12:43:14","guid":{"rendered":""},"modified":"-0001-11-30T00:00:00","modified_gmt":"-0001-11-30T03:00:00","slug":"presidente-e-vice-do-sinprofaz-em-atuacao-permanente-no-congresso","status":"publish","type":"post","link":"https:\/\/sinprofaz.org.br\/2024\/noticias\/presidente-e-vice-do-sinprofaz-em-atuacao-permanente-no-congresso\/","title":{"rendered":"Presidente e vice do SINPROFAZ em atua\u00e7\u00e3o permanente no Congresso"},"content":{"rendered":"<p><img loading=\"lazy\" decoding=\"async\" style=\"margin-top: 5px; margin-right: 5px; border: 1px solid #000000; float: left;\" alt=\"\" src=\"images\/noticias\/20110916_cleber_arnaldo_lucia\/DSC_2970.jpg\" height=\"154\" width=\"218\" \/>Em continuidade ao trabalho parlamentar desenvolvido pelo Forum Nacional, o presidente Allan Titonelli realizou visitas aos parlamentares que integram a Comiss\u00e3o Especial da PEC 443\/09 que contempla as carreiras da Advocacia P\u00fablica.<\/p>\n<p>O presidente visitou os deputados Cl\u00e9ber Verde (PRB\/MA) e Arnaldo Faria de S\u00e1 (PTB\/SP). Nos encontros, Titonelli pediu aten\u00e7\u00e3o especial \u00e0 PEC e formalizou convite para participarem da audi\u00eancia p\u00fablica em prol dos honor\u00e1rios advocat\u00edcios para os membros da AGU que ocorrer\u00e1 na pr\u00f3xima semana. Os parlamentares demonstraram sensibilidade ao pedido.<\/p>\n<p>Al\u00e9m da proposta, o presidente do Forum destacou a falta de estrutura da Advocacia-Geral da Uni\u00e3o. &#8220;A AGU possui estrutura incompat\u00edvel com sua fun\u00e7\u00e3o estrat\u00e9gica de defesa do patrim\u00f4nio p\u00fablico, e inferior \u00e0s demais Fun\u00e7\u00f5es Essenciais \u00e0 Justi\u00e7a. Apesar desses problemas, a AGU tem demonstrado qualidade no seu trabalho, o qual \u00e9 fruto da dedica\u00e7\u00e3o obstinada de seus membros\u201d<\/p>\n<p><b>Agenda<\/b><\/p>\n<p>Entre os dias 19 a 23 de setembro de 2011, o Forum realizar\u00e1 mobiliza\u00e7\u00e3o nacional para demonstrar ao governo da necessidade de reestrutura\u00e7\u00e3o da Advocacia P\u00fablica Federal.<\/p>\n<p>O Forum Nacional conclama a todos os seus membros a participarem do movimento a favor dos interesses de toda a Advocacia P\u00fablica Federal<\/p>\n<p><b>Pleitos dos PFNs<\/b><\/p>\n<p>Nas visitas a parlamentares, o presidente do Forum e do SINPROFAZ estava acompanhado do vice-presidente do Sindicato, Roberto Rodrigues.<\/p>\n<p>Os diretores do SINPROFAZ abordaram pleitos espec\u00edficos da carreira de PFN como o descontigenciamento dos recursos do Fundaf. Aproveitaram a oportunidade para apresentar os dados da publica\u00e7\u00e3o <i>Os N\u00fameros da PGFN<\/i>. O objetivo do estudo, revelou o presidente Allan Titonelli, \u201c\u00e9 esclarecer que o respectivo \u00f3rg\u00e3o possui fun\u00e7\u00e3o estrat\u00e9gica para o governo federal e que se houvesse maiores investimentos poderia proporcionar uma diminui\u00e7\u00e3o do estoque da d\u00edvida ativa da Uni\u00e3o, resultando em receitas extras para a execu\u00e7\u00e3o de outras pol\u00edticas p\u00fablicas\u201d.<\/p>\n<p>Com esta mesma linha de argumenta\u00e7\u00e3o, o vice-presidente do Sindicato, Roberto Rodrigues, conversou com a senadora L\u00facia V\u00e2nia (PSDB\/GO). Al\u00e9m de tratar da quest\u00e3o do Fundaf, comentou sobre a falta de estrutura do \u00f3rg\u00e3o e a aus\u00eancia de carreira de apoio.<\/p>\n<p><img loading=\"lazy\" decoding=\"async\" style=\"margin-top: 5px; margin-right: 5px; border: 1px solid #000000; float: left;\" alt=\"\" src=\"images\/noticias\/20110916_cleber_arnaldo_lucia\/DSC_2954.jpg\" height=\"133\" width=\"200\" \/> <img loading=\"lazy\" decoding=\"async\" style=\"border: 1px solid #000000; margin-top: 5px; margin-right: 5px; float: left;\" alt=\"\" src=\"images\/noticias\/20110916_cleber_arnaldo_lucia\/DSC_2958.jpg\" height=\"133\" width=\"200\" \/> <img loading=\"lazy\" decoding=\"async\" style=\"border: 1px solid #000000; margin-top: 5px; margin-right: 5px; float: left;\" alt=\"\" src=\"images\/noticias\/20110916_cleber_arnaldo_lucia\/DSC_2963.jpg\" height=\"133\" width=\"200\" \/> <img loading=\"lazy\" decoding=\"async\" style=\"margin-top: 5px; margin-right: 5px; border: 1px solid #000000; float: left;\" alt=\"\" src=\"images\/noticias\/20110916_cleber_arnaldo_lucia\/DSC_2970.jpg\" height=\"133\" width=\"200\" \/> <img loading=\"lazy\" decoding=\"async\" style=\"margin-top: 5px; margin-right: 5px; border: 1px solid #000000; float: left;\" alt=\"\" src=\"images\/noticias\/20110916_cleber_arnaldo_lucia\/DSC_2980.jpg\" height=\"133\" width=\"200\" \/> <img loading=\"lazy\" decoding=\"async\" style=\"border: 1px solid #000000; margin-right: 5px; margin-top: 5px; float: left;\" alt=\"\" src=\"images\/noticias\/20110916_cleber_arnaldo_lucia\/DSC_2981.jpg\" height=\"133\" width=\"200\" \/><\/p>\n","protected":false},"excerpt":{"rendered":"<p>Dirigentes visitaram deputado e senadora para tratar dos pleitos da Advocacia P\u00fablica Federal e tamb\u00e9m de demandas espec\u00edficas da carreira de Procurador da Fazenda Nacional.<\/p>\n","protected":false},"author":1,"featured_media":0,"comment_status":"closed","ping_status":"open","sticky":false,"template":"","format":"standard","meta":{"footnotes":""},"categories":[8],"tags":[],"featured_image_url":"https:\/\/dummyimage.com\/720x400","character_count":1156,"formatted_date":"16\/09\/2011 - 12:43","contentNovo":"\r\n<p>Em continuidade ao trabalho parlamentar desenvolvido pelo Forum Nacional, o presidente Allan Titonelli realizou visitas aos parlamentares que integram a Comiss\u00e3o Especial da PEC 443\/09 que contempla as carreiras da Advocacia P\u00fablica.<\/p>\r\n<p>O presidente visitou os deputados Cl\u00e9ber Verde (PRB\/MA) e Arnaldo Faria de S\u00e1 (PTB\/SP). Nos encontros, Titonelli pediu aten\u00e7\u00e3o especial \u00e0 PEC e formalizou convite para participarem da audi\u00eancia p\u00fablica em prol dos honor\u00e1rios advocat\u00edcios para os membros da AGU que ocorrer\u00e1 na pr\u00f3xima semana. Os parlamentares demonstraram sensibilidade ao pedido.<\/p>\r\n<p>Al\u00e9m da proposta, o presidente do Forum destacou a falta de estrutura da Advocacia-Geral da Uni\u00e3o. \"A AGU possui estrutura incompat\u00edvel com sua fun\u00e7\u00e3o estrat\u00e9gica de defesa do patrim\u00f4nio p\u00fablico, e inferior \u00e0s demais Fun\u00e7\u00f5es Essenciais \u00e0 Justi\u00e7a. Apesar desses problemas, a AGU tem demonstrado qualidade no seu trabalho, o qual \u00e9 fruto da dedica\u00e7\u00e3o obstinada de seus membros\u201d<\/p>\r\n<p>Agenda<\/p>\r\n<p>Entre os dias 19 a 23 de setembro de 2011, o Forum realizar\u00e1 mobiliza\u00e7\u00e3o nacional para demonstrar ao governo da necessidade de reestrutura\u00e7\u00e3o da Advocacia P\u00fablica Federal.<\/p>\r\n<p>O Forum Nacional conclama a todos os seus membros a participarem do movimento a favor dos interesses de toda a Advocacia P\u00fablica Federal<\/p>\r\n<p>Pleitos dos PFNs<\/p>\r\n<p>Nas visitas a parlamentares, o presidente do Forum e do SINPROFAZ estava acompanhado do vice-presidente do Sindicato, Roberto Rodrigues.<\/p>\r\n<p>Os diretores do SINPROFAZ abordaram pleitos espec\u00edficos da carreira de PFN como o descontigenciamento dos recursos do Fundaf. Aproveitaram a oportunidade para apresentar os dados da publica\u00e7\u00e3o Os N\u00fameros da PGFN. O objetivo do estudo, revelou o presidente Allan Titonelli, \u201c\u00e9 esclarecer que o respectivo \u00f3rg\u00e3o possui fun\u00e7\u00e3o estrat\u00e9gica para o governo federal e que se houvesse maiores investimentos poderia proporcionar uma diminui\u00e7\u00e3o do estoque da d\u00edvida ativa da Uni\u00e3o, resultando em receitas extras para a execu\u00e7\u00e3o de outras pol\u00edticas p\u00fablicas\u201d.<\/p>\r\n<p>Com esta mesma linha de argumenta\u00e7\u00e3o, o vice-presidente do Sindicato, Roberto Rodrigues, conversou com a senadora L\u00facia V\u00e2nia (PSDB\/GO). Al\u00e9m de tratar da quest\u00e3o do Fundaf, comentou sobre a falta de estrutura do \u00f3rg\u00e3o e a aus\u00eancia de carreira de apoio.<\/p>\r\n<p>     <\/p>","_links":{"self":[{"href":"https:\/\/sinprofaz.org.br\/2024\/wp-json\/wp\/v2\/posts\/327"}],"collection":[{"href":"https:\/\/sinprofaz.org.br\/2024\/wp-json\/wp\/v2\/posts"}],"about":[{"href":"https:\/\/sinprofaz.org.br\/2024\/wp-json\/wp\/v2\/types\/post"}],"author":[{"embeddable":true,"href":"https:\/\/sinprofaz.org.br\/2024\/wp-json\/wp\/v2\/users\/1"}],"replies":[{"embeddable":true,"href":"https:\/\/sinprofaz.org.br\/2024\/wp-json\/wp\/v2\/comments?post=327"}],"version-history":[{"count":0,"href":"https:\/\/sinprofaz.org.br\/2024\/wp-json\/wp\/v2\/posts\/327\/revisions"}],"wp:attachment":[{"href":"https:\/\/sinprofaz.org.br\/2024\/wp-json\/wp\/v2\/media?parent=327"}],"wp:term":[{"taxonomy":"category","embeddable":true,"href":"https:\/\/sinprofaz.org.br\/2024\/wp-json\/wp\/v2\/categories?post=327"},{"taxonomy":"post_tag","embeddable":true,"href":"https:\/\/sinprofaz.org.br\/2024\/wp-json\/wp\/v2\/tags?post=327"}],"curies":[{"name":"wp","href":"https:\/\/api.w.org\/{rel}","templated":true}]}}