{"id":322,"date":"2011-09-14T11:00:00","date_gmt":"2011-09-14T11:00:00","guid":{"rendered":""},"modified":"-0001-11-30T00:00:00","modified_gmt":"-0001-11-30T03:00:00","slug":"frente-parlamentar-mista-de-combate-a-pirataria-e-a-sonegacao-fiscal","status":"publish","type":"post","link":"https:\/\/sinprofaz.org.br\/2024\/noticias\/frente-parlamentar-mista-de-combate-a-pirataria-e-a-sonegacao-fiscal\/","title":{"rendered":"Frente Parlamentar Mista de Combate \u00e0 Pirataria e \u00e0 Sonega\u00e7\u00e3o Fiscal"},"content":{"rendered":"<p>A frente parlamentar \u00e9 presidida pelo deputado federal Guilherme Campos (DEM\/SP). No of\u00edcio assinado pelo presidente do SINPROFAZ, Allan Titonelli, reitera-se que a \u201ca Advocacia P\u00fablica e, de forma muito especial, os Procuradores da Fazenda Nacional tem como mister a defesa dos postulados da legalidade, da moralidade, da impessoalidade, da publicidade, da efici\u00eancia, da razoabilidade, da proporcionalidade, fortes esteios do Regime Democr\u00e1tico\u201d.<\/p>\n<p>O of\u00edcio tamb\u00e9m informa sobre a atua\u00e7\u00e3o do SINPROFAZ na promo\u00e7\u00e3o de campanhas e outras iniciativas com vistas a conscientizar a popula\u00e7\u00e3o no que se refere \u00e0 Justi\u00e7a Fiscal, ao combate \u00e0 lavagem de dinheiro, \u00e0 sonega\u00e7\u00e3o, \u00e0 defesa do Er\u00e1rio e outros temas voltados para uma gest\u00e3o mais confi\u00e1vel e transparente dos recursos governamentais.<\/p>\n<p>Ap\u00f3s essas considera\u00e7\u00f5es, o presidente Allan Titonelli ressalta o engajamento do Sindicato \u00e0s a\u00e7\u00f5es da Frente Parlamentar e declara interesse em contribuir e participar de todas as atividades programadas.<\/p>\n","protected":false},"excerpt":{"rendered":"<p>O grupo suprapartid\u00e1rio foi relan\u00e7ado em junho deste ano. SINPROFAZ encaminhou of\u00edcio ao presidente da Frente informando o interesse dos PFNs em unir esfor\u00e7os na luta em prol da preserva\u00e7\u00e3o do patrim\u00f4nio p\u00fablico.<\/p>\n","protected":false},"author":1,"featured_media":0,"comment_status":"closed","ping_status":"open","sticky":false,"template":"","format":"standard","meta":{"footnotes":""},"categories":[8],"tags":[],"featured_image_url":"https:\/\/dummyimage.com\/720x400","character_count":513,"formatted_date":"14\/09\/2011 - 11:00","contentNovo":"\r\n<p>A frente parlamentar \u00e9 presidida pelo deputado federal Guilherme Campos (DEM\/SP). No of\u00edcio assinado pelo presidente do SINPROFAZ, Allan Titonelli, reitera-se que a \u201ca Advocacia P\u00fablica e, de forma muito especial, os Procuradores da Fazenda Nacional tem como mister a defesa dos postulados da legalidade, da moralidade, da impessoalidade, da publicidade, da efici\u00eancia, da razoabilidade, da proporcionalidade, fortes esteios do Regime Democr\u00e1tico\u201d.<\/p>\r\n<p>O of\u00edcio tamb\u00e9m informa sobre a atua\u00e7\u00e3o do SINPROFAZ na promo\u00e7\u00e3o de campanhas e outras iniciativas com vistas a conscientizar a popula\u00e7\u00e3o no que se refere \u00e0 Justi\u00e7a Fiscal, ao combate \u00e0 lavagem de dinheiro, \u00e0 sonega\u00e7\u00e3o, \u00e0 defesa do Er\u00e1rio e outros temas voltados para uma gest\u00e3o mais confi\u00e1vel e transparente dos recursos governamentais.<\/p>\r\n<p>Ap\u00f3s essas considera\u00e7\u00f5es, o presidente Allan Titonelli ressalta o engajamento do Sindicato \u00e0s a\u00e7\u00f5es da Frente Parlamentar e declara interesse em contribuir e participar de todas as atividades programadas.<\/p>","_links":{"self":[{"href":"https:\/\/sinprofaz.org.br\/2024\/wp-json\/wp\/v2\/posts\/322"}],"collection":[{"href":"https:\/\/sinprofaz.org.br\/2024\/wp-json\/wp\/v2\/posts"}],"about":[{"href":"https:\/\/sinprofaz.org.br\/2024\/wp-json\/wp\/v2\/types\/post"}],"author":[{"embeddable":true,"href":"https:\/\/sinprofaz.org.br\/2024\/wp-json\/wp\/v2\/users\/1"}],"replies":[{"embeddable":true,"href":"https:\/\/sinprofaz.org.br\/2024\/wp-json\/wp\/v2\/comments?post=322"}],"version-history":[{"count":0,"href":"https:\/\/sinprofaz.org.br\/2024\/wp-json\/wp\/v2\/posts\/322\/revisions"}],"wp:attachment":[{"href":"https:\/\/sinprofaz.org.br\/2024\/wp-json\/wp\/v2\/media?parent=322"}],"wp:term":[{"taxonomy":"category","embeddable":true,"href":"https:\/\/sinprofaz.org.br\/2024\/wp-json\/wp\/v2\/categories?post=322"},{"taxonomy":"post_tag","embeddable":true,"href":"https:\/\/sinprofaz.org.br\/2024\/wp-json\/wp\/v2\/tags?post=322"}],"curies":[{"name":"wp","href":"https:\/\/api.w.org\/{rel}","templated":true}]}}