{"id":3175,"date":"2016-03-10T08:46:05","date_gmt":"2016-03-10T08:46:05","guid":{"rendered":"http:\/\/www.sinprofaz.org.br\/2016\/?p=3175"},"modified":"2016-03-21T12:22:23","modified_gmt":"2016-03-21T12:22:23","slug":"sinprofaz-reacende-a-luta-pela-aprovacao-da-pec-82","status":"publish","type":"post","link":"https:\/\/sinprofaz.org.br\/2024\/noticias\/sinprofaz-reacende-a-luta-pela-aprovacao-da-pec-82\/","title":{"rendered":"SINPROFAZ REACENDE A LUTA PELA APROVA\u00c7\u00c3O DA PEC 82"},"content":{"rendered":"<p>Procuradores da Fazenda Nacional e membros das demais carreiras da Advocacia P\u00fablica de todo o Brasil estiveram presentes nesta ter\u00e7a (8\/3) para sess\u00e3o solene na C\u00e2mara dos Deputados pelo Dia Nacional da Advocacia P\u00fablica. O evento, tamb\u00e9m motivado pelo Dia Internacional da Mulher, marcou o relan\u00e7amento da luta pela aprova\u00e7\u00e3o da PEC 82.<\/p>\n<p>Em discurso, o presidente do SINPROFAZ, Achilles Frias, defendeu aprova\u00e7\u00e3o da PEC 82 como instrumento essencial ao exerc\u00edcio da Advocacia P\u00fablica. &#8220;Seja Federal, Estadual ou Municipal, a Advocacia P\u00fablica \u00e9 uma Advocacia de Estado e n\u00e3o de governo. A PEC 82 visa resgatar a dignidade da Advocacia P\u00fablica para que ela n\u00e3o se submeta aos interesses governamentais mas, sim, para que defenda os reais interesses do Estado. A aprova\u00e7\u00e3o da PEC 82 nos garantir\u00e1 autonomia para defender o que \u00e9 do povo brasileiro&#8221;, ressaltou Achilles Frias.<\/p>\n<p>Confira a \u00edntegra do discurso: <a href=\"https:\/\/www.youtube.com\/watch?v=KKcilJ_jTYI&amp;list\" target=\"_blank\">https:\/\/www.youtube.com\/watch?v=KKcilJ_jTYI&amp;list<\/a><\/p>\n<p><iframe loading=\"lazy\" src=\"http:\/\/www.youtube.com\/embed\/YExDEjQkZrk?autohide=2&amp;autoplay=0&amp;controls=0&amp;disablekb=0&amp;fs=0&amp;hd=0&amp;loop=0&amp;rel=0&amp;showinfo=0&amp;showsearch=0&amp;wmode=transparent&amp;enablejsapi=1\" width=\"218\" height=\"157\"><\/iframe><\/p>\n","protected":false},"excerpt":{"rendered":"<p>Em solenidade na C\u00e2mara dos Deputados, o presidente do Sinprofaz, Achilles Frias, ressaltou que a aprova\u00e7\u00e3o da PEC 82 garantir\u00e1 autonomia para a Advocacia P\u00fablica defender o que \u00e9 do povo brasileiro.<\/p>\n","protected":false},"author":2,"featured_media":3176,"comment_status":"open","ping_status":"open","sticky":false,"template":"","format":"standard","meta":{"footnotes":""},"categories":[8],"tags":[34,32,31,25],"featured_image_url":"https:\/\/sinprofaz.org.br\/2024\/wp-content\/uploads\/2016\/03\/017-800x198.jpg","character_count":498,"formatted_date":"10\/03\/2016 - 08:46","contentNovo":"Procuradores da Fazenda Nacional e membros das demais carreiras da Advocacia P\u00fablica de todo o Brasil estiveram presentes nesta ter\u00e7a (8\/3) para sess\u00e3o solene na C\u00e2mara dos Deputados pelo Dia Nacional da Advocacia P\u00fablica. O evento, tamb\u00e9m motivado pelo Dia Internacional da Mulher, marcou o relan\u00e7amento da luta pela aprova\u00e7\u00e3o da PEC 82.\r\n\r\nEm discurso, o presidente do SINPROFAZ, Achilles Frias, defendeu aprova\u00e7\u00e3o da PEC 82 como instrumento essencial ao exerc\u00edcio da Advocacia P\u00fablica. \"Seja Federal, Estadual ou Municipal, a Advocacia P\u00fablica \u00e9 uma Advocacia de Estado e n\u00e3o de governo. A PEC 82 visa resgatar a dignidade da Advocacia P\u00fablica para que ela n\u00e3o se submeta aos interesses governamentais mas, sim, para que defenda os reais interesses do Estado. A aprova\u00e7\u00e3o da PEC 82 nos garantir\u00e1 autonomia para defender o que \u00e9 do povo brasileiro\", ressaltou Achilles Frias.\r\n\r\nConfira a \u00edntegra do discurso: <a href=\"https:\/\/www.youtube.com\/watch?v=KKcilJ_jTYI&amp;list\" target=\"_blank\">https:\/\/www.youtube.com\/watch?v=KKcilJ_jTYI&amp;list<\/a>\r\n\r\n","_links":{"self":[{"href":"https:\/\/sinprofaz.org.br\/2024\/wp-json\/wp\/v2\/posts\/3175"}],"collection":[{"href":"https:\/\/sinprofaz.org.br\/2024\/wp-json\/wp\/v2\/posts"}],"about":[{"href":"https:\/\/sinprofaz.org.br\/2024\/wp-json\/wp\/v2\/types\/post"}],"author":[{"embeddable":true,"href":"https:\/\/sinprofaz.org.br\/2024\/wp-json\/wp\/v2\/users\/2"}],"replies":[{"embeddable":true,"href":"https:\/\/sinprofaz.org.br\/2024\/wp-json\/wp\/v2\/comments?post=3175"}],"version-history":[{"count":1,"href":"https:\/\/sinprofaz.org.br\/2024\/wp-json\/wp\/v2\/posts\/3175\/revisions"}],"predecessor-version":[{"id":3177,"href":"https:\/\/sinprofaz.org.br\/2024\/wp-json\/wp\/v2\/posts\/3175\/revisions\/3177"}],"wp:featuredmedia":[{"embeddable":true,"href":"https:\/\/sinprofaz.org.br\/2024\/wp-json\/wp\/v2\/media\/3176"}],"wp:attachment":[{"href":"https:\/\/sinprofaz.org.br\/2024\/wp-json\/wp\/v2\/media?parent=3175"}],"wp:term":[{"taxonomy":"category","embeddable":true,"href":"https:\/\/sinprofaz.org.br\/2024\/wp-json\/wp\/v2\/categories?post=3175"},{"taxonomy":"post_tag","embeddable":true,"href":"https:\/\/sinprofaz.org.br\/2024\/wp-json\/wp\/v2\/tags?post=3175"}],"curies":[{"name":"wp","href":"https:\/\/api.w.org\/{rel}","templated":true}]}}