{"id":317,"date":"2011-09-09T14:30:46","date_gmt":"2011-09-09T14:30:46","guid":{"rendered":""},"modified":"-0001-11-30T00:00:00","modified_gmt":"-0001-11-30T03:00:00","slug":"visita-aos-procuradores-da-fazenda-lotados-no-piaui","status":"publish","type":"post","link":"https:\/\/sinprofaz.org.br\/2024\/noticias\/visita-aos-procuradores-da-fazenda-lotados-no-piaui\/","title":{"rendered":"Visita aos Procuradores da Fazenda lotados no Piau\u00ed"},"content":{"rendered":"<p>Na oportunidade, os filiados ir\u00e3o conhecer as metas e calend\u00e1rio de a\u00e7\u00f5es da nova diretoria do Sindicato. Poder\u00e3o tamb\u00e9m tirar d\u00favidas sobre as principais a\u00e7\u00f5es judiciais em curso e as medidas adotadas pelo SINPROFAZ com vistas a melhorias nas condi\u00e7\u00f5es de trabalho.<\/p>\n<p>Assim como ocorreu nos encontros com PFNs lotados em outros estados, ser\u00e1 franqueada a palavra para que os colegas do Piau\u00ed discorram sobre a realidade local.<\/p>\n<p>O SINPROFAZ convida os colegas a participarem da reuni\u00e3o. \u00c9 muito importante que os Procuradores da Fazenda emitam suas opini\u00f5es nos debates que envolvem a carreira.<\/p>\n<p><b>Fun\u00e7\u00e3o Essencial \u00e0 Justi\u00e7a<\/b><\/p>\n<p>A AGU como Fun\u00e7\u00e3o Essencial \u00e0 Justi\u00e7a \u00e9 o tema de palestra que o presidente do SINPROFAZ, Allan Titonelli, ir\u00e1 proferir durante sua participa\u00e7\u00e3o no Congresso Nordestino de Direito P\u00fablico e no Encontro Piauiense da Advocacia P\u00fablica.<\/p>\n<p>Os eventos tiveram in\u00edcio nesta quinta-feira (8) e prosseguem at\u00e9 amanh\u00e3 (10) na cidade de Teresina. S\u00e3o promovidos pelo F\u00f3rum Nacional da Advocacia P\u00fablica Federal, OAB\/PI e Cesvale.<\/p>\n<p>As atividades se concentram no Tribunal de Justi\u00e7a do Estado do Piau\u00ed, que fica localizado na Pra\u00e7a Des. Edgard Nogueira S\/N \u2013 Centro C\u00edvico, Bairro Cabral.<\/p>\n","protected":false},"excerpt":{"rendered":"<p>O presidente do Sindicato, Allan Titonelli, visitar\u00e1 os colegas lotados no Piau\u00ed. O encontro ser\u00e1 na segunda-feira, 12 de setembro, \u00e0s 10h, na sede da PFN\/PI, localizada na Pra\u00e7a Marechal Deodoro, no centro de Teresina.<\/p>\n","protected":false},"author":1,"featured_media":0,"comment_status":"closed","ping_status":"open","sticky":false,"template":"","format":"standard","meta":{"footnotes":""},"categories":[8],"tags":[],"featured_image_url":"https:\/\/dummyimage.com\/720x400","character_count":618,"formatted_date":"09\/09\/2011 - 14:30","contentNovo":"\r\n<p>Na oportunidade, os filiados ir\u00e3o conhecer as metas e calend\u00e1rio de a\u00e7\u00f5es da nova diretoria do Sindicato. Poder\u00e3o tamb\u00e9m tirar d\u00favidas sobre as principais a\u00e7\u00f5es judiciais em curso e as medidas adotadas pelo SINPROFAZ com vistas a melhorias nas condi\u00e7\u00f5es de trabalho.<\/p>\r\n<p>Assim como ocorreu nos encontros com PFNs lotados em outros estados, ser\u00e1 franqueada a palavra para que os colegas do Piau\u00ed discorram sobre a realidade local.<\/p>\r\n<p>O SINPROFAZ convida os colegas a participarem da reuni\u00e3o. \u00c9 muito importante que os Procuradores da Fazenda emitam suas opini\u00f5es nos debates que envolvem a carreira.<\/p>\r\n<p>Fun\u00e7\u00e3o Essencial \u00e0 Justi\u00e7a<\/p>\r\n<p>A AGU como Fun\u00e7\u00e3o Essencial \u00e0 Justi\u00e7a \u00e9 o tema de palestra que o presidente do SINPROFAZ, Allan Titonelli, ir\u00e1 proferir durante sua participa\u00e7\u00e3o no Congresso Nordestino de Direito P\u00fablico e no Encontro Piauiense da Advocacia P\u00fablica.<\/p>\r\n<p>Os eventos tiveram in\u00edcio nesta quinta-feira (8) e prosseguem at\u00e9 amanh\u00e3 (10) na cidade de Teresina. S\u00e3o promovidos pelo F\u00f3rum Nacional da Advocacia P\u00fablica Federal, OAB\/PI e Cesvale.<\/p>\r\n<p>As atividades se concentram no Tribunal de Justi\u00e7a do Estado do Piau\u00ed, que fica localizado na Pra\u00e7a Des. Edgard Nogueira S\/N \u2013 Centro C\u00edvico, Bairro Cabral.<\/p>","_links":{"self":[{"href":"https:\/\/sinprofaz.org.br\/2024\/wp-json\/wp\/v2\/posts\/317"}],"collection":[{"href":"https:\/\/sinprofaz.org.br\/2024\/wp-json\/wp\/v2\/posts"}],"about":[{"href":"https:\/\/sinprofaz.org.br\/2024\/wp-json\/wp\/v2\/types\/post"}],"author":[{"embeddable":true,"href":"https:\/\/sinprofaz.org.br\/2024\/wp-json\/wp\/v2\/users\/1"}],"replies":[{"embeddable":true,"href":"https:\/\/sinprofaz.org.br\/2024\/wp-json\/wp\/v2\/comments?post=317"}],"version-history":[{"count":0,"href":"https:\/\/sinprofaz.org.br\/2024\/wp-json\/wp\/v2\/posts\/317\/revisions"}],"wp:attachment":[{"href":"https:\/\/sinprofaz.org.br\/2024\/wp-json\/wp\/v2\/media?parent=317"}],"wp:term":[{"taxonomy":"category","embeddable":true,"href":"https:\/\/sinprofaz.org.br\/2024\/wp-json\/wp\/v2\/categories?post=317"},{"taxonomy":"post_tag","embeddable":true,"href":"https:\/\/sinprofaz.org.br\/2024\/wp-json\/wp\/v2\/tags?post=317"}],"curies":[{"name":"wp","href":"https:\/\/api.w.org\/{rel}","templated":true}]}}