{"id":3151,"date":"2016-03-09T19:37:01","date_gmt":"2016-03-09T19:37:01","guid":{"rendered":"http:\/\/www.sinprofaz.org.br\/2016\/?p=3151"},"modified":"2019-05-10T14:05:35","modified_gmt":"2019-05-10T17:05:35","slug":"dia-nacional-da-advocacia-publica-e-comemorado-em-sessao-solene-na-camara-dos-deputados-publicado-09-marco-2016","status":"publish","type":"post","link":"https:\/\/sinprofaz.org.br\/2024\/noticias\/dia-nacional-da-advocacia-publica-e-comemorado-em-sessao-solene-na-camara-dos-deputados-publicado-09-marco-2016\/","title":{"rendered":"DIA NACIONAL DA ADVOCACIA P\u00daBLICA \u00c9 COMEMORADO EM SESS\u00c3O SOLENE NA C\u00c2MARA DOS DEPUTADOS"},"content":{"rendered":"<p>O Dia Nacional da Advocacia P\u00fablica foi comemorado com uma cerim\u00f4nia no plen\u00e1rio Ulysses Guimar\u00e3es da C\u00e2mara dos Deputados. A sess\u00e3o solene ocorreu nessa ter\u00e7a-feira, 8 de mar\u00e7o, e marcou o relan\u00e7amento da campanha pela PEC 82\/07, a PEC da Probidade. Membros da Carreira e parlamentes prestigiaram a solenidade, em que as advogadas p\u00fablicas tamb\u00e9m foram homenageadas pelo Dia Internacional da Mulher.<\/p>\n<p>O SINPROFAZ foi representado, na mesa da cerim\u00f4nia, pelo presidente Achilles Frias. Em seu discurso, o presidente defendeu a PEC 82 como instrumento essencial ao exerc\u00edcio da Advocacia P\u00fablica. &#8220;Seja Federal, Estadual ou Municipal, a Advocacia P\u00fablica \u00e9 uma Advocacia de Estado e n\u00e3o de governo. A PEC 82 visa resgatar a dignidade da Advocacia P\u00fablica para que ela n\u00e3o se submeta aos interesses governamentais mas, sim, para que defensa os reais interesses do Estado. A aprova\u00e7\u00e3o da PEC 82 nos garantir\u00e1 autonomia para defender o que \u00e9 do povo brasileiro&#8221;, ressaltou Achilles Frias.<\/p>\n<p>Confira a \u00edntegra do discurso do presidente Achilles Frias:<\/p>\n<p><iframe loading=\"lazy\" src=\"https:\/\/www.youtube.com\/embed\/KKcilJ_jTYI?autohide=2&amp;autoplay=0&amp;controls=0&amp;disablekb=0&amp;fs=0&amp;hd=0&amp;loop=0&amp;rel=0&amp;showinfo=0&amp;showsearch=0&amp;wmode=transparent&amp;enablejsapi=1\" width=\"218\" height=\"157\"><\/iframe><\/p>\n<p>&nbsp;<\/p>\n<p>Rog\u00e9rio Rosso (PSD\/DF) foi quem viabilizou a sess\u00e3o solene. Ao falar sobre o relan\u00e7amento da PEC 82, o deputado destacou a singularidade do sistema constitucional brasileiro: &#8220;A reforma constitucional, no Brasil, \u00e9 permanente, na medida em que se t\u00eam centenas de PECs tramitando simultaneamente&#8221;. Advogado de forma\u00e7\u00e3o, Rog\u00e9rio Rosso se identifica com os pleitos da Carreira. Tanto que, durante a fala, ressaltou o orgulho em defender a Advocacia P\u00fablica no Congresso Nacional. &#8220;Por convic\u00e7\u00e3o, tenho a honra de fazer parte da Frente Parlamentar em Defesa da Advocacia-Geral da Uni\u00e3o.&#8221;<\/p>\n<p>Durante a sess\u00e3o solene, a deputada Soraya Santos (PMDB\/RJ) tamb\u00e9m expressou seu orgulho em estar novamente em uma cerim\u00f4nia da Advocacia P\u00fablica no Congresso Nacional e lembrou a mobiliza\u00e7\u00e3o liderada pela Carreira durante o ano de 2015, em prol da PEC 443. &#8220;A Categoria, de forma ordeira, batalhou pela PEC 443. Por meio desta cerim\u00f4nia, voc\u00eas come\u00e7am o ano de maneira nobre e v\u00eam para dizer que t\u00eam condi\u00e7\u00f5es de ajudar o Brasil, mas que precisam de ferramentas para isso. Estamos juntos na PEC 82&#8221;, afirmou a deputada.<\/p>\n<p>Em nome do SINPROFAZ e do presidente Achilles Frias, o deputado Tadeu Alencar (PSB\/PE) parabenizou os advogados pelo Dia Nacional da Advocacia P\u00fablica. Em discurso, falou sobre a evolu\u00e7\u00e3o da AGU e pediu \u00e0s institui\u00e7\u00f5es de Estado equil\u00edbrio, pondera\u00e7\u00e3o, esp\u00edrito p\u00fablico, vis\u00e3o republicana e respeito \u00e0 Democracia. &#8220;A Advocacia P\u00fablica deste pa\u00eds vem dando mostras de uma vitalidade incomum. Cheguei \u00e0 Procuradoria da Fazenda Nacional nos idos de 1993, quando a Advocacia da Uni\u00e3o come\u00e7ava a se estruturar, mesmo em condi\u00e7\u00f5es prec\u00e1rias de atua\u00e7\u00e3o. Nessa caminhada, os anos mostraram o compromisso que temos com o Estado brasileiro&#8221;, ressaltou Tadeu Alencar.<\/p>\n<p>O deputado Izalci Ferreira (PSDB\/DF) tamb\u00e9m esteve presente na sess\u00e3o solene em comemora\u00e7\u00e3o ao Dia Nacional da Advocacia P\u00fablica e afirmou seu apoio \u00e0 Carreira: &#8220;\u00c0 Advocacia P\u00fablica da Uni\u00e3o, cabe a eficaz defesa do interesse p\u00fablico e dos direitos fundamentais da sociedade. Deixo aqui registrado minha admira\u00e7\u00e3o e apresso por essa institui\u00e7\u00e3o, Fun\u00e7\u00e3o Essencial \u00e0 Justi\u00e7a que tanto nos orgulha. Podem contar com meu apoio \u00e0 PEC 82&#8221;. Entre outros parlamentares presentes na sess\u00e3o solene, estiveram R\u00f4mulo Gouveia (PSD\/PB), Andr\u00e9 Moura (PSC\/SE), Fl\u00e1vio Nogueira (PDT\/PI), Rubens Bueno (PPS\/PR) e \u00c9rika Kokay (PT\/DF).<\/p>\n\n\t\t<style type=\"text\/css\">\n\t\t\t#gallery-1 {\n\t\t\t\tmargin: auto;\n\t\t\t}\n\t\t\t#gallery-1 .gallery-item {\n\t\t\t\tfloat: left;\n\t\t\t\tmargin-top: 10px;\n\t\t\t\ttext-align: center;\n\t\t\t\twidth: 33%;\n\t\t\t}\n\t\t\t#gallery-1 img {\n\t\t\t\tborder: 2px solid #cfcfcf;\n\t\t\t}\n\t\t\t#gallery-1 .gallery-caption {\n\t\t\t\tmargin-left: 0;\n\t\t\t}\n\t\t\t\/* see gallery_shortcode() in wp-includes\/media.php *\/\n\t\t<\/style>\n\t\t<div id='gallery-1' class='gallery galleryid-3151 gallery-columns-3 gallery-size-thumbnail'><dl class='gallery-item'>\n\t\t\t<dt class='gallery-icon landscape'>\n\t\t\t\t<a href='https:\/\/sinprofaz.org.br\/2024\/wp-content\/uploads\/2016\/03\/052.jpg'><img loading=\"lazy\" decoding=\"async\" width=\"150\" height=\"150\" src=\"https:\/\/sinprofaz.org.br\/2024\/wp-content\/uploads\/2016\/03\/052-150x150.jpg\" class=\"attachment-thumbnail size-thumbnail\" alt=\"\" \/><\/a>\n\t\t\t<\/dt><\/dl><dl class='gallery-item'>\n\t\t\t<dt class='gallery-icon landscape'>\n\t\t\t\t<a href='https:\/\/sinprofaz.org.br\/2024\/wp-content\/uploads\/2016\/03\/043.jpg'><img loading=\"lazy\" decoding=\"async\" width=\"150\" height=\"150\" src=\"https:\/\/sinprofaz.org.br\/2024\/wp-content\/uploads\/2016\/03\/043-150x150.jpg\" class=\"attachment-thumbnail size-thumbnail\" alt=\"\" \/><\/a>\n\t\t\t<\/dt><\/dl><dl class='gallery-item'>\n\t\t\t<dt class='gallery-icon landscape'>\n\t\t\t\t<a href='https:\/\/sinprofaz.org.br\/2024\/wp-content\/uploads\/2016\/03\/032.jpg'><img loading=\"lazy\" decoding=\"async\" width=\"150\" height=\"150\" src=\"https:\/\/sinprofaz.org.br\/2024\/wp-content\/uploads\/2016\/03\/032-150x150.jpg\" class=\"attachment-thumbnail size-thumbnail\" alt=\"\" \/><\/a>\n\t\t\t<\/dt><\/dl><br style=\"clear: both\" \/><dl class='gallery-item'>\n\t\t\t<dt class='gallery-icon landscape'>\n\t\t\t\t<a href='https:\/\/sinprofaz.org.br\/2024\/wp-content\/uploads\/2016\/03\/024.jpg'><img loading=\"lazy\" decoding=\"async\" width=\"150\" height=\"150\" src=\"https:\/\/sinprofaz.org.br\/2024\/wp-content\/uploads\/2016\/03\/024-150x150.jpg\" class=\"attachment-thumbnail size-thumbnail\" alt=\"\" \/><\/a>\n\t\t\t<\/dt><\/dl>\n\t\t\t<br style='clear: both' \/>\n\t\t<\/div>\n\n","protected":false},"excerpt":{"rendered":"<p>O Dia Nacional da Advocacia P\u00fablica foi comemorado com uma cerim\u00f4nia no plen\u00e1rio Ulysses Guimar\u00e3es. A sess\u00e3o solene ocorreu nessa ter\u00e7a-feira, 8 de mar\u00e7o, e marcou o relan\u00e7amento da campanha pela PEC 82.<\/p>\n","protected":false},"author":2,"featured_media":3152,"comment_status":"open","ping_status":"open","sticky":false,"template":"","format":"standard","meta":{"footnotes":""},"categories":[8],"tags":[28,29,30],"featured_image_url":"https:\/\/sinprofaz.org.br\/2024\/wp-content\/uploads\/2016\/03\/013-800x198.jpg","character_count":1997,"formatted_date":"09\/03\/2016 - 19:37","contentNovo":"O Dia Nacional da Advocacia P\u00fablica foi comemorado com uma cerim\u00f4nia no plen\u00e1rio Ulysses Guimar\u00e3es da C\u00e2mara dos Deputados. A sess\u00e3o solene ocorreu nessa ter\u00e7a-feira, 8 de mar\u00e7o, e marcou o relan\u00e7amento da campanha pela PEC 82\/07, a PEC da Probidade. Membros da Carreira e parlamentes prestigiaram a solenidade, em que as advogadas p\u00fablicas tamb\u00e9m foram homenageadas pelo Dia Internacional da Mulher.\r\n\r\nO SINPROFAZ foi representado, na mesa da cerim\u00f4nia, pelo presidente Achilles Frias. Em seu discurso, o presidente defendeu a PEC 82 como instrumento essencial ao exerc\u00edcio da Advocacia P\u00fablica. \"Seja Federal, Estadual ou Municipal, a Advocacia P\u00fablica \u00e9 uma Advocacia de Estado e n\u00e3o de governo. A PEC 82 visa resgatar a dignidade da Advocacia P\u00fablica para que ela n\u00e3o se submeta aos interesses governamentais mas, sim, para que defensa os reais interesses do Estado. A aprova\u00e7\u00e3o da PEC 82 nos garantir\u00e1 autonomia para defender o que \u00e9 do povo brasileiro\", ressaltou Achilles Frias.\r\n\r\nConfira a \u00edntegra do discurso do presidente Achilles Frias:\r\n\r\n\r\n\r\n&nbsp;\r\n\r\nRog\u00e9rio Rosso (PSD\/DF) foi quem viabilizou a sess\u00e3o solene. Ao falar sobre o relan\u00e7amento da PEC 82, o deputado destacou a singularidade do sistema constitucional brasileiro: \"A reforma constitucional, no Brasil, \u00e9 permanente, na medida em que se t\u00eam centenas de PECs tramitando simultaneamente\". Advogado de forma\u00e7\u00e3o, Rog\u00e9rio Rosso se identifica com os pleitos da Carreira. Tanto que, durante a fala, ressaltou o orgulho em defender a Advocacia P\u00fablica no Congresso Nacional. \"Por convic\u00e7\u00e3o, tenho a honra de fazer parte da Frente Parlamentar em Defesa da Advocacia-Geral da Uni\u00e3o.\"\r\n\r\nDurante a sess\u00e3o solene, a deputada Soraya Santos (PMDB\/RJ) tamb\u00e9m expressou seu orgulho em estar novamente em uma cerim\u00f4nia da Advocacia P\u00fablica no Congresso Nacional e lembrou a mobiliza\u00e7\u00e3o liderada pela Carreira durante o ano de 2015, em prol da PEC 443. \"A Categoria, de forma ordeira, batalhou pela PEC 443. Por meio desta cerim\u00f4nia, voc\u00eas come\u00e7am o ano de maneira nobre e v\u00eam para dizer que t\u00eam condi\u00e7\u00f5es de ajudar o Brasil, mas que precisam de ferramentas para isso. Estamos juntos na PEC 82\", afirmou a deputada.\r\n\r\nEm nome do SINPROFAZ e do presidente Achilles Frias, o deputado Tadeu Alencar (PSB\/PE) parabenizou os advogados pelo Dia Nacional da Advocacia P\u00fablica. Em discurso, falou sobre a evolu\u00e7\u00e3o da AGU e pediu \u00e0s institui\u00e7\u00f5es de Estado equil\u00edbrio, pondera\u00e7\u00e3o, esp\u00edrito p\u00fablico, vis\u00e3o republicana e respeito \u00e0 Democracia. \"A Advocacia P\u00fablica deste pa\u00eds vem dando mostras de uma vitalidade incomum. Cheguei \u00e0 Procuradoria da Fazenda Nacional nos idos de 1993, quando a Advocacia da Uni\u00e3o come\u00e7ava a se estruturar, mesmo em condi\u00e7\u00f5es prec\u00e1rias de atua\u00e7\u00e3o. Nessa caminhada, os anos mostraram o compromisso que temos com o Estado brasileiro\", ressaltou Tadeu Alencar.\r\n\r\nO deputado Izalci Ferreira (PSDB\/DF) tamb\u00e9m esteve presente na sess\u00e3o solene em comemora\u00e7\u00e3o ao Dia Nacional da Advocacia P\u00fablica e afirmou seu apoio \u00e0 Carreira: \"\u00c0 Advocacia P\u00fablica da Uni\u00e3o, cabe a eficaz defesa do interesse p\u00fablico e dos direitos fundamentais da sociedade. Deixo aqui registrado minha admira\u00e7\u00e3o e apresso por essa institui\u00e7\u00e3o, Fun\u00e7\u00e3o Essencial \u00e0 Justi\u00e7a que tanto nos orgulha. Podem contar com meu apoio \u00e0 PEC 82\". Entre outros parlamentares presentes na sess\u00e3o solene, estiveram R\u00f4mulo Gouveia (PSD\/PB), Andr\u00e9 Moura (PSC\/SE), Fl\u00e1vio Nogueira (PDT\/PI), Rubens Bueno (PPS\/PR) e \u00c9rika Kokay (PT\/DF).\r\n\r\n[gallery link=\"file\" ids=\"3156,3155,3154,3153\"]","_links":{"self":[{"href":"https:\/\/sinprofaz.org.br\/2024\/wp-json\/wp\/v2\/posts\/3151"}],"collection":[{"href":"https:\/\/sinprofaz.org.br\/2024\/wp-json\/wp\/v2\/posts"}],"about":[{"href":"https:\/\/sinprofaz.org.br\/2024\/wp-json\/wp\/v2\/types\/post"}],"author":[{"embeddable":true,"href":"https:\/\/sinprofaz.org.br\/2024\/wp-json\/wp\/v2\/users\/2"}],"replies":[{"embeddable":true,"href":"https:\/\/sinprofaz.org.br\/2024\/wp-json\/wp\/v2\/comments?post=3151"}],"version-history":[{"count":3,"href":"https:\/\/sinprofaz.org.br\/2024\/wp-json\/wp\/v2\/posts\/3151\/revisions"}],"predecessor-version":[{"id":9598,"href":"https:\/\/sinprofaz.org.br\/2024\/wp-json\/wp\/v2\/posts\/3151\/revisions\/9598"}],"wp:featuredmedia":[{"embeddable":true,"href":"https:\/\/sinprofaz.org.br\/2024\/wp-json\/wp\/v2\/media\/3152"}],"wp:attachment":[{"href":"https:\/\/sinprofaz.org.br\/2024\/wp-json\/wp\/v2\/media?parent=3151"}],"wp:term":[{"taxonomy":"category","embeddable":true,"href":"https:\/\/sinprofaz.org.br\/2024\/wp-json\/wp\/v2\/categories?post=3151"},{"taxonomy":"post_tag","embeddable":true,"href":"https:\/\/sinprofaz.org.br\/2024\/wp-json\/wp\/v2\/tags?post=3151"}],"curies":[{"name":"wp","href":"https:\/\/api.w.org\/{rel}","templated":true}]}}