{"id":314,"date":"2011-09-08T18:34:21","date_gmt":"2011-09-08T18:34:21","guid":{"rendered":""},"modified":"-0001-11-30T00:00:00","modified_gmt":"-0001-11-30T03:00:00","slug":"convite-aos-colegas-pfns-aposentados","status":"publish","type":"post","link":"https:\/\/sinprofaz.org.br\/2024\/noticias\/convite-aos-colegas-pfns-aposentados\/","title":{"rendered":"Convite aos colegas PFNs aposentados"},"content":{"rendered":"<p>O diretor Jos\u00e9 Vila\u00e7o da Silva, com o prop\u00f3sito de aproximar os aposentados de sua institui\u00e7\u00e3o classista e tamb\u00e9m estabelecer um canal de comunica\u00e7\u00e3o interativo, enviou comunicado aos colegas inativos informando as prioridades do Sindicato pare este segmento da carreira.<\/p>\n<p>Al\u00e9m disso, estimula os colegas a oferecerem sugest\u00f5es sobre as demandas espec\u00edficas dos aposentados e\/ou respectivos pensionistas. Desta forma, o Sindicato poder\u00e1 adotar a\u00e7\u00f5es efetivas que possam garantir maior aten\u00e7\u00e3o aos pleitos e, conseq\u00fcentemente, agilidade na solu\u00e7\u00e3o das demandas dos colegas que se encontram na inatividade.<\/p>\n<p>Jos\u00e9 Vila\u00e7o esclarece que \u201ca plataforma da campanha eleitoral deixou expresso o prop\u00f3sito de fortalecimento da Diretoria de Aposentados e, de fato, temos contado com apoio efetivo de toda a Diretoria do SINPROFAZ para levar avante a tarefa. Sendo eu tamb\u00e9m aposentado, sinto-me no dever de contribuir para dar efetividade a essa proposta, buscando prestigiar aqueles que contribu\u00edram com seu trabalho e dedica\u00e7\u00e3o para a relev\u00e2ncia hoje ostentada pela carreira\u201d.<\/p>\n<p>No comunicado, Vila\u00e7o, que ingressou na PGFN em 1982, apresenta-se \u00e0 carreira e comenta as principais demandas de interesse espec\u00edfico dos aposentados como a aprova\u00e7\u00e3o da Proposta de Emenda Constitucional \u2013 PEC 555\/2006, que extingue a contribui\u00e7\u00e3o previdenci\u00e1ria dos Inativos; a aprova\u00e7\u00e3o da PEC 270-A\/2008, que assegura o direito de paridade e integralidade de proventos de aposentadoria; e a retifica\u00e7\u00e3o e uniformiza\u00e7\u00e3o da edi\u00e7\u00e3o dos atos de aposentadoria dos Procuradores da Fazenda Nacional, para consignar o direito \u00e0 paridade e integralidade.<\/p>\n<p>Sobre este \u00faltimo item, o SINPROFAZ tomar\u00e1 medida administrativa. Vai protocolizar junto aos \u00f3rg\u00e3os competentes do Minist\u00e9rio da Fazenda um pedido de edi\u00e7\u00e3o de ato objetivando retificar e uniformizar a edi\u00e7\u00e3o de atos de aposentadoria dos PFNs para consignar o direito a paridade e integralidade, como ocorre nos atos de aposentadoria editados por algumas Superintend\u00eancias Regionais do pr\u00f3prio Minist\u00e9rio da Fazenda e em todos os atos de aposentadoria dos Advogados da Uni\u00e3o.<\/p>\n<p>Esta provid\u00eancia decorreu de sugest\u00e3o e efetiva contribui\u00e7\u00e3o do colega Jos\u00e9 Rinaldo Albino, incans\u00e1vel defensor dos direitos da carreira. A exposi\u00e7\u00e3o de motivos justificando a medida ser\u00e1 postada no site <a href=\"http:\/\/annyella.sinprofaz2014\/\">www.sinprofaz.org.br<\/a>.<\/p>\n<p>As solu\u00e7\u00f5es de outras demandas poder\u00e3o ser buscadas a partir de sugest\u00f5es e contribui\u00e7\u00f5es dos colegas aposentados. Assim sendo, reiteramos pedidos de colabora\u00e7\u00e3o de todos os colegas no sentido de interagir com o SINPROFAZ, ofertando sugest\u00f5es e cr\u00edticas construtivas na busca incessante de assegurar as conquistas obtidas e ampliar outras, objetivando o fortalecimento da carreira.<\/p>\n<p>Para efetividade dessa intera\u00e7\u00e3o, apresenta\u00e7\u00e3o de sugest\u00f5es e efetiva participa\u00e7\u00e3o nos destinos do SINPROFAZ, acessem a lista de discuss\u00e3o: <a href=\"lista\" target=\"_blank\">http:\/\/www.sinprofaz.org.br\/lista<\/a>. Para mensagem de car\u00e1ter pessoal ou reservada, disponibilizamos o e-mail do diretor Jos\u00e9 Vila\u00e7o: <a href=\"mailto:advilaco@uol.com.br\">advilaco@uol.com.br<\/a>.<\/p>\n","protected":false},"excerpt":{"rendered":"<p>A Diretoria de Assuntos Relativos aos Aposentados e Servi\u00e7os Assistenciais convida os colegas aposentados a se aproximarem do Sindicato e participarem das mobiliza\u00e7\u00f5es convocadas.<\/p>\n","protected":false},"author":1,"featured_media":0,"comment_status":"closed","ping_status":"open","sticky":false,"template":"","format":"standard","meta":{"footnotes":""},"categories":[8],"tags":[],"featured_image_url":"https:\/\/dummyimage.com\/720x400","character_count":1543,"formatted_date":"08\/09\/2011 - 18:34","contentNovo":"\r\n<p>O diretor Jos\u00e9 Vila\u00e7o da Silva, com o prop\u00f3sito de aproximar os aposentados de sua institui\u00e7\u00e3o classista e tamb\u00e9m estabelecer um canal de comunica\u00e7\u00e3o interativo, enviou comunicado aos colegas inativos informando as prioridades do Sindicato pare este segmento da carreira.<\/p>\r\n<p>Al\u00e9m disso, estimula os colegas a oferecerem sugest\u00f5es sobre as demandas espec\u00edficas dos aposentados e\/ou respectivos pensionistas. Desta forma, o Sindicato poder\u00e1 adotar a\u00e7\u00f5es efetivas que possam garantir maior aten\u00e7\u00e3o aos pleitos e, conseq\u00fcentemente, agilidade na solu\u00e7\u00e3o das demandas dos colegas que se encontram na inatividade.<\/p>\r\n<p>Jos\u00e9 Vila\u00e7o esclarece que \u201ca plataforma da campanha eleitoral deixou expresso o prop\u00f3sito de fortalecimento da Diretoria de Aposentados e, de fato, temos contado com apoio efetivo de toda a Diretoria do SINPROFAZ para levar avante a tarefa. Sendo eu tamb\u00e9m aposentado, sinto-me no dever de contribuir para dar efetividade a essa proposta, buscando prestigiar aqueles que contribu\u00edram com seu trabalho e dedica\u00e7\u00e3o para a relev\u00e2ncia hoje ostentada pela carreira\u201d.<\/p>\r\n<p>No comunicado, Vila\u00e7o, que ingressou na PGFN em 1982, apresenta-se \u00e0 carreira e comenta as principais demandas de interesse espec\u00edfico dos aposentados como a aprova\u00e7\u00e3o da Proposta de Emenda Constitucional \u2013 PEC 555\/2006, que extingue a contribui\u00e7\u00e3o previdenci\u00e1ria dos Inativos; a aprova\u00e7\u00e3o da PEC 270-A\/2008, que assegura o direito de paridade e integralidade de proventos de aposentadoria; e a retifica\u00e7\u00e3o e uniformiza\u00e7\u00e3o da edi\u00e7\u00e3o dos atos de aposentadoria dos Procuradores da Fazenda Nacional, para consignar o direito \u00e0 paridade e integralidade.<\/p>\r\n<p>Sobre este \u00faltimo item, o SINPROFAZ tomar\u00e1 medida administrativa. Vai protocolizar junto aos \u00f3rg\u00e3os competentes do Minist\u00e9rio da Fazenda um pedido de edi\u00e7\u00e3o de ato objetivando retificar e uniformizar a edi\u00e7\u00e3o de atos de aposentadoria dos PFNs para consignar o direito a paridade e integralidade, como ocorre nos atos de aposentadoria editados por algumas Superintend\u00eancias Regionais do pr\u00f3prio Minist\u00e9rio da Fazenda e em todos os atos de aposentadoria dos Advogados da Uni\u00e3o.<\/p>\r\n<p>Esta provid\u00eancia decorreu de sugest\u00e3o e efetiva contribui\u00e7\u00e3o do colega Jos\u00e9 Rinaldo Albino, incans\u00e1vel defensor dos direitos da carreira. A exposi\u00e7\u00e3o de motivos justificando a medida ser\u00e1 postada no site <a href=\"http:\/\/annyella.sinprofaz2014\/\">www.sinprofaz.org.br<\/a>.<\/p>\r\n<p>As solu\u00e7\u00f5es de outras demandas poder\u00e3o ser buscadas a partir de sugest\u00f5es e contribui\u00e7\u00f5es dos colegas aposentados. Assim sendo, reiteramos pedidos de colabora\u00e7\u00e3o de todos os colegas no sentido de interagir com o SINPROFAZ, ofertando sugest\u00f5es e cr\u00edticas construtivas na busca incessante de assegurar as conquistas obtidas e ampliar outras, objetivando o fortalecimento da carreira.<\/p>\r\n<p>Para efetividade dessa intera\u00e7\u00e3o, apresenta\u00e7\u00e3o de sugest\u00f5es e efetiva participa\u00e7\u00e3o nos destinos do SINPROFAZ, acessem a lista de discuss\u00e3o: <a href=\"lista\" target=\"_blank\">http:\/\/www.sinprofaz.org.br\/lista<\/a>. Para mensagem de car\u00e1ter pessoal ou reservada, disponibilizamos o e-mail do diretor Jos\u00e9 Vila\u00e7o: <a href=\"mailto:advilaco@uol.com.br\">advilaco@uol.com.br<\/a>.<\/p>","_links":{"self":[{"href":"https:\/\/sinprofaz.org.br\/2024\/wp-json\/wp\/v2\/posts\/314"}],"collection":[{"href":"https:\/\/sinprofaz.org.br\/2024\/wp-json\/wp\/v2\/posts"}],"about":[{"href":"https:\/\/sinprofaz.org.br\/2024\/wp-json\/wp\/v2\/types\/post"}],"author":[{"embeddable":true,"href":"https:\/\/sinprofaz.org.br\/2024\/wp-json\/wp\/v2\/users\/1"}],"replies":[{"embeddable":true,"href":"https:\/\/sinprofaz.org.br\/2024\/wp-json\/wp\/v2\/comments?post=314"}],"version-history":[{"count":0,"href":"https:\/\/sinprofaz.org.br\/2024\/wp-json\/wp\/v2\/posts\/314\/revisions"}],"wp:attachment":[{"href":"https:\/\/sinprofaz.org.br\/2024\/wp-json\/wp\/v2\/media?parent=314"}],"wp:term":[{"taxonomy":"category","embeddable":true,"href":"https:\/\/sinprofaz.org.br\/2024\/wp-json\/wp\/v2\/categories?post=314"},{"taxonomy":"post_tag","embeddable":true,"href":"https:\/\/sinprofaz.org.br\/2024\/wp-json\/wp\/v2\/tags?post=314"}],"curies":[{"name":"wp","href":"https:\/\/api.w.org\/{rel}","templated":true}]}}