{"id":306,"date":"2011-09-02T16:07:57","date_gmt":"2011-09-02T16:07:57","guid":{"rendered":""},"modified":"-0001-11-30T00:00:00","modified_gmt":"-0001-11-30T03:00:00","slug":"sinprofaz-participa-de-ato-pela-aprovacao-das-pecs-555-e-270","status":"publish","type":"post","link":"https:\/\/sinprofaz.org.br\/2024\/noticias\/sinprofaz-participa-de-ato-pela-aprovacao-das-pecs-555-e-270\/","title":{"rendered":"SINPROFAZ participa de ato pela aprova\u00e7\u00e3o das PECs 555 e 270"},"content":{"rendered":"<p>O audit\u00f3rio Petr\u00f4nio Portela no Senado Federal sediou grande ato que reuniu entidades representativas dos servidores p\u00fablicos pela aprova\u00e7\u00e3o de proposi\u00e7\u00f5es de interesse dos aposentados. SINPROFAZ marcou presen\u00e7a.<\/p>\n<p>O evento ocorreu durante todo o dia 31 de agosto e teve a participa\u00e7\u00e3o do diretor de Assuntos Relativos aos Aposentados e Servi\u00e7os do SINPROFAZ, Jos\u00e9 Vila\u00e7o.<\/p>\n<p>Promovido pelo Instituto Mosap &#8211; Movimento dos Servidores Aposentados e Pensionistas, o ato contou com a presen\u00e7a dos autores das PECs 555 e 270, al\u00e9m de muitos outros deputados e senadores comprometidos com a aprova\u00e7\u00e3o dessas propostas que buscam resgatar direitos e a dignidade dos aposentados e pensionistas.<\/p>\n<p>A PEC 555\/2006, de autoria do ex-deputado federal Carlos Mota, p\u00f5e fim \u00e0 cobran\u00e7a da contribui\u00e7\u00e3o previdenci\u00e1ria para servidores inativos. Mota \u00e9 procurador federal e vice-presidente da ANPPREV, entidade-membro do Forum Nacional da Advocacia P\u00fablica Federal.<\/p>\n<p>J\u00e1 a PEC 270\/2008, de autoria da deputada Andreia Zito (PSDB\/RJ), busca garantir o retorno da integralidade e da paridade para os servidores aposentados por invalidez permanente.<\/p>\n<p>A promulga\u00e7\u00e3o dessas duas propostas de emendas constitucionais \u00e9 de suma import\u00e2ncia para amenizar as injusti\u00e7as criadas pelas reformas previdenci\u00e1rias dos \u00faltimos anos.<\/p>\n<p>O audit\u00f3rio Petr\u00f4nio Portela, cuja capacidade \u00e9 de 490 pessoas sentadas, ficou pequeno para a grande plat\u00e9ia que acompanhou e participou da mobiliza\u00e7\u00e3o em favor dos aposentados.<\/p>\n<p>Durante o evento, o diretor do SINPROFAZ manteve v\u00e1rios contatos com os l\u00edderes do movimento de aposentados. Para Jos\u00e9 Vila\u00e7o, \u201cse o governo se empenhar na vota\u00e7\u00e3o dessas mat\u00e9rias, isto significar\u00e1 a restaura\u00e7\u00e3o de direitos suprimidos aos aposentados, principalmente o de n\u00e3o voltar a contribuir na inatividade. Al\u00e9m disso, ir\u00e1 corrigir inomin\u00e1vel injusti\u00e7a\u201d.<\/p>\n","protected":false},"excerpt":{"rendered":"<p>O audit\u00f3rio Petr\u00f4nio Portela no Senado Federal sediou grande ato que reuniu entidades representativas dos servidores p\u00fablicos pela aprova\u00e7\u00e3o de proposi\u00e7\u00f5es de interesse dos aposentados. SINPROFAZ marcou presen\u00e7a.<\/p>\n","protected":false},"author":1,"featured_media":0,"comment_status":"closed","ping_status":"open","sticky":false,"template":"","format":"standard","meta":{"footnotes":""},"categories":[8],"tags":[],"featured_image_url":"https:\/\/dummyimage.com\/720x400","character_count":947,"formatted_date":"02\/09\/2011 - 16:07","contentNovo":"\r\n<p>O audit\u00f3rio Petr\u00f4nio Portela no Senado Federal sediou grande ato que reuniu entidades representativas dos servidores p\u00fablicos pela aprova\u00e7\u00e3o de proposi\u00e7\u00f5es de interesse dos aposentados. SINPROFAZ marcou presen\u00e7a.<\/p>\r\n<p>O evento ocorreu durante todo o dia 31 de agosto e teve a participa\u00e7\u00e3o do diretor de Assuntos Relativos aos Aposentados e Servi\u00e7os do SINPROFAZ, Jos\u00e9 Vila\u00e7o.<\/p>\r\n<p>Promovido pelo Instituto Mosap - Movimento dos Servidores Aposentados e Pensionistas, o ato contou com a presen\u00e7a dos autores das PECs 555 e 270, al\u00e9m de muitos outros deputados e senadores comprometidos com a aprova\u00e7\u00e3o dessas propostas que buscam resgatar direitos e a dignidade dos aposentados e pensionistas.<\/p>\r\n<p>A PEC 555\/2006, de autoria do ex-deputado federal Carlos Mota, p\u00f5e fim \u00e0 cobran\u00e7a da contribui\u00e7\u00e3o previdenci\u00e1ria para servidores inativos. Mota \u00e9 procurador federal e vice-presidente da ANPPREV, entidade-membro do Forum Nacional da Advocacia P\u00fablica Federal.<\/p>\r\n<p>J\u00e1 a PEC 270\/2008, de autoria da deputada Andreia Zito (PSDB\/RJ), busca garantir o retorno da integralidade e da paridade para os servidores aposentados por invalidez permanente.<\/p>\r\n<p>A promulga\u00e7\u00e3o dessas duas propostas de emendas constitucionais \u00e9 de suma import\u00e2ncia para amenizar as injusti\u00e7as criadas pelas reformas previdenci\u00e1rias dos \u00faltimos anos.<\/p>\r\n<p>O audit\u00f3rio Petr\u00f4nio Portela, cuja capacidade \u00e9 de 490 pessoas sentadas, ficou pequeno para a grande plat\u00e9ia que acompanhou e participou da mobiliza\u00e7\u00e3o em favor dos aposentados.<\/p>\r\n<p>Durante o evento, o diretor do SINPROFAZ manteve v\u00e1rios contatos com os l\u00edderes do movimento de aposentados. Para Jos\u00e9 Vila\u00e7o, \u201cse o governo se empenhar na vota\u00e7\u00e3o dessas mat\u00e9rias, isto significar\u00e1 a restaura\u00e7\u00e3o de direitos suprimidos aos aposentados, principalmente o de n\u00e3o voltar a contribuir na inatividade. Al\u00e9m disso, ir\u00e1 corrigir inomin\u00e1vel injusti\u00e7a\u201d.<\/p>","_links":{"self":[{"href":"https:\/\/sinprofaz.org.br\/2024\/wp-json\/wp\/v2\/posts\/306"}],"collection":[{"href":"https:\/\/sinprofaz.org.br\/2024\/wp-json\/wp\/v2\/posts"}],"about":[{"href":"https:\/\/sinprofaz.org.br\/2024\/wp-json\/wp\/v2\/types\/post"}],"author":[{"embeddable":true,"href":"https:\/\/sinprofaz.org.br\/2024\/wp-json\/wp\/v2\/users\/1"}],"replies":[{"embeddable":true,"href":"https:\/\/sinprofaz.org.br\/2024\/wp-json\/wp\/v2\/comments?post=306"}],"version-history":[{"count":0,"href":"https:\/\/sinprofaz.org.br\/2024\/wp-json\/wp\/v2\/posts\/306\/revisions"}],"wp:attachment":[{"href":"https:\/\/sinprofaz.org.br\/2024\/wp-json\/wp\/v2\/media?parent=306"}],"wp:term":[{"taxonomy":"category","embeddable":true,"href":"https:\/\/sinprofaz.org.br\/2024\/wp-json\/wp\/v2\/categories?post=306"},{"taxonomy":"post_tag","embeddable":true,"href":"https:\/\/sinprofaz.org.br\/2024\/wp-json\/wp\/v2\/tags?post=306"}],"curies":[{"name":"wp","href":"https:\/\/api.w.org\/{rel}","templated":true}]}}