{"id":305,"date":"2011-09-02T14:47:02","date_gmt":"2011-09-02T14:47:02","guid":{"rendered":""},"modified":"-0001-11-30T00:00:00","modified_gmt":"-0001-11-30T03:00:00","slug":"senador-wilson-santiago-enaltece-valores-da-advocacia-publica","status":"publish","type":"post","link":"https:\/\/sinprofaz.org.br\/2024\/noticias\/senador-wilson-santiago-enaltece-valores-da-advocacia-publica\/","title":{"rendered":"Senador Wilson Santiago enaltece valores da Advocacia P\u00fablica"},"content":{"rendered":"<p>O senador Wilson Santiago (PMDB\/PB) foi enf\u00e1tico na defesa das propostas de emenda \u00e0 Constitui\u00e7\u00e3o, ressaltando que profissionais dessa magnitude n\u00e3o podem estar sujeitos a qualquer tipo de press\u00e3o, amea\u00e7a e falta de independ\u00eancia. \u201cNeste momento, n\u00e3o h\u00e1 que se falar em mudan\u00e7as nas pol\u00edticas p\u00fablicas e, sim, no acolhimento dos ditames constitucionais, j\u00e1 que \u00e9 reconhecido por todos n\u00f3s\u201d.<\/p>\n<p>O tratamento conferido hoje \u00e0 Advocacia P\u00fablica, alertou o parlamentar, \u201cfaz com que muitos profissionais da \u00e1rea deixem de atuar e procurem outras carreiras jur\u00eddicas, ocasionando, como temos constatado, grande preju\u00edzo ao Estado brasileiro\u201d.<\/p>\n<p>Em outro ponto do discurso, Wilson Santiago chamou aten\u00e7\u00e3o para a necessidade da cria\u00e7\u00e3o de uma efetiva carreira de apoio, moderniza\u00e7\u00e3o das instala\u00e7\u00f5es e funcionalidades t\u00e9cnicas dos sistemas de inform\u00e1tica; al\u00e9m da implanta\u00e7\u00e3o de remunera\u00e7\u00e3o ison\u00f4mica em rela\u00e7\u00e3o \u00e0s demais Fun\u00e7\u00f5es Essenciais \u00e0 Justi\u00e7a.<\/p>\n<p>Para o presidente do SINPROFAZ e do Forum Nacional, Allan Titonelli, iniciativas como a do senador da Para\u00edba s\u00e3o resultado do trabalho cotidiano da Advocacia P\u00fablica Federal.\u201cEstamos construindo uma visibilidade maior, conquistando maiores adeptos e demonstrando nossa relev\u00e2ncia\u201d observou.<\/p>\n<p>Sem d\u00favida, a mobiliza\u00e7\u00e3o permanente do Forum e do SINPROFAZ vem esclarecendo ao Parlamento brasileiro a import\u00e2ncia de valorizar a Advocacia P\u00fablica Federal.<\/p>\n<p><b>&nbsp;<\/b><\/p>\n","protected":false},"excerpt":{"rendered":"<p>Em pronunciamento proferido no dia 31 de agosto, o parlamentar registrou apoio \u00e0s PECs 443 e 452, considerando-as necess\u00e1rias ao exerc\u00edcio pleno das atribui\u00e7\u00f5es da Advocacia P\u00fablica.<\/p>\n","protected":false},"author":1,"featured_media":0,"comment_status":"closed","ping_status":"open","sticky":false,"template":"","format":"standard","meta":{"footnotes":""},"categories":[8],"tags":[],"featured_image_url":"https:\/\/dummyimage.com\/720x400","character_count":731,"formatted_date":"02\/09\/2011 - 14:47","contentNovo":"\r\n<p>O senador Wilson Santiago (PMDB\/PB) foi enf\u00e1tico na defesa das propostas de emenda \u00e0 Constitui\u00e7\u00e3o, ressaltando que profissionais dessa magnitude n\u00e3o podem estar sujeitos a qualquer tipo de press\u00e3o, amea\u00e7a e falta de independ\u00eancia. \u201cNeste momento, n\u00e3o h\u00e1 que se falar em mudan\u00e7as nas pol\u00edticas p\u00fablicas e, sim, no acolhimento dos ditames constitucionais, j\u00e1 que \u00e9 reconhecido por todos n\u00f3s\u201d.<\/p>\r\n<p>O tratamento conferido hoje \u00e0 Advocacia P\u00fablica, alertou o parlamentar, \u201cfaz com que muitos profissionais da \u00e1rea deixem de atuar e procurem outras carreiras jur\u00eddicas, ocasionando, como temos constatado, grande preju\u00edzo ao Estado brasileiro\u201d.<\/p>\r\n<p>Em outro ponto do discurso, Wilson Santiago chamou aten\u00e7\u00e3o para a necessidade da cria\u00e7\u00e3o de uma efetiva carreira de apoio, moderniza\u00e7\u00e3o das instala\u00e7\u00f5es e funcionalidades t\u00e9cnicas dos sistemas de inform\u00e1tica; al\u00e9m da implanta\u00e7\u00e3o de remunera\u00e7\u00e3o ison\u00f4mica em rela\u00e7\u00e3o \u00e0s demais Fun\u00e7\u00f5es Essenciais \u00e0 Justi\u00e7a.<\/p>\r\n<p>Para o presidente do SINPROFAZ e do Forum Nacional, Allan Titonelli, iniciativas como a do senador da Para\u00edba s\u00e3o resultado do trabalho cotidiano da Advocacia P\u00fablica Federal.\u201cEstamos construindo uma visibilidade maior, conquistando maiores adeptos e demonstrando nossa relev\u00e2ncia\u201d observou.<\/p>\r\n<p>Sem d\u00favida, a mobiliza\u00e7\u00e3o permanente do Forum e do SINPROFAZ vem esclarecendo ao Parlamento brasileiro a import\u00e2ncia de valorizar a Advocacia P\u00fablica Federal.<\/p>\r\n<p>&nbsp;<\/p>","_links":{"self":[{"href":"https:\/\/sinprofaz.org.br\/2024\/wp-json\/wp\/v2\/posts\/305"}],"collection":[{"href":"https:\/\/sinprofaz.org.br\/2024\/wp-json\/wp\/v2\/posts"}],"about":[{"href":"https:\/\/sinprofaz.org.br\/2024\/wp-json\/wp\/v2\/types\/post"}],"author":[{"embeddable":true,"href":"https:\/\/sinprofaz.org.br\/2024\/wp-json\/wp\/v2\/users\/1"}],"replies":[{"embeddable":true,"href":"https:\/\/sinprofaz.org.br\/2024\/wp-json\/wp\/v2\/comments?post=305"}],"version-history":[{"count":0,"href":"https:\/\/sinprofaz.org.br\/2024\/wp-json\/wp\/v2\/posts\/305\/revisions"}],"wp:attachment":[{"href":"https:\/\/sinprofaz.org.br\/2024\/wp-json\/wp\/v2\/media?parent=305"}],"wp:term":[{"taxonomy":"category","embeddable":true,"href":"https:\/\/sinprofaz.org.br\/2024\/wp-json\/wp\/v2\/categories?post=305"},{"taxonomy":"post_tag","embeddable":true,"href":"https:\/\/sinprofaz.org.br\/2024\/wp-json\/wp\/v2\/tags?post=305"}],"curies":[{"name":"wp","href":"https:\/\/api.w.org\/{rel}","templated":true}]}}