{"id":303,"date":"2011-09-01T14:03:49","date_gmt":"2011-09-01T14:03:49","guid":{"rendered":""},"modified":"2016-05-17T19:37:36","modified_gmt":"2016-05-17T19:37:36","slug":"dirigentes-do-forum-se-reunem-com-presidente-da-amb","status":"publish","type":"post","link":"https:\/\/sinprofaz.org.br\/2024\/noticias\/dirigentes-do-forum-se-reunem-com-presidente-da-amb\/","title":{"rendered":"Dirigentes do Forum se re\u00fanem com presidente da AMB"},"content":{"rendered":"<p><img loading=\"lazy\" decoding=\"async\" style=\"margin-right: 10px; border: 1px solid #000000; float: left;\" alt=\"\" src=\"images\/noticias\/dirigentes-do-forum-se-reunem-com-presidente-da-amb\/dsc_2830.jpg\" height=\"154\" width=\"218\" \/>Os representantes da Advocacia P\u00fablica Federal prestaram solidariedade sobre a morte da Ju\u00edza Patr\u00edcia Acioli, covardemente assassinada com 21 tiros na porta de casa, no dia 11 de agosto, em Niter\u00f3i (RJ). Tamb\u00e9m elogiaram a atua\u00e7\u00e3o da AMB em prol da ado\u00e7\u00e3o de uma pol\u00edtica nacional de seguran\u00e7a e disseram apoiar a iniciativa.<\/p>\n<p>Foi ressaltado que a Advocacia P\u00fablica Federal tamb\u00e9m enfrenta problemas semelhantes quando atua em a\u00e7\u00f5es de improbidade, no combate a corrup\u00e7\u00e3o, \u00e0 sonega\u00e7\u00e3o e lavagem de dinheiro, motivo pelo qual \u00e9 necess\u00e1rio refor\u00e7ar o papel das Fun\u00e7\u00f5es Essenciais \u00e0 Justi\u00e7a. \u201c\u00c9 necess\u00e1rio refor\u00e7ar a seguran\u00e7a dos Magistrados e de todas as carreiras que comp\u00f5em as Fun\u00e7\u00f5es Essenciais \u00e0 Justi\u00e7a, para haver o exerc\u00edcio da presta\u00e7\u00e3o jurisdicional com imparcialidade e independ\u00eancia\u201d, defendeu o presidente do Forum, Allan Titonelli.<\/p>\n<p>\u201cA nossa vinda \u00e9 para sermos solid\u00e1rios \u00e0s causas da AMB. Contem conosco\u201d, disse o diretor de Comunica\u00e7\u00e3o do Forum e presidente da ANPAF, Rog\u00e9rio Filomeno.<\/p>\n<p>Na oportunidade, o presidente da AMB destacou a import\u00e2ncia das carreiras da AGU e da necessidade de seguran\u00e7a tamb\u00e9m aos seus membros. \u201cS\u00e3o carreiras extremamente fundamentais. Carreiras de juristas e que precisam de prote\u00e7\u00e3o do Estado. Considero que sou um parceiro da AGU em todas as suas caminhadas\u201d, disse.<\/p>\n<p>Al\u00e9m da quest\u00e3o da falta de seguran\u00e7a, o presidente Calandra destacou que os membros da AGU t\u00eam o direito de receber os honor\u00e1rios advocat\u00edcios. \u201cA minha vis\u00e3o \u00e9 a de que a Advocacia P\u00fablica pode mudar o Brasil. \u00c9 preciso analisar a quest\u00e3o dos honor\u00e1rios para voc\u00eas. Isso n\u00e3o \u00e9 gorjeta, n\u00e3o \u00e9 esmola, \u00e9 um direito do advogado\u201d, finalizou.<\/p>\n<p><img loading=\"lazy\" decoding=\"async\" style=\"margin-top: 5px; margin-right: 5px; border: 1px solid #000000; float: left;\" alt=\"\" src=\"images\/noticias\/dirigentes-do-forum-se-reunem-com-presidente-da-amb\/dsc_2830.jpg\" height=\"154\" width=\"218\" \/><img loading=\"lazy\" decoding=\"async\" style=\"margin-right: 5px; margin-top: 5px; border: 1px solid #000000; float: left;\" alt=\"Congresso GO e TRT\" src=\"images\/noticias\/dirigentes-do-forum-se-reunem-com-presidente-da-amb\/Congresso_GO_e_TRT.jpg\" height=\"154\" width=\"218\" \/><\/p>\n","protected":false},"excerpt":{"rendered":"<p>Os dirigentes do Forum Nacional da Advocacia P\u00fablica Federal estiveram reunidos na manh\u00e3 desta quarta-feira (31\/08) com o presidente da Associa\u00e7\u00e3o dos Magistrados do Brasil, desembargador Nelson Calandra.<\/p>\n","protected":false},"author":1,"featured_media":4689,"comment_status":"closed","ping_status":"open","sticky":false,"template":"","format":"standard","meta":{"footnotes":""},"categories":[8],"tags":[],"featured_image_url":"https:\/\/sinprofaz.org.br\/2024\/wp-content\/uploads\/2011\/09\/01.jpg","character_count":870,"formatted_date":"01\/09\/2011 - 14:03","contentNovo":"<p>Os representantes da Advocacia P\u00fablica Federal prestaram solidariedade sobre a morte da Ju\u00edza Patr\u00edcia Acioli, covardemente assassinada com 21 tiros na porta de casa, no dia 11 de agosto, em Niter\u00f3i (RJ). Tamb\u00e9m elogiaram a atua\u00e7\u00e3o da AMB em prol da ado\u00e7\u00e3o de uma pol\u00edtica nacional de seguran\u00e7a e disseram apoiar a iniciativa.<\/p>\r\n<p>Foi ressaltado que a Advocacia P\u00fablica Federal tamb\u00e9m enfrenta problemas semelhantes quando atua em a\u00e7\u00f5es de improbidade, no combate a corrup\u00e7\u00e3o, \u00e0 sonega\u00e7\u00e3o e lavagem de dinheiro, motivo pelo qual \u00e9 necess\u00e1rio refor\u00e7ar o papel das Fun\u00e7\u00f5es Essenciais \u00e0 Justi\u00e7a. \u201c\u00c9 necess\u00e1rio refor\u00e7ar a seguran\u00e7a dos Magistrados e de todas as carreiras que comp\u00f5em as Fun\u00e7\u00f5es Essenciais \u00e0 Justi\u00e7a, para haver o exerc\u00edcio da presta\u00e7\u00e3o jurisdicional com imparcialidade e independ\u00eancia\u201d, defendeu o presidente do Forum, Allan Titonelli.<\/p>\r\n<p>\u201cA nossa vinda \u00e9 para sermos solid\u00e1rios \u00e0s causas da AMB. Contem conosco\u201d, disse o diretor de Comunica\u00e7\u00e3o do Forum e presidente da ANPAF, Rog\u00e9rio Filomeno.<\/p>\r\n<p>Na oportunidade, o presidente da AMB destacou a import\u00e2ncia das carreiras da AGU e da necessidade de seguran\u00e7a tamb\u00e9m aos seus membros. \u201cS\u00e3o carreiras extremamente fundamentais. Carreiras de juristas e que precisam de prote\u00e7\u00e3o do Estado. Considero que sou um parceiro da AGU em todas as suas caminhadas\u201d, disse.<\/p>\r\n<p>Al\u00e9m da quest\u00e3o da falta de seguran\u00e7a, o presidente Calandra destacou que os membros da AGU t\u00eam o direito de receber os honor\u00e1rios advocat\u00edcios. \u201cA minha vis\u00e3o \u00e9 a de que a Advocacia P\u00fablica pode mudar o Brasil. \u00c9 preciso analisar a quest\u00e3o dos honor\u00e1rios para voc\u00eas. Isso n\u00e3o \u00e9 gorjeta, n\u00e3o \u00e9 esmola, \u00e9 um direito do advogado\u201d, finalizou.<\/p>\r\n<p><\/p>","_links":{"self":[{"href":"https:\/\/sinprofaz.org.br\/2024\/wp-json\/wp\/v2\/posts\/303"}],"collection":[{"href":"https:\/\/sinprofaz.org.br\/2024\/wp-json\/wp\/v2\/posts"}],"about":[{"href":"https:\/\/sinprofaz.org.br\/2024\/wp-json\/wp\/v2\/types\/post"}],"author":[{"embeddable":true,"href":"https:\/\/sinprofaz.org.br\/2024\/wp-json\/wp\/v2\/users\/1"}],"replies":[{"embeddable":true,"href":"https:\/\/sinprofaz.org.br\/2024\/wp-json\/wp\/v2\/comments?post=303"}],"version-history":[{"count":1,"href":"https:\/\/sinprofaz.org.br\/2024\/wp-json\/wp\/v2\/posts\/303\/revisions"}],"predecessor-version":[{"id":4690,"href":"https:\/\/sinprofaz.org.br\/2024\/wp-json\/wp\/v2\/posts\/303\/revisions\/4690"}],"wp:featuredmedia":[{"embeddable":true,"href":"https:\/\/sinprofaz.org.br\/2024\/wp-json\/wp\/v2\/media\/4689"}],"wp:attachment":[{"href":"https:\/\/sinprofaz.org.br\/2024\/wp-json\/wp\/v2\/media?parent=303"}],"wp:term":[{"taxonomy":"category","embeddable":true,"href":"https:\/\/sinprofaz.org.br\/2024\/wp-json\/wp\/v2\/categories?post=303"},{"taxonomy":"post_tag","embeddable":true,"href":"https:\/\/sinprofaz.org.br\/2024\/wp-json\/wp\/v2\/tags?post=303"}],"curies":[{"name":"wp","href":"https:\/\/api.w.org\/{rel}","templated":true}]}}