{"id":284,"date":"2011-08-25T14:30:09","date_gmt":"2011-08-25T14:30:09","guid":{"rendered":""},"modified":"2016-05-13T18:14:32","modified_gmt":"2016-05-13T18:14:32","slug":"forum-faz-novos-contatos-para-buscar-apoios-as-pecs-443-e-452","status":"publish","type":"post","link":"https:\/\/sinprofaz.org.br\/2024\/noticias\/forum-faz-novos-contatos-para-buscar-apoios-as-pecs-443-e-452\/","title":{"rendered":"Forum faz novos contatos para buscar apoios \u00e0s PECs 443 e 452"},"content":{"rendered":"<p>Nas conversas, foi ressaltado que a Advocacia P\u00fablica \u00e9 essencial ao Estado e \u00e0 Justi\u00e7a, por expressa determina\u00e7\u00e3o constitucional, motivo pelo qual deve haver um tratamento ison\u00f4mico entre as Fun\u00e7\u00f5es Essenciais \u00e0 Justi\u00e7a, conforme preconiza o art. 29, \u00a7 2\u00ba, do ADCT e T\u00edtulo IV, Cap\u00edtulo IV, da CRFB.&nbsp;<\/p>\n<p>Na parte da manh\u00e3, houve uma reuni\u00e3o com a vice-presidente da C\u00e2mara dos Deputados, deputada Rose de Freitas (PMDB-ES), que afirmou apoiar as causas da advocacia p\u00fablica, assim como fez na Constituinte.&nbsp;<\/p>\n<p>No per\u00edodo da tarde, houve reuni\u00f5es com o deputado Ronaldo Nogueira (PTB\/RS) e com a deputada Andr\u00e9ia Zito (PSDB\/RJ).&nbsp;<\/p>\n<p>Ap\u00f3s a exposi\u00e7\u00e3o dos pleitos da Advocacia P\u00fablica, foi destacada a import\u00e2ncia da aprova\u00e7\u00e3o das PECs 443\/09 e 452\/09 para a concretiza\u00e7\u00e3o do trabalho do Constituinte Origin\u00e1rio, garantindo uma isonomia entre as Fun\u00e7\u00f5es Essenciais \u00e0 Justi\u00e7a. O deputado Ronaldo Nogueira (PTB\/RS) sensibilizou-se com o pleito e se disp\u00f4s a ajudar. \u201cContem comigo. Irei ajudar voc\u00eas\u201d.&nbsp;<\/p>\n<p>A deputada Andr\u00e9ia Zito (PSDB\/RJ) tamb\u00e9m sinalizou a favor do pleito. \u201cDarei uma olhada no relat\u00f3rio do deputado Mauro Benevides. Vou fazer um requerimento para incluir na pauta essas duas PECs\u201d.<\/p>\n","protected":false},"excerpt":{"rendered":"<p>Em continuidade \u00e0s atividades de Reforma da Advocacia P\u00fablica, os dirigentes do Forum Nacional estiveram reunidos com alguns deputados nesta quarta-feira (24)<\/p>\n","protected":false},"author":1,"featured_media":4670,"comment_status":"closed","ping_status":"open","sticky":false,"template":"","format":"standard","meta":{"footnotes":""},"categories":[8],"tags":[],"featured_image_url":"https:\/\/sinprofaz.org.br\/2024\/wp-content\/uploads\/2011\/08\/0134.jpg","character_count":628,"formatted_date":"25\/08\/2011 - 14:30","contentNovo":"<p>Nas conversas, foi ressaltado que a Advocacia P\u00fablica \u00e9 essencial ao Estado e \u00e0 Justi\u00e7a, por expressa determina\u00e7\u00e3o constitucional, motivo pelo qual deve haver um tratamento ison\u00f4mico entre as Fun\u00e7\u00f5es Essenciais \u00e0 Justi\u00e7a, conforme preconiza o art. 29, \u00a7 2\u00ba, do ADCT e T\u00edtulo IV, Cap\u00edtulo IV, da CRFB.&nbsp;<\/p>\r\n<p>Na parte da manh\u00e3, houve uma reuni\u00e3o com a vice-presidente da C\u00e2mara dos Deputados, deputada Rose de Freitas (PMDB-ES), que afirmou apoiar as causas da advocacia p\u00fablica, assim como fez na Constituinte.&nbsp;<\/p>\r\n<p>No per\u00edodo da tarde, houve reuni\u00f5es com o deputado Ronaldo Nogueira (PTB\/RS) e com a deputada Andr\u00e9ia Zito (PSDB\/RJ).&nbsp;<\/p>\r\n<p>Ap\u00f3s a exposi\u00e7\u00e3o dos pleitos da Advocacia P\u00fablica, foi destacada a import\u00e2ncia da aprova\u00e7\u00e3o das PECs 443\/09 e 452\/09 para a concretiza\u00e7\u00e3o do trabalho do Constituinte Origin\u00e1rio, garantindo uma isonomia entre as Fun\u00e7\u00f5es Essenciais \u00e0 Justi\u00e7a. O deputado Ronaldo Nogueira (PTB\/RS) sensibilizou-se com o pleito e se disp\u00f4s a ajudar. \u201cContem comigo. Irei ajudar voc\u00eas\u201d.&nbsp;<\/p>\r\n<p>A deputada Andr\u00e9ia Zito (PSDB\/RJ) tamb\u00e9m sinalizou a favor do pleito. \u201cDarei uma olhada no relat\u00f3rio do deputado Mauro Benevides. Vou fazer um requerimento para incluir na pauta essas duas PECs\u201d.<\/p>","_links":{"self":[{"href":"https:\/\/sinprofaz.org.br\/2024\/wp-json\/wp\/v2\/posts\/284"}],"collection":[{"href":"https:\/\/sinprofaz.org.br\/2024\/wp-json\/wp\/v2\/posts"}],"about":[{"href":"https:\/\/sinprofaz.org.br\/2024\/wp-json\/wp\/v2\/types\/post"}],"author":[{"embeddable":true,"href":"https:\/\/sinprofaz.org.br\/2024\/wp-json\/wp\/v2\/users\/1"}],"replies":[{"embeddable":true,"href":"https:\/\/sinprofaz.org.br\/2024\/wp-json\/wp\/v2\/comments?post=284"}],"version-history":[{"count":1,"href":"https:\/\/sinprofaz.org.br\/2024\/wp-json\/wp\/v2\/posts\/284\/revisions"}],"predecessor-version":[{"id":4671,"href":"https:\/\/sinprofaz.org.br\/2024\/wp-json\/wp\/v2\/posts\/284\/revisions\/4671"}],"wp:featuredmedia":[{"embeddable":true,"href":"https:\/\/sinprofaz.org.br\/2024\/wp-json\/wp\/v2\/media\/4670"}],"wp:attachment":[{"href":"https:\/\/sinprofaz.org.br\/2024\/wp-json\/wp\/v2\/media?parent=284"}],"wp:term":[{"taxonomy":"category","embeddable":true,"href":"https:\/\/sinprofaz.org.br\/2024\/wp-json\/wp\/v2\/categories?post=284"},{"taxonomy":"post_tag","embeddable":true,"href":"https:\/\/sinprofaz.org.br\/2024\/wp-json\/wp\/v2\/tags?post=284"}],"curies":[{"name":"wp","href":"https:\/\/api.w.org\/{rel}","templated":true}]}}