{"id":282,"date":"2011-08-24T12:09:52","date_gmt":"2011-08-24T12:09:52","guid":{"rendered":""},"modified":"2016-05-17T19:36:44","modified_gmt":"2016-05-17T19:36:44","slug":"pais-deve-aplicar-receita-da-pgfn-no-proprio-orgao","status":"publish","type":"post","link":"https:\/\/sinprofaz.org.br\/2024\/noticias\/pais-deve-aplicar-receita-da-pgfn-no-proprio-orgao\/","title":{"rendered":"Pa\u00eds deve aplicar receita da PGFN no pr\u00f3prio \u00f3rg\u00e3o"},"content":{"rendered":"<p>O texto \u00e9 assinado pelo presidente Allan Titonelli e pelo diretor de Assuntos Profissionais e Estudos T\u00e9cnicos do SINPROFAZ, Her\u00e1clio Mendes de Camargo Neto, e foi publicado nesta ter\u00e7a-feira (23) no portal Consultor Jur\u00eddico.<\/p>\n<p>Eles citam o Decreto-Lei 1.437\/75 que, em seu artigo 6\u00ba, traz a real destina\u00e7\u00e3o do Fundaf de reaparelhar as atividades de fiscaliza\u00e7\u00e3o e arrecada\u00e7\u00e3o da Uni\u00e3o.<\/p>\n<p>Segundo afirmam os autores, \u201cna medida em que os valores arrecadados com o custo da movimenta\u00e7\u00e3o da m\u00e1quina administrativa s\u00e3o reinvestidos no \u00f3rg\u00e3o arrecadat\u00f3rio, PGFN, haveria uma maior efici\u00eancia na gest\u00e3o e nos resultados\u201d.<\/p>\n<p>E concluem: \u201cpara o bem de nosso Estado Democr\u00e1tico de Direito, da efici\u00eancia administrativa, da estrutura\u00e7\u00e3o do planejamento estrat\u00e9gico do Estado, do combate \u00e0 sonega\u00e7\u00e3o e \u00e0 concorr\u00eancia desleal deve-se utilizar as receitas do encargo legal na reestrutura\u00e7\u00e3o da PGFN, \u00f3rg\u00e3o que efetivamente arrecada para a Uni\u00e3o Federal\u201d.<\/p>\n<p>Leia a \u00edntegra do artigo no link <a href=\"http:\/\/www.conjur.com.br\/2011-ago-23\/pais-investir-receita-pgfn-proprio-orgao\">http:\/\/www.conjur.com.br\/2011-ago-23\/pais-investir-receita-pgfn-proprio-orgao<\/a><\/p>\n","protected":false},"excerpt":{"rendered":"<p>Em artigo, dirigentes do SINPROFAZ reiteram que o Fundaf foi criado com vistas a financiar o reaparelhamento e o reequipamento da Procuradoria-Geral da Fazenda Nacional.<\/p>\n","protected":false},"author":1,"featured_media":4687,"comment_status":"closed","ping_status":"open","sticky":false,"template":"","format":"standard","meta":{"footnotes":""},"categories":[8],"tags":[],"featured_image_url":"https:\/\/sinprofaz.org.br\/2024\/wp-content\/uploads\/2011\/08\/0138.jpg","character_count":548,"formatted_date":"24\/08\/2011 - 12:09","contentNovo":"<p>O texto \u00e9 assinado pelo presidente Allan Titonelli e pelo diretor de Assuntos Profissionais e Estudos T\u00e9cnicos do SINPROFAZ, Her\u00e1clio Mendes de Camargo Neto, e foi publicado nesta ter\u00e7a-feira (23) no portal Consultor Jur\u00eddico.<\/p>\r\n<p>Eles citam o Decreto-Lei 1.437\/75 que, em seu artigo 6\u00ba, traz a real destina\u00e7\u00e3o do Fundaf de reaparelhar as atividades de fiscaliza\u00e7\u00e3o e arrecada\u00e7\u00e3o da Uni\u00e3o.<\/p>\r\n<p>Segundo afirmam os autores, \u201cna medida em que os valores arrecadados com o custo da movimenta\u00e7\u00e3o da m\u00e1quina administrativa s\u00e3o reinvestidos no \u00f3rg\u00e3o arrecadat\u00f3rio, PGFN, haveria uma maior efici\u00eancia na gest\u00e3o e nos resultados\u201d.<\/p>\r\n<p>E concluem: \u201cpara o bem de nosso Estado Democr\u00e1tico de Direito, da efici\u00eancia administrativa, da estrutura\u00e7\u00e3o do planejamento estrat\u00e9gico do Estado, do combate \u00e0 sonega\u00e7\u00e3o e \u00e0 concorr\u00eancia desleal deve-se utilizar as receitas do encargo legal na reestrutura\u00e7\u00e3o da PGFN, \u00f3rg\u00e3o que efetivamente arrecada para a Uni\u00e3o Federal\u201d.<\/p>\r\n<p>Leia a \u00edntegra do artigo no link <a href=\"http:\/\/www.conjur.com.br\/2011-ago-23\/pais-investir-receita-pgfn-proprio-orgao\">http:\/\/www.conjur.com.br\/2011-ago-23\/pais-investir-receita-pgfn-proprio-orgao<\/a><\/p>","_links":{"self":[{"href":"https:\/\/sinprofaz.org.br\/2024\/wp-json\/wp\/v2\/posts\/282"}],"collection":[{"href":"https:\/\/sinprofaz.org.br\/2024\/wp-json\/wp\/v2\/posts"}],"about":[{"href":"https:\/\/sinprofaz.org.br\/2024\/wp-json\/wp\/v2\/types\/post"}],"author":[{"embeddable":true,"href":"https:\/\/sinprofaz.org.br\/2024\/wp-json\/wp\/v2\/users\/1"}],"replies":[{"embeddable":true,"href":"https:\/\/sinprofaz.org.br\/2024\/wp-json\/wp\/v2\/comments?post=282"}],"version-history":[{"count":1,"href":"https:\/\/sinprofaz.org.br\/2024\/wp-json\/wp\/v2\/posts\/282\/revisions"}],"predecessor-version":[{"id":4688,"href":"https:\/\/sinprofaz.org.br\/2024\/wp-json\/wp\/v2\/posts\/282\/revisions\/4688"}],"wp:featuredmedia":[{"embeddable":true,"href":"https:\/\/sinprofaz.org.br\/2024\/wp-json\/wp\/v2\/media\/4687"}],"wp:attachment":[{"href":"https:\/\/sinprofaz.org.br\/2024\/wp-json\/wp\/v2\/media?parent=282"}],"wp:term":[{"taxonomy":"category","embeddable":true,"href":"https:\/\/sinprofaz.org.br\/2024\/wp-json\/wp\/v2\/categories?post=282"},{"taxonomy":"post_tag","embeddable":true,"href":"https:\/\/sinprofaz.org.br\/2024\/wp-json\/wp\/v2\/tags?post=282"}],"curies":[{"name":"wp","href":"https:\/\/api.w.org\/{rel}","templated":true}]}}