{"id":281,"date":"2011-08-23T14:35:44","date_gmt":"2011-08-23T14:35:44","guid":{"rendered":""},"modified":"2016-04-15T18:00:01","modified_gmt":"2016-04-15T18:00:01","slug":"audiencia-discutira-reajuste-de-servidores-e-novos-concursos","status":"publish","type":"post","link":"https:\/\/sinprofaz.org.br\/2024\/noticias\/audiencia-discutira-reajuste-de-servidores-e-novos-concursos\/","title":{"rendered":"Audi\u00eancia discutir\u00e1 reajuste de servidores e novos concursos"},"content":{"rendered":"<p>A Comiss\u00e3o de Legisla\u00e7\u00e3o Participativa realizar\u00e1 audi\u00eancia p\u00fablica nesta quarta-feira (24) para discutir perspectivas de acordo sobre reajuste salarial para os servidores p\u00fablicos federais e abertura de novos concursos p\u00fablicos.<\/p>\n<p>O debate foi solicitado pela Confedera\u00e7\u00e3o dos Trabalhadores no Servi\u00e7o P\u00fablico Federal (Condsef) e apoiado pelo relator da sugest\u00e3o, deputado Paulo Rubem Santiago (PDT-PE).<\/p>\n<p>A Condsef programou para o mesmo dia uma marcha do funcionalismo a Bras\u00edlia. A inten\u00e7\u00e3o \u00e9 pressionar o governo a reservar recursos para essas duas demandas trabalhistas no Or\u00e7amento da Uni\u00e3o de 2012, que ser\u00e1 enviado pelo governo ao Congresso Nacional em agosto e ser\u00e1 votado at\u00e9 o fim deste ano. Diante da atual crise econ\u00f4mica internacional, o governo j\u00e1 avisou que n\u00e3o dar\u00e1 aumento salarial para o funcionalismo.<\/p>\n<p><b>Impacto nas despesas<\/b><\/p>\n<p>Paulo Rubem Santiago vai apresentar dados do Departamento Intersindical de Estat\u00edstica e Estudos Socioecon\u00f4micos (Dieese) que mostram folga financeira do governo suficiente para garantir o reajuste. Segundo o deputado, a equipe econ\u00f4mica precisa mudar a estrat\u00e9gia de reduzir os gastos p\u00fablicos apenas com o corte de despesas com pessoal.<\/p>\n<p>O secret\u00e1rio-geral da Confedera\u00e7\u00e3o dos Trabalhadores no Servi\u00e7o P\u00fablico Federal, Josemilton Costa, afirmou que a categoria est\u00e1 apreensiva com os cortes de verbas anunciados pelo governo. &#8220;Vamos ficar praticamente tr\u00eas anos sem nenhum tipo de reajuste. E os concursos p\u00fablicos foram todos suspensos.\u201d<\/p>\n<p>Costa disse que a realiza\u00e7\u00e3o de concursos p\u00fablicos \u00e9 necess\u00e1ria para suprir a defasagem de servidores e para substituir terceirizados. Ele afirmou que, durante o Governo Lula, cerca de 200 mil vagas foram preenchidas nos tr\u00eas Poderes por meio de concurso p\u00fablico, mas a defasagem \u00e9 de quase 700 mil.<\/p>\n<p>Foram convidados para o debate: representantes do Minist\u00e9rio da Fazenda e do Minist\u00e9rio do Planejamento; o presidente da Comiss\u00e3o Mista de Or\u00e7amento, senador Vital do R\u00eago; o presidente da Central \u00danica dos Trabalhadores (CUT), Artur Henrique; e o secret\u00e1rio-geral da Condsef, Josemilton da Costa.<\/p>\n<p>A reuni\u00e3o ser\u00e1 realizada \u00e0s 14h30, no plen\u00e1rio 3, anexo II da C\u00e2mara dos Deputados. Fonte: Ag\u00eancia C\u00e2mara.<\/p>\n","protected":false},"excerpt":{"rendered":"<p>SINPROFAZ e F\u00f3rum Nacional ap\u00f3iam iniciativa e ter\u00e3o representantes acompanhando a audi\u00eancia, fruto de iniciativa do deputado Paulo Rubem Santiago (PDT-PE).<\/p>\n","protected":false},"author":1,"featured_media":4472,"comment_status":"closed","ping_status":"open","sticky":false,"template":"","format":"standard","meta":{"footnotes":""},"categories":[8],"tags":[],"featured_image_url":"https:\/\/sinprofaz.org.br\/2024\/wp-content\/uploads\/2011\/08\/0126.jpg","character_count":1127,"formatted_date":"23\/08\/2011 - 14:35","contentNovo":"<p>A Comiss\u00e3o de Legisla\u00e7\u00e3o Participativa realizar\u00e1 audi\u00eancia p\u00fablica nesta quarta-feira (24) para discutir perspectivas de acordo sobre reajuste salarial para os servidores p\u00fablicos federais e abertura de novos concursos p\u00fablicos.<\/p>\r\n<p>O debate foi solicitado pela Confedera\u00e7\u00e3o dos Trabalhadores no Servi\u00e7o P\u00fablico Federal (Condsef) e apoiado pelo relator da sugest\u00e3o, deputado Paulo Rubem Santiago (PDT-PE).<\/p>\r\n<p>A Condsef programou para o mesmo dia uma marcha do funcionalismo a Bras\u00edlia. A inten\u00e7\u00e3o \u00e9 pressionar o governo a reservar recursos para essas duas demandas trabalhistas no Or\u00e7amento da Uni\u00e3o de 2012, que ser\u00e1 enviado pelo governo ao Congresso Nacional em agosto e ser\u00e1 votado at\u00e9 o fim deste ano. Diante da atual crise econ\u00f4mica internacional, o governo j\u00e1 avisou que n\u00e3o dar\u00e1 aumento salarial para o funcionalismo.<\/p>\r\n<p>Impacto nas despesas<\/p>\r\n<p>Paulo Rubem Santiago vai apresentar dados do Departamento Intersindical de Estat\u00edstica e Estudos Socioecon\u00f4micos (Dieese) que mostram folga financeira do governo suficiente para garantir o reajuste. Segundo o deputado, a equipe econ\u00f4mica precisa mudar a estrat\u00e9gia de reduzir os gastos p\u00fablicos apenas com o corte de despesas com pessoal.<\/p>\r\n<p>O secret\u00e1rio-geral da Confedera\u00e7\u00e3o dos Trabalhadores no Servi\u00e7o P\u00fablico Federal, Josemilton Costa, afirmou que a categoria est\u00e1 apreensiva com os cortes de verbas anunciados pelo governo. \"Vamos ficar praticamente tr\u00eas anos sem nenhum tipo de reajuste. E os concursos p\u00fablicos foram todos suspensos.\u201d<\/p>\r\n<p>Costa disse que a realiza\u00e7\u00e3o de concursos p\u00fablicos \u00e9 necess\u00e1ria para suprir a defasagem de servidores e para substituir terceirizados. Ele afirmou que, durante o Governo Lula, cerca de 200 mil vagas foram preenchidas nos tr\u00eas Poderes por meio de concurso p\u00fablico, mas a defasagem \u00e9 de quase 700 mil.<\/p>\r\n<p>Foram convidados para o debate: representantes do Minist\u00e9rio da Fazenda e do Minist\u00e9rio do Planejamento; o presidente da Comiss\u00e3o Mista de Or\u00e7amento, senador Vital do R\u00eago; o presidente da Central \u00danica dos Trabalhadores (CUT), Artur Henrique; e o secret\u00e1rio-geral da Condsef, Josemilton da Costa.<\/p>\r\n<p>A reuni\u00e3o ser\u00e1 realizada \u00e0s 14h30, no plen\u00e1rio 3, anexo II da C\u00e2mara dos Deputados. Fonte: Ag\u00eancia C\u00e2mara.<\/p>","_links":{"self":[{"href":"https:\/\/sinprofaz.org.br\/2024\/wp-json\/wp\/v2\/posts\/281"}],"collection":[{"href":"https:\/\/sinprofaz.org.br\/2024\/wp-json\/wp\/v2\/posts"}],"about":[{"href":"https:\/\/sinprofaz.org.br\/2024\/wp-json\/wp\/v2\/types\/post"}],"author":[{"embeddable":true,"href":"https:\/\/sinprofaz.org.br\/2024\/wp-json\/wp\/v2\/users\/1"}],"replies":[{"embeddable":true,"href":"https:\/\/sinprofaz.org.br\/2024\/wp-json\/wp\/v2\/comments?post=281"}],"version-history":[{"count":1,"href":"https:\/\/sinprofaz.org.br\/2024\/wp-json\/wp\/v2\/posts\/281\/revisions"}],"predecessor-version":[{"id":4473,"href":"https:\/\/sinprofaz.org.br\/2024\/wp-json\/wp\/v2\/posts\/281\/revisions\/4473"}],"wp:featuredmedia":[{"embeddable":true,"href":"https:\/\/sinprofaz.org.br\/2024\/wp-json\/wp\/v2\/media\/4472"}],"wp:attachment":[{"href":"https:\/\/sinprofaz.org.br\/2024\/wp-json\/wp\/v2\/media?parent=281"}],"wp:term":[{"taxonomy":"category","embeddable":true,"href":"https:\/\/sinprofaz.org.br\/2024\/wp-json\/wp\/v2\/categories?post=281"},{"taxonomy":"post_tag","embeddable":true,"href":"https:\/\/sinprofaz.org.br\/2024\/wp-json\/wp\/v2\/tags?post=281"}],"curies":[{"name":"wp","href":"https:\/\/api.w.org\/{rel}","templated":true}]}}