{"id":2753,"date":"2016-02-29T05:20:14","date_gmt":"2016-02-29T05:20:14","guid":{"rendered":"http:\/\/www.sinprofaz.org.br\/2016\/?p=2753"},"modified":"2016-03-01T05:21:06","modified_gmt":"2016-03-01T05:21:06","slug":"entidades-encaminham-lista-triplice-para-escolha-do-agu-a-presidencia-da-republica-e-a-casa-civil","status":"publish","type":"post","link":"https:\/\/sinprofaz.org.br\/2024\/noticias\/entidades-encaminham-lista-triplice-para-escolha-do-agu-a-presidencia-da-republica-e-a-casa-civil\/","title":{"rendered":"ENTIDADES ENCAMINHAM LISTA TR\u00cdPLICE PARA ESCOLHA DO AGU \u00c0 PRESID\u00caNCIA DA REP\u00daBLICA E \u00c0 CASA CIVIL"},"content":{"rendered":"<p>O SINPROFAZ, a ANAFE, a APBC, a ANAJUR e a ANPPREV encaminharam na \u00faltima sexta-feira (26) \u00e0 Presidenta da Rep\u00fablica, Dilma Rousseff, e ao Ministro-chefe da Casa Civil, Jacques Wagner, Lista Tr\u00edplice para indica\u00e7\u00e3o do pr\u00f3ximo Advogado-Geral da Uni\u00e3o.<\/p>\n<p>A lista apresenta os nomes Lademir Gomes da Rocha, Procurador do Banco Central, Galdino Jos\u00e9 Dias Filho, Procurador Federal, e Carlos Marden Cabral Coutinho, tamb\u00e9m Procurador Federal.<\/p>\n<p>No of\u00edcio protocolado, as entidades destacam que a iniciativa de elabora\u00e7\u00e3o da lista tr\u00edplice consiste numa sugest\u00e3o, democr\u00e1tica e leg\u00edtima, de escolha da chefia m\u00e1xima da institui\u00e7\u00e3o, e deve ser repetida nos meses que antecedem a posse dos futuros Presidentes da Rep\u00fablica.<\/p>\n<p>\u201cAssim, a provid\u00eancia est\u00e1 informada pela impessoalidade e busca a cria\u00e7\u00e3o e consolida\u00e7\u00e3o de um mecanismo que aprofunde a efetiva\u00e7\u00e3o da concep\u00e7\u00e3o de Advocacia de Estado, decorrente do Estado Democr\u00e1tico de Direito inscrito na Constitui\u00e7\u00e3o, e confere um m\u00ednimo de legitimidade corporativa ao chefe da institui\u00e7\u00e3o Advocacia-Geral da Uni\u00e3o\u201d, destaca trecho do documento.<\/p>\n<p><strong>VOTA\u00c7\u00c3O<\/strong><\/p>\n<p>Na primeira fase do processo, correspondente \u00e0 forma\u00e7\u00e3o de uma lista s\u00eaxtupla, foram contabilizados 6.451 votos. Participaram da vota\u00e7\u00e3o 1.604 membros das carreiras jur\u00eddicas da AGU, entre Advogados da Uni\u00e3o, Procuradores Federais, Procuradores da Fazenda Nacional e Procuradores do Banco Central do Brasil.<\/p>\n<p>Na segunda etapa da iniciativa, in\u00e9dita no \u00e2mbito da AGU, foram registrados 4.563 votos, oriundos da participa\u00e7\u00e3o de 1.521 Advogados P\u00fablicos Federais.<\/p>\n<p><strong>Clique\u00a0<a href=\"http:\/\/www.sinprofaz.org.br\/pdfs\/oficio-003-2016-lista-triplice-dilma-vana-rousseff-presidenta-da-republica.pdf\" target=\"_blank\">aqui<\/a>\u00a0para ver a \u00edntegra do of\u00edcio protocolado na Presid\u00eancia da Rep\u00fablica.<\/strong><\/p>\n<p><strong>Clique\u00a0<a href=\"http:\/\/www.sinprofaz.org.br\/pdfs\/oficio-004-2016-lista-triplice-ministro-chefe-da-casa-civil.pdf\" target=\"_blank\">aqui<\/a>\u00a0para ver a \u00edntegra do of\u00edcio protocolado na Casa Civil.<\/strong><\/p>\n","protected":false},"excerpt":{"rendered":"<p>As entidades destacam que a iniciativa de elabora\u00e7\u00e3o da lista tr\u00edplice consiste numa sugest\u00e3o, democr\u00e1tica e leg\u00edtima, de escolha da chefia m\u00e1xima da institui\u00e7\u00e3o.<\/p>\n","protected":false},"author":1,"featured_media":2708,"comment_status":"open","ping_status":"open","sticky":false,"template":"","format":"standard","meta":{"footnotes":""},"categories":[8],"tags":[],"featured_image_url":"https:\/\/sinprofaz.org.br\/2024\/wp-content\/uploads\/2016\/03\/06.jpg","character_count":883,"formatted_date":"29\/02\/2016 - 05:20","contentNovo":"O SINPROFAZ, a ANAFE, a APBC, a ANAJUR e a ANPPREV encaminharam na \u00faltima sexta-feira (26) \u00e0 Presidenta da Rep\u00fablica, Dilma Rousseff, e ao Ministro-chefe da Casa Civil, Jacques Wagner, Lista Tr\u00edplice para indica\u00e7\u00e3o do pr\u00f3ximo Advogado-Geral da Uni\u00e3o.\r\n\r\nA lista apresenta os nomes Lademir Gomes da Rocha, Procurador do Banco Central, Galdino Jos\u00e9 Dias Filho, Procurador Federal, e Carlos Marden Cabral Coutinho, tamb\u00e9m Procurador Federal.\r\n\r\nNo of\u00edcio protocolado, as entidades destacam que a iniciativa de elabora\u00e7\u00e3o da lista tr\u00edplice consiste numa sugest\u00e3o, democr\u00e1tica e leg\u00edtima, de escolha da chefia m\u00e1xima da institui\u00e7\u00e3o, e deve ser repetida nos meses que antecedem a posse dos futuros Presidentes da Rep\u00fablica.\r\n\r\n\u201cAssim, a provid\u00eancia est\u00e1 informada pela impessoalidade e busca a cria\u00e7\u00e3o e consolida\u00e7\u00e3o de um mecanismo que aprofunde a efetiva\u00e7\u00e3o da concep\u00e7\u00e3o de Advocacia de Estado, decorrente do Estado Democr\u00e1tico de Direito inscrito na Constitui\u00e7\u00e3o, e confere um m\u00ednimo de legitimidade corporativa ao chefe da institui\u00e7\u00e3o Advocacia-Geral da Uni\u00e3o\u201d, destaca trecho do documento.\r\n\r\n<strong>VOTA\u00c7\u00c3O<\/strong>\r\n\r\nNa primeira fase do processo, correspondente \u00e0 forma\u00e7\u00e3o de uma lista s\u00eaxtupla, foram contabilizados 6.451 votos. Participaram da vota\u00e7\u00e3o 1.604 membros das carreiras jur\u00eddicas da AGU, entre Advogados da Uni\u00e3o, Procuradores Federais, Procuradores da Fazenda Nacional e Procuradores do Banco Central do Brasil.\r\n\r\nNa segunda etapa da iniciativa, in\u00e9dita no \u00e2mbito da AGU, foram registrados 4.563 votos, oriundos da participa\u00e7\u00e3o de 1.521 Advogados P\u00fablicos Federais.\r\n\r\n<strong>Clique\u00a0<a href=\"http:\/\/www.sinprofaz.org.br\/pdfs\/oficio-003-2016-lista-triplice-dilma-vana-rousseff-presidenta-da-republica.pdf\" target=\"_blank\">aqui<\/a>\u00a0para ver a \u00edntegra do of\u00edcio protocolado na Presid\u00eancia da Rep\u00fablica.<\/strong>\r\n\r\n<strong>Clique\u00a0<a href=\"http:\/\/www.sinprofaz.org.br\/pdfs\/oficio-004-2016-lista-triplice-ministro-chefe-da-casa-civil.pdf\" target=\"_blank\">aqui<\/a>\u00a0para ver a \u00edntegra do of\u00edcio protocolado na Casa Civil.<\/strong>","_links":{"self":[{"href":"https:\/\/sinprofaz.org.br\/2024\/wp-json\/wp\/v2\/posts\/2753"}],"collection":[{"href":"https:\/\/sinprofaz.org.br\/2024\/wp-json\/wp\/v2\/posts"}],"about":[{"href":"https:\/\/sinprofaz.org.br\/2024\/wp-json\/wp\/v2\/types\/post"}],"author":[{"embeddable":true,"href":"https:\/\/sinprofaz.org.br\/2024\/wp-json\/wp\/v2\/users\/1"}],"replies":[{"embeddable":true,"href":"https:\/\/sinprofaz.org.br\/2024\/wp-json\/wp\/v2\/comments?post=2753"}],"version-history":[{"count":2,"href":"https:\/\/sinprofaz.org.br\/2024\/wp-json\/wp\/v2\/posts\/2753\/revisions"}],"predecessor-version":[{"id":2877,"href":"https:\/\/sinprofaz.org.br\/2024\/wp-json\/wp\/v2\/posts\/2753\/revisions\/2877"}],"wp:featuredmedia":[{"embeddable":true,"href":"https:\/\/sinprofaz.org.br\/2024\/wp-json\/wp\/v2\/media\/2708"}],"wp:attachment":[{"href":"https:\/\/sinprofaz.org.br\/2024\/wp-json\/wp\/v2\/media?parent=2753"}],"wp:term":[{"taxonomy":"category","embeddable":true,"href":"https:\/\/sinprofaz.org.br\/2024\/wp-json\/wp\/v2\/categories?post=2753"},{"taxonomy":"post_tag","embeddable":true,"href":"https:\/\/sinprofaz.org.br\/2024\/wp-json\/wp\/v2\/tags?post=2753"}],"curies":[{"name":"wp","href":"https:\/\/api.w.org\/{rel}","templated":true}]}}