{"id":2744,"date":"2016-02-25T05:15:43","date_gmt":"2016-02-25T05:15:43","guid":{"rendered":"http:\/\/www.sinprofaz.org.br\/2016\/?p=2744"},"modified":"2016-03-01T05:16:23","modified_gmt":"2016-03-01T05:16:23","slug":"integrantes-da-lista-sextupla-respondem-perguntas-sobre-temas-prioritarios-da-advocacia-publica-federal","status":"publish","type":"post","link":"https:\/\/sinprofaz.org.br\/2024\/noticias\/integrantes-da-lista-sextupla-respondem-perguntas-sobre-temas-prioritarios-da-advocacia-publica-federal\/","title":{"rendered":"INTEGRANTES DA LISTA S\u00caXTUPLA RESPONDEM PERGUNTAS SOBRE TEMAS PRIORIT\u00c1RIOS DA ADVOCACIA P\u00daBLICA FEDERAL"},"content":{"rendered":"<p>A pedido da Comiss\u00e3o Eleitoral, os representantes eleitos no primeiro turno da vota\u00e7\u00e3o da lista tr\u00edplice para indica\u00e7\u00e3o ao cargo de Advogado-Geral da Uni\u00e3o responderam cinco perguntas sobre temas relacionados \u00e0 Advocacia P\u00fablica Federal.<\/p>\n<p>Acesse abaixo a \u00edntegra das respostas de cada um dos integrantes da atual lista s\u00eaxtupla:<\/p>\n<p>1-<b>LADEMIR GOMES DA ROCHA<\/b>, Procurador do Banco Central (<b><a href=\"http:\/\/www.sinprofaz.org.br\/pdfs\/lademir-gomes-da-rocha.pdf\" target=\"_blank\">Clique aqui<\/a><\/b>)<\/p>\n<p>2-<b>RONALDO CAMPOS E SILVA<\/b>, Procurador da Fazenda Nacional (<b><a href=\"http:\/\/www.sinprofaz.org.br\/pdfs\/ronaldo-campos-e-silva.pdf\" target=\"_blank\">Clique aqui<\/a><\/b>)<\/p>\n<p>3-<b>VILSON MARCELO MALCHOW VEDANA<\/b>, Procurador Federal (<b><a href=\"http:\/\/www.sinprofaz.org.br\/pdfs\/vilson-marcelo-malchow-vedana.pdf\" target=\"_blank\">Clique aqui<\/a><\/b>)<\/p>\n<p>4-<b>SILTON BATISTA LIMA BEZERRA<\/b>, Procurador Federal (<b><a href=\"http:\/\/www.sinprofaz.org.br\/pdfs\/silton-batista-lima-bezerra.pdf\" target=\"_blank\">Clique aqui<\/a><\/b>)<\/p>\n<p>5-<b>GALDINO JOSE DIAS FILHO<\/b>, Procurador Federal (<b><a href=\"http:\/\/www.sinprofaz.org.br\/pdfs\/galdino-jose-dias-filho.pdf\" target=\"_blank\">Clique aqui<\/a><\/b>)<\/p>\n<p>6-<b>CARLOS MARDEN CABRAL COUTINHO<\/b>, Procurador Federal (<b><a href=\"http:\/\/www.sinprofaz.org.br\/pdfs\/carlos-marden-cabral-coutinho.pdf\" target=\"_blank\">Clique aqui<\/a><\/b>)<\/p>\n","protected":false},"excerpt":{"rendered":"<p>Confira uma pequena entrevista com cada um dos seis candidatos mais votados na primeira etapa do processo de consulta \u00e0 carreira.<\/p>\n","protected":false},"author":1,"featured_media":2708,"comment_status":"open","ping_status":"open","sticky":false,"template":"","format":"standard","meta":{"footnotes":""},"categories":[8],"tags":[],"featured_image_url":"https:\/\/sinprofaz.org.br\/2024\/wp-content\/uploads\/2016\/03\/06.jpg","character_count":367,"formatted_date":"25\/02\/2016 - 05:15","contentNovo":"A pedido da Comiss\u00e3o Eleitoral, os representantes eleitos no primeiro turno da vota\u00e7\u00e3o da lista tr\u00edplice para indica\u00e7\u00e3o ao cargo de Advogado-Geral da Uni\u00e3o responderam cinco perguntas sobre temas relacionados \u00e0 Advocacia P\u00fablica Federal.\r\n\r\nAcesse abaixo a \u00edntegra das respostas de cada um dos integrantes da atual lista s\u00eaxtupla:\r\n\r\n1-LADEMIR GOMES DA ROCHA, Procurador do Banco Central (<a href=\"http:\/\/www.sinprofaz.org.br\/pdfs\/lademir-gomes-da-rocha.pdf\" target=\"_blank\">Clique aqui<\/a>)\r\n\r\n2-RONALDO CAMPOS E SILVA, Procurador da Fazenda Nacional (<a href=\"http:\/\/www.sinprofaz.org.br\/pdfs\/ronaldo-campos-e-silva.pdf\" target=\"_blank\">Clique aqui<\/a>)\r\n\r\n3-VILSON MARCELO MALCHOW VEDANA, Procurador Federal (<a href=\"http:\/\/www.sinprofaz.org.br\/pdfs\/vilson-marcelo-malchow-vedana.pdf\" target=\"_blank\">Clique aqui<\/a>)\r\n\r\n4-SILTON BATISTA LIMA BEZERRA, Procurador Federal (<a href=\"http:\/\/www.sinprofaz.org.br\/pdfs\/silton-batista-lima-bezerra.pdf\" target=\"_blank\">Clique aqui<\/a>)\r\n\r\n5-GALDINO JOSE DIAS FILHO, Procurador Federal (<a href=\"http:\/\/www.sinprofaz.org.br\/pdfs\/galdino-jose-dias-filho.pdf\" target=\"_blank\">Clique aqui<\/a>)\r\n\r\n6-CARLOS MARDEN CABRAL COUTINHO, Procurador Federal (<a href=\"http:\/\/www.sinprofaz.org.br\/pdfs\/carlos-marden-cabral-coutinho.pdf\" target=\"_blank\">Clique aqui<\/a>)","_links":{"self":[{"href":"https:\/\/sinprofaz.org.br\/2024\/wp-json\/wp\/v2\/posts\/2744"}],"collection":[{"href":"https:\/\/sinprofaz.org.br\/2024\/wp-json\/wp\/v2\/posts"}],"about":[{"href":"https:\/\/sinprofaz.org.br\/2024\/wp-json\/wp\/v2\/types\/post"}],"author":[{"embeddable":true,"href":"https:\/\/sinprofaz.org.br\/2024\/wp-json\/wp\/v2\/users\/1"}],"replies":[{"embeddable":true,"href":"https:\/\/sinprofaz.org.br\/2024\/wp-json\/wp\/v2\/comments?post=2744"}],"version-history":[{"count":1,"href":"https:\/\/sinprofaz.org.br\/2024\/wp-json\/wp\/v2\/posts\/2744\/revisions"}],"predecessor-version":[{"id":2745,"href":"https:\/\/sinprofaz.org.br\/2024\/wp-json\/wp\/v2\/posts\/2744\/revisions\/2745"}],"wp:featuredmedia":[{"embeddable":true,"href":"https:\/\/sinprofaz.org.br\/2024\/wp-json\/wp\/v2\/media\/2708"}],"wp:attachment":[{"href":"https:\/\/sinprofaz.org.br\/2024\/wp-json\/wp\/v2\/media?parent=2744"}],"wp:term":[{"taxonomy":"category","embeddable":true,"href":"https:\/\/sinprofaz.org.br\/2024\/wp-json\/wp\/v2\/categories?post=2744"},{"taxonomy":"post_tag","embeddable":true,"href":"https:\/\/sinprofaz.org.br\/2024\/wp-json\/wp\/v2\/tags?post=2744"}],"curies":[{"name":"wp","href":"https:\/\/api.w.org\/{rel}","templated":true}]}}