{"id":2741,"date":"2016-02-24T05:13:25","date_gmt":"2016-02-24T05:13:25","guid":{"rendered":"http:\/\/www.sinprofaz.org.br\/2016\/?p=2741"},"modified":"2016-03-01T05:15:22","modified_gmt":"2016-03-01T05:15:22","slug":"sinprofaz-defende-a-nao-vinculacao-dos-honorarios-ao-teto-do-funcionalismo","status":"publish","type":"post","link":"https:\/\/sinprofaz.org.br\/2024\/noticias\/sinprofaz-defende-a-nao-vinculacao-dos-honorarios-ao-teto-do-funcionalismo\/","title":{"rendered":"SINPROFAZ DEFENDE A N\u00c3O VINCULA\u00c7\u00c3O DOS HONOR\u00c1RIOS AO TETO DO FUNCIONALISMO"},"content":{"rendered":"<p>O Presidente do F\u00f3rum Nacional da Advocacia P\u00fablica e do SINPROFAZ, Achilles Frias, e a Presidente da ANAJUR, Joana Mello, estiveram no Congresso Nacional, na tarde dessa ter\u00e7a-feira (23), para lutar pela n\u00e3o vincula\u00e7\u00e3o da verba honor\u00e1ria ao teto do funcionalismo p\u00fablico. O plen\u00e1rio da C\u00e2mara dos Deputados discute o Projeto de Lei n. 3123\/2015, que fixa regras para o pagamento de provimentos em todas as esferas do governo.<\/p>\n<p>A luta dos Advogados P\u00fablicos \u00e9 garantir que as verbas de natureza honor\u00e1rias n\u00e3o estejam vinculadas a est\u00e1 norma. Achilles Frias argumentou, durante reuni\u00e3o da Comiss\u00e3o instalada para a discuss\u00e3o do PL, que os honor\u00e1rios tem natureza privada e, por isso, n\u00e3o podem se submeter ao teto previsto no texto.<\/p>\n<p>O deputado Rog\u00e9rio Rosso, presidente da Comiss\u00e3o Mista em Defesa da Advocacia-Geral da Uni\u00e3o, foi o respons\u00e1vel por garantir a manifesta\u00e7\u00e3o dos Advogados P\u00fablicos durante a reuni\u00e3o. Ele prometeu lutar para garantir que a verba honor\u00e1ria n\u00e3o se submeta \u00e0s regras previstas no PL.<\/p>\n<p>&nbsp;<\/p>\n\n\t\t<style type=\"text\/css\">\n\t\t\t#gallery-1 {\n\t\t\t\tmargin: auto;\n\t\t\t}\n\t\t\t#gallery-1 .gallery-item {\n\t\t\t\tfloat: left;\n\t\t\t\tmargin-top: 10px;\n\t\t\t\ttext-align: center;\n\t\t\t\twidth: 33%;\n\t\t\t}\n\t\t\t#gallery-1 img {\n\t\t\t\tborder: 2px solid #cfcfcf;\n\t\t\t}\n\t\t\t#gallery-1 .gallery-caption {\n\t\t\t\tmargin-left: 0;\n\t\t\t}\n\t\t\t\/* see gallery_shortcode() in wp-includes\/media.php *\/\n\t\t<\/style>\n\t\t<div id='gallery-1' class='gallery galleryid-2741 gallery-columns-3 gallery-size-thumbnail'><dl class='gallery-item'>\n\t\t\t<dt class='gallery-icon landscape'>\n\t\t\t\t<a href='https:\/\/sinprofaz.org.br\/2024\/wp-content\/uploads\/2016\/03\/11.jpg'><img loading=\"lazy\" decoding=\"async\" width=\"150\" height=\"150\" src=\"https:\/\/sinprofaz.org.br\/2024\/wp-content\/uploads\/2016\/03\/11-150x150.jpg\" class=\"attachment-thumbnail size-thumbnail\" alt=\"\" \/><\/a>\n\t\t\t<\/dt><\/dl>\n\t\t\t<br style='clear: both' \/>\n\t\t<\/div>\n\n","protected":false},"excerpt":{"rendered":"<p>O plen\u00e1rio da C\u00e2mara dos Deputados discute o Projeto de Lei n. 3123\/2015, que fixa regras para o pagamento de provimentos em todas as esferas do governo. Atua\u00e7\u00e3o do SINPROFAZ destaca que os honor\u00e1rios tem natureza privada e, por isso, n\u00e3o podem se submeter ao teto previsto no texto.<\/p>\n","protected":false},"author":1,"featured_media":2742,"comment_status":"open","ping_status":"open","sticky":false,"template":"","format":"standard","meta":{"footnotes":""},"categories":[8],"tags":[],"featured_image_url":"https:\/\/sinprofaz.org.br\/2024\/wp-content\/uploads\/2016\/03\/11-800x198.jpg","character_count":703,"formatted_date":"24\/02\/2016 - 05:13","contentNovo":"O Presidente do F\u00f3rum Nacional da Advocacia P\u00fablica e do SINPROFAZ, Achilles Frias, e a Presidente da ANAJUR, Joana Mello, estiveram no Congresso Nacional, na tarde dessa ter\u00e7a-feira (23), para lutar pela n\u00e3o vincula\u00e7\u00e3o da verba honor\u00e1ria ao teto do funcionalismo p\u00fablico. O plen\u00e1rio da C\u00e2mara dos Deputados discute o Projeto de Lei n. 3123\/2015, que fixa regras para o pagamento de provimentos em todas as esferas do governo.\r\n\r\nA luta dos Advogados P\u00fablicos \u00e9 garantir que as verbas de natureza honor\u00e1rias n\u00e3o estejam vinculadas a est\u00e1 norma. Achilles Frias argumentou, durante reuni\u00e3o da Comiss\u00e3o instalada para a discuss\u00e3o do PL, que os honor\u00e1rios tem natureza privada e, por isso, n\u00e3o podem se submeter ao teto previsto no texto.\r\n\r\nO deputado Rog\u00e9rio Rosso, presidente da Comiss\u00e3o Mista em Defesa da Advocacia-Geral da Uni\u00e3o, foi o respons\u00e1vel por garantir a manifesta\u00e7\u00e3o dos Advogados P\u00fablicos durante a reuni\u00e3o. Ele prometeu lutar para garantir que a verba honor\u00e1ria n\u00e3o se submeta \u00e0s regras previstas no PL.\r\n\r\n&nbsp;\r\n\r\n[gallery link=\"file\" ids=\"2742\"]","_links":{"self":[{"href":"https:\/\/sinprofaz.org.br\/2024\/wp-json\/wp\/v2\/posts\/2741"}],"collection":[{"href":"https:\/\/sinprofaz.org.br\/2024\/wp-json\/wp\/v2\/posts"}],"about":[{"href":"https:\/\/sinprofaz.org.br\/2024\/wp-json\/wp\/v2\/types\/post"}],"author":[{"embeddable":true,"href":"https:\/\/sinprofaz.org.br\/2024\/wp-json\/wp\/v2\/users\/1"}],"replies":[{"embeddable":true,"href":"https:\/\/sinprofaz.org.br\/2024\/wp-json\/wp\/v2\/comments?post=2741"}],"version-history":[{"count":1,"href":"https:\/\/sinprofaz.org.br\/2024\/wp-json\/wp\/v2\/posts\/2741\/revisions"}],"predecessor-version":[{"id":2743,"href":"https:\/\/sinprofaz.org.br\/2024\/wp-json\/wp\/v2\/posts\/2741\/revisions\/2743"}],"wp:featuredmedia":[{"embeddable":true,"href":"https:\/\/sinprofaz.org.br\/2024\/wp-json\/wp\/v2\/media\/2742"}],"wp:attachment":[{"href":"https:\/\/sinprofaz.org.br\/2024\/wp-json\/wp\/v2\/media?parent=2741"}],"wp:term":[{"taxonomy":"category","embeddable":true,"href":"https:\/\/sinprofaz.org.br\/2024\/wp-json\/wp\/v2\/categories?post=2741"},{"taxonomy":"post_tag","embeddable":true,"href":"https:\/\/sinprofaz.org.br\/2024\/wp-json\/wp\/v2\/tags?post=2741"}],"curies":[{"name":"wp","href":"https:\/\/api.w.org\/{rel}","templated":true}]}}