{"id":2710,"date":"2016-02-17T04:21:30","date_gmt":"2016-02-17T04:21:30","guid":{"rendered":"http:\/\/www.sinprofaz.org.br\/2016\/?p=2710"},"modified":"2016-03-01T04:34:38","modified_gmt":"2016-03-01T04:34:38","slug":"advogados-publicos-se-reunem-com-o-novo-presidente-da-oab","status":"publish","type":"post","link":"https:\/\/sinprofaz.org.br\/2024\/noticias\/advogados-publicos-se-reunem-com-o-novo-presidente-da-oab\/","title":{"rendered":"ADVOGADOS P\u00daBLICOS SE RE\u00daNEM COM O NOVO PRESIDENTE DA OAB"},"content":{"rendered":"<p>Os dirigentes da Anajur, Anafe (Anpaf e Unafe), Anpprev e Sinprofaz se reuniram, na tarde desta ter\u00e7a-feira, com o novo presidente do Conselho Federal da Ordem dos Advogados do Brasil, Cl\u00e1udio Pacheco Prates Lamachia. O encontro ocorreu no edif\u00edcio sede da Ordem, em Bras\u00edlia.<\/p>\n<p>Este foi o primeiro encontro dos representantes da Advocacia P\u00fablica com o novo presidente da Ordem. A visita de cortesia teve como pauta central, o pedido de apoio \u00e0 OAB para a r\u00e1pida aprova\u00e7\u00e3o dos Projetos de Leis que tramitam no Congresso Nacional, fruto do acordo assinado entre as entidades e o Governo Federal, que contempla reajuste remunerat\u00f3rio, honor\u00e1rios e previs\u00e3o de advocacia privada aos membros da AGU. Os presidentes das entidades destacaram, tamb\u00e9m, a luta pela inclus\u00e3o dos Advogados P\u00fablicos Aposentados no texto do Projeto de Lei n\u00ba 4.254\/2015, que regulamenta a percep\u00e7\u00e3o dos honor\u00e1rios sucumbenciais pelos advogados p\u00fablicos.<\/p>\n<p>Os l\u00edderes das entidades defenderam ao presidente da Ordem que \u00e9 fundamental que os aposentados sejam contemplados com os honor\u00e1rios e que a distribui\u00e7\u00e3o entre todos os membros da AGU n\u00e3o trar\u00e1 qualquer gasto excedente ao Governo. Lamachia ouviu atentamente os pleitos dos Advogados P\u00fablicos e reafirmou o compromisso da OAB em apoiar a luta no Congresso Nacional.<\/p>\n<p>Al\u00e9m disso, o novo presidente da OAB refor\u00e7ou o interesse em manter um canal de di\u00e1logo e proximidade entre os Advogados P\u00fablicos e Privados, sendo a OAB o \u00f3rg\u00e3o catalisador desta uni\u00e3o.<\/p>\n<p>Tamb\u00e9m participaram da reuni\u00e3o o atual presidente da Seccional da OAB no Distrito Federal, Juliano Costa Couto; o ex-presidente da OAB-DF e atual secret\u00e1rio-adjunto do CFOAB, Ibaneis Rocha; o conselheiro Federal Manoel Dantas; o presidente da OAB-BA, Luiz Viana Queiroz; dentre outras autoridades.<\/p>\n\n\t\t<style type=\"text\/css\">\n\t\t\t#gallery-1 {\n\t\t\t\tmargin: auto;\n\t\t\t}\n\t\t\t#gallery-1 .gallery-item {\n\t\t\t\tfloat: left;\n\t\t\t\tmargin-top: 10px;\n\t\t\t\ttext-align: center;\n\t\t\t\twidth: 33%;\n\t\t\t}\n\t\t\t#gallery-1 img {\n\t\t\t\tborder: 2px solid #cfcfcf;\n\t\t\t}\n\t\t\t#gallery-1 .gallery-caption {\n\t\t\t\tmargin-left: 0;\n\t\t\t}\n\t\t\t\/* see gallery_shortcode() in wp-includes\/media.php *\/\n\t\t<\/style>\n\t\t<div id='gallery-1' class='gallery galleryid-2710 gallery-columns-3 gallery-size-thumbnail'><dl class='gallery-item'>\n\t\t\t<dt class='gallery-icon landscape'>\n\t\t\t\t<a href='https:\/\/sinprofaz.org.br\/2024\/wp-content\/uploads\/2016\/03\/07-02.jpg'><img loading=\"lazy\" decoding=\"async\" width=\"150\" height=\"150\" src=\"https:\/\/sinprofaz.org.br\/2024\/wp-content\/uploads\/2016\/03\/07-02-150x150.jpg\" class=\"attachment-thumbnail size-thumbnail\" alt=\"\" \/><\/a>\n\t\t\t<\/dt><\/dl>\n\t\t\t<br style='clear: both' \/>\n\t\t<\/div>\n\n","protected":false},"excerpt":{"rendered":"<p>A visita de cortesia teve como pauta central o pedido de apoio \u00e0 OAB para a r\u00e1pida aprova\u00e7\u00e3o dos Projetos de Leis que tramitam no Congresso Nacional, fruto do acordo assinado entre as entidades e o Governo Federal.<\/p>\n","protected":false},"author":1,"featured_media":2711,"comment_status":"open","ping_status":"open","sticky":false,"template":"","format":"standard","meta":{"footnotes":""},"categories":[8],"tags":[],"featured_image_url":"https:\/\/sinprofaz.org.br\/2024\/wp-content\/uploads\/2016\/03\/07-01-800x198.jpg","character_count":1085,"formatted_date":"17\/02\/2016 - 04:21","contentNovo":"Os dirigentes da Anajur, Anafe (Anpaf e Unafe), Anpprev e Sinprofaz se reuniram, na tarde desta ter\u00e7a-feira, com o novo presidente do Conselho Federal da Ordem dos Advogados do Brasil, Cl\u00e1udio Pacheco Prates Lamachia. O encontro ocorreu no edif\u00edcio sede da Ordem, em Bras\u00edlia.\r\n\r\nEste foi o primeiro encontro dos representantes da Advocacia P\u00fablica com o novo presidente da Ordem. A visita de cortesia teve como pauta central, o pedido de apoio \u00e0 OAB para a r\u00e1pida aprova\u00e7\u00e3o dos Projetos de Leis que tramitam no Congresso Nacional, fruto do acordo assinado entre as entidades e o Governo Federal, que contempla reajuste remunerat\u00f3rio, honor\u00e1rios e previs\u00e3o de advocacia privada aos membros da AGU. Os presidentes das entidades destacaram, tamb\u00e9m, a luta pela inclus\u00e3o dos Advogados P\u00fablicos Aposentados no texto do Projeto de Lei n\u00ba 4.254\/2015, que regulamenta a percep\u00e7\u00e3o dos honor\u00e1rios sucumbenciais pelos advogados p\u00fablicos.\r\n\r\nOs l\u00edderes das entidades defenderam ao presidente da Ordem que \u00e9 fundamental que os aposentados sejam contemplados com os honor\u00e1rios e que a distribui\u00e7\u00e3o entre todos os membros da AGU n\u00e3o trar\u00e1 qualquer gasto excedente ao Governo. Lamachia ouviu atentamente os pleitos dos Advogados P\u00fablicos e reafirmou o compromisso da OAB em apoiar a luta no Congresso Nacional.\r\n\r\nAl\u00e9m disso, o novo presidente da OAB refor\u00e7ou o interesse em manter um canal de di\u00e1logo e proximidade entre os Advogados P\u00fablicos e Privados, sendo a OAB o \u00f3rg\u00e3o catalisador desta uni\u00e3o.\r\n\r\nTamb\u00e9m participaram da reuni\u00e3o o atual presidente da Seccional da OAB no Distrito Federal, Juliano Costa Couto; o ex-presidente da OAB-DF e atual secret\u00e1rio-adjunto do CFOAB, Ibaneis Rocha; o conselheiro Federal Manoel Dantas; o presidente da OAB-BA, Luiz Viana Queiroz; dentre outras autoridades.\r\n\r\n[gallery link=\"file\" ids=\"2712\"]","_links":{"self":[{"href":"https:\/\/sinprofaz.org.br\/2024\/wp-json\/wp\/v2\/posts\/2710"}],"collection":[{"href":"https:\/\/sinprofaz.org.br\/2024\/wp-json\/wp\/v2\/posts"}],"about":[{"href":"https:\/\/sinprofaz.org.br\/2024\/wp-json\/wp\/v2\/types\/post"}],"author":[{"embeddable":true,"href":"https:\/\/sinprofaz.org.br\/2024\/wp-json\/wp\/v2\/users\/1"}],"replies":[{"embeddable":true,"href":"https:\/\/sinprofaz.org.br\/2024\/wp-json\/wp\/v2\/comments?post=2710"}],"version-history":[{"count":1,"href":"https:\/\/sinprofaz.org.br\/2024\/wp-json\/wp\/v2\/posts\/2710\/revisions"}],"predecessor-version":[{"id":2713,"href":"https:\/\/sinprofaz.org.br\/2024\/wp-json\/wp\/v2\/posts\/2710\/revisions\/2713"}],"wp:featuredmedia":[{"embeddable":true,"href":"https:\/\/sinprofaz.org.br\/2024\/wp-json\/wp\/v2\/media\/2711"}],"wp:attachment":[{"href":"https:\/\/sinprofaz.org.br\/2024\/wp-json\/wp\/v2\/media?parent=2710"}],"wp:term":[{"taxonomy":"category","embeddable":true,"href":"https:\/\/sinprofaz.org.br\/2024\/wp-json\/wp\/v2\/categories?post=2710"},{"taxonomy":"post_tag","embeddable":true,"href":"https:\/\/sinprofaz.org.br\/2024\/wp-json\/wp\/v2\/tags?post=2710"}],"curies":[{"name":"wp","href":"https:\/\/api.w.org\/{rel}","templated":true}]}}