{"id":2702,"date":"2016-02-05T04:17:00","date_gmt":"2016-02-05T04:17:00","guid":{"rendered":"http:\/\/www.sinprofaz.org.br\/2016\/?p=2702"},"modified":"2016-03-01T04:18:09","modified_gmt":"2016-03-01T04:18:09","slug":"entidades-oficiam-presidencia-e-casa-civil-informando-sobre-lista-triplice","status":"publish","type":"post","link":"https:\/\/sinprofaz.org.br\/2024\/noticias\/entidades-oficiam-presidencia-e-casa-civil-informando-sobre-lista-triplice\/","title":{"rendered":"ENTIDADES OFICIAM PRESID\u00caNCIA E CASA CIVIL INFORMANDO SOBRE LISTA TR\u00cdPLICE"},"content":{"rendered":"<p>A UNAFE\/ANPAF (ANAFE), o SINPROFAZ e a APBC protocolaram, nesta sexta-feira (05\/02), na Presid\u00eancia da Rep\u00fablica e na Casa Civil, of\u00edcio conjunto informando que encaminhar\u00e3o uma lista tr\u00edplice com o intuito de subsidiar a escolha do pr\u00f3ximo ocupante do cargo m\u00e1ximo da Advocacia-Geral da Uni\u00e3o.<\/p>\n<p>O objetivo das entidades \u00e9 de tornar transparente e democr\u00e1tico o processo de nomea\u00e7\u00e3o do mais alto cargo da institui\u00e7\u00e3o. Nos of\u00edcios, as entidades explicam que a lista ser\u00e1 formulada atrav\u00e9s de vota\u00e7\u00e3o ampla dos membros que comp\u00f5em a Advocacia-Geral da Uni\u00e3o, sendo composta pelos tr\u00eas membros mais votados pelos seus pares.<\/p>\n<p>Foi destacado, tamb\u00e9m, que a nomea\u00e7\u00e3o do Procurador-Geral da Rep\u00fablica j\u00e1 \u00e9 tradicionalmente precedida de elabora\u00e7\u00e3o de uma lista tr\u00edplice pela Associa\u00e7\u00e3o Nacional dos Procuradores da Rep\u00fablica em consulta direta aos membros do Minist\u00e9rio P\u00fablico Federal.<\/p>\n<p>Ao final do documento, a UNAFE\/ANPAF (ANAFE), o SINPROFAZ e a APBC informam sobre o encaminhamento breve de Lista Tr\u00edplice e solicitam que a mesma seja considerada para efeitos de escolha do posto de Advogado-Geral da Uni\u00e3o.<\/p>\n<p>Confira os of\u00edcios protocolados na\u00a0<a href=\"http:\/\/www.sinprofaz.org.br\/pdfs\/oficio-conjunto-ufane-anpaf-anafe-sinprofaz-apbc-n-001-2016-lista-triplice-presidencia.pdf\" target=\"_blank\">Presid\u00eancia da republica<\/a>\u00a0e\u00a0<a href=\"http:\/\/www.sinprofaz.org.br\/pdfs\/oficio-conjunto-uafe-anpaf-anafe-sinprofaz-apbc-n-002-2016-lista-triplice-casa-civil.pdf\" target=\"_blank\">Casa Civil<\/a>.<\/p>\n","protected":false},"excerpt":{"rendered":"<p>Diante das not\u00edcias veiculadas na imprensa sobre a sa\u00edda do Advogado-Geral da Uni\u00e3o, as entidades formular\u00e3o lista tr\u00edplice com membros das carreiras da AGU para ocupa\u00e7\u00e3o do cargo m\u00e1ximo na Institui\u00e7\u00e3o.<\/p>\n","protected":false},"author":1,"featured_media":2703,"comment_status":"open","ping_status":"open","sticky":false,"template":"","format":"standard","meta":{"footnotes":""},"categories":[8],"tags":[],"featured_image_url":"https:\/\/sinprofaz.org.br\/2024\/wp-content\/uploads\/2016\/03\/05.jpg","character_count":610,"formatted_date":"05\/02\/2016 - 04:17","contentNovo":"A UNAFE\/ANPAF (ANAFE), o SINPROFAZ e a APBC protocolaram, nesta sexta-feira (05\/02), na Presid\u00eancia da Rep\u00fablica e na Casa Civil, of\u00edcio conjunto informando que encaminhar\u00e3o uma lista tr\u00edplice com o intuito de subsidiar a escolha do pr\u00f3ximo ocupante do cargo m\u00e1ximo da Advocacia-Geral da Uni\u00e3o.\r\n\r\nO objetivo das entidades \u00e9 de tornar transparente e democr\u00e1tico o processo de nomea\u00e7\u00e3o do mais alto cargo da institui\u00e7\u00e3o. Nos of\u00edcios, as entidades explicam que a lista ser\u00e1 formulada atrav\u00e9s de vota\u00e7\u00e3o ampla dos membros que comp\u00f5em a Advocacia-Geral da Uni\u00e3o, sendo composta pelos tr\u00eas membros mais votados pelos seus pares.\r\n\r\nFoi destacado, tamb\u00e9m, que a nomea\u00e7\u00e3o do Procurador-Geral da Rep\u00fablica j\u00e1 \u00e9 tradicionalmente precedida de elabora\u00e7\u00e3o de uma lista tr\u00edplice pela Associa\u00e7\u00e3o Nacional dos Procuradores da Rep\u00fablica em consulta direta aos membros do Minist\u00e9rio P\u00fablico Federal.\r\n\r\nAo final do documento, a UNAFE\/ANPAF (ANAFE), o SINPROFAZ e a APBC informam sobre o encaminhamento breve de Lista Tr\u00edplice e solicitam que a mesma seja considerada para efeitos de escolha do posto de Advogado-Geral da Uni\u00e3o.\r\n\r\nConfira os of\u00edcios protocolados na\u00a0<a href=\"http:\/\/www.sinprofaz.org.br\/pdfs\/oficio-conjunto-ufane-anpaf-anafe-sinprofaz-apbc-n-001-2016-lista-triplice-presidencia.pdf\" target=\"_blank\">Presid\u00eancia da republica<\/a>\u00a0e\u00a0<a href=\"http:\/\/www.sinprofaz.org.br\/pdfs\/oficio-conjunto-uafe-anpaf-anafe-sinprofaz-apbc-n-002-2016-lista-triplice-casa-civil.pdf\" target=\"_blank\">Casa Civil<\/a>.","_links":{"self":[{"href":"https:\/\/sinprofaz.org.br\/2024\/wp-json\/wp\/v2\/posts\/2702"}],"collection":[{"href":"https:\/\/sinprofaz.org.br\/2024\/wp-json\/wp\/v2\/posts"}],"about":[{"href":"https:\/\/sinprofaz.org.br\/2024\/wp-json\/wp\/v2\/types\/post"}],"author":[{"embeddable":true,"href":"https:\/\/sinprofaz.org.br\/2024\/wp-json\/wp\/v2\/users\/1"}],"replies":[{"embeddable":true,"href":"https:\/\/sinprofaz.org.br\/2024\/wp-json\/wp\/v2\/comments?post=2702"}],"version-history":[{"count":1,"href":"https:\/\/sinprofaz.org.br\/2024\/wp-json\/wp\/v2\/posts\/2702\/revisions"}],"predecessor-version":[{"id":2704,"href":"https:\/\/sinprofaz.org.br\/2024\/wp-json\/wp\/v2\/posts\/2702\/revisions\/2704"}],"wp:featuredmedia":[{"embeddable":true,"href":"https:\/\/sinprofaz.org.br\/2024\/wp-json\/wp\/v2\/media\/2703"}],"wp:attachment":[{"href":"https:\/\/sinprofaz.org.br\/2024\/wp-json\/wp\/v2\/media?parent=2702"}],"wp:term":[{"taxonomy":"category","embeddable":true,"href":"https:\/\/sinprofaz.org.br\/2024\/wp-json\/wp\/v2\/categories?post=2702"},{"taxonomy":"post_tag","embeddable":true,"href":"https:\/\/sinprofaz.org.br\/2024\/wp-json\/wp\/v2\/tags?post=2702"}],"curies":[{"name":"wp","href":"https:\/\/api.w.org\/{rel}","templated":true}]}}