{"id":2700,"date":"2016-02-05T04:16:20","date_gmt":"2016-02-05T04:16:20","guid":{"rendered":"http:\/\/www.sinprofaz.org.br\/2016\/?p=2700"},"modified":"2016-03-01T04:18:55","modified_gmt":"2016-03-01T04:18:55","slug":"inscricoes-para-junta-de-julgamento-e-conselho-fiscal-do-sinprofaz","status":"publish","type":"post","link":"https:\/\/sinprofaz.org.br\/2024\/noticias\/inscricoes-para-junta-de-julgamento-e-conselho-fiscal-do-sinprofaz\/","title":{"rendered":"INSCRI\u00c7\u00d5ES PARA JUNTA DE JULGAMENTO E CONSELHO FISCAL DO SINPROFAZ"},"content":{"rendered":"<p>A Junta de Julgamento do SINPROFAZ faz saber que inscreveram-se para participar das elei\u00e7\u00f5es para a Junta de Julgamento e para o Conselho Fiscal os filiados abaixo listados:<\/p>\n<p>&nbsp;<\/p>\n<p>&nbsp;<\/p>\n<p>CANDIDATOS &#8211; JUNTA DE JULGAMENTO<\/p>\n<p>1. TITULAR &#8211; Maria Lucia Perroni<\/p>\n<p>SUPLENTE &#8211; Eduardo Gon\u00e7alves Boquimpani<\/p>\n<p>&nbsp;<\/p>\n<p>2. TITULAR &#8211; Manolo Aur\u00e9lio Bedin Keller<\/p>\n<p>SUPLENTE &#8211; M\u00e1rio Ot\u00e1vio Vaz<\/p>\n<p>&nbsp;<\/p>\n<p>3. TITULAR &#8211; Magali Thais Rodrigues Ledur<\/p>\n<p>SUPLENTE &#8211; Val\u00e9ria Saques<\/p>\n<p>&nbsp;<\/p>\n<p>4. TITULAR &#8211; Osvaldo Antonio de Lima<\/p>\n<p>SUPLENTE &#8211; Bruno Sodr\u00e9 Dantas<\/p>\n<p>&nbsp;<\/p>\n<p>5. TITULAR &#8211; Fernanda dos Santos Ramires<\/p>\n<p>SUPLENTE &#8211; Simone Anacleto<\/p>\n<p>&nbsp;<\/p>\n<p>6. TITULAR &#8211; Carlos Barreto Campello Roichman<\/p>\n<p>SUPLENTE &#8211; Rodrigo de Andrade Maranh\u00e3o Fernandes<\/p>\n<p>&nbsp;<\/p>\n<p>CANDIDATOS &#8211; CONSELHO FISCAL<\/p>\n<p>&nbsp;<\/p>\n<p>1. TITULAR &#8211; Walter Maria Moreira Junior<\/p>\n<p>SUPLENTE &#8211; Rafael Vasconcellos de Ara\u00fajo Pereira<\/p>\n<p>&nbsp;<\/p>\n<p>2. TITULAR &#8211; Jos\u00e9 Edmundo Barros de Lacerda<\/p>\n<p>SUPLENTE &#8211; Leonardo Sales de Ara\u00fajo<\/p>\n<p>&nbsp;<\/p>\n<p>3. TITULAR &#8211; Renata Valle de Vasconcellos<\/p>\n<p>SUPLENTE &#8211; Jos\u00e9 Vila\u00e7o da Silva<\/p>\n<p>&nbsp;<\/p>\n<p>4. TITULAR &#8211; Ana Carolina Ara\u00fajo de Souza<\/p>\n<p>SUPLENTE &#8211; Roberto Levy Bastos Manatta<\/p>\n<p>&nbsp;<\/p>\n<p>5. TITULAR &#8211; Luciana Miranda Moreira<\/p>\n<p>SUPLENTE &#8211; Carlos de Ara\u00fajo Moreira<\/p>\n<p>&nbsp;<\/p>\n<p>6. TITULAR &#8211; Virgilio Porto Linhares Teixeira<\/p>\n<p>SUPLENTE &#8211; Josiberto Martins de Lima<\/p>\n<p>&nbsp;<\/p>\n<p>7. TITULAR &#8211; H\u00e9lder Valadares Moreira<\/p>\n<p>SUPLENTE &#8211; Celine Ramos Coelho<\/p>\n<p>&nbsp;<\/p>\n<p>Conforme edital e estatutos do SINPROFAZ, as elei\u00e7\u00f5es realizar-se-\u00e3o durante a Assembleia Geral Ordin\u00e1ria marcada para 19\/03\/2016, com per\u00edodo de mandato de 01\/07\/2016 a 30\/06\/2018.<\/p>\n<p>Ass.<\/p>\n<p>JUNTA DE JULGAMENTOS DO SINPROFAZ<\/p>\n<p>Osvaldo Antonio de Lima<\/p>\n<p>Manolo Aur\u00e9lio Bedin Keller<\/p>\n<p>Rodrigo de Andrade Maranh\u00e3o Fernandes<\/p>\n","protected":false},"excerpt":{"rendered":"<p>A Junta de Julgamento do SINPROFAZ faz saber que inscreveram-se para participar das elei\u00e7\u00f5es para a Junta de Julgamento e para o Conselho Fiscal os filiados listados a seguir.<\/p>\n","protected":false},"author":1,"featured_media":2626,"comment_status":"open","ping_status":"open","sticky":false,"template":"","format":"standard","meta":{"footnotes":""},"categories":[8],"tags":[],"featured_image_url":"https:\/\/sinprofaz.org.br\/2024\/wp-content\/uploads\/2016\/01\/logo-sinprofaz.jpg","character_count":921,"formatted_date":"05\/02\/2016 - 04:16","contentNovo":"A Junta de Julgamento do SINPROFAZ faz saber que inscreveram-se para participar das elei\u00e7\u00f5es para a Junta de Julgamento e para o Conselho Fiscal os filiados abaixo listados:\r\n\r\n&nbsp;\r\n\r\n&nbsp;\r\n\r\nCANDIDATOS - JUNTA DE JULGAMENTO\r\n\r\n1. TITULAR - Maria Lucia Perroni\r\n\r\nSUPLENTE - Eduardo Gon\u00e7alves Boquimpani\r\n\r\n&nbsp;\r\n\r\n2. TITULAR - Manolo Aur\u00e9lio Bedin Keller\r\n\r\nSUPLENTE - M\u00e1rio Ot\u00e1vio Vaz\r\n\r\n&nbsp;\r\n\r\n3. TITULAR - Magali Thais Rodrigues Ledur\r\n\r\nSUPLENTE - Val\u00e9ria Saques\r\n\r\n&nbsp;\r\n\r\n4. TITULAR - Osvaldo Antonio de Lima\r\n\r\nSUPLENTE - Bruno Sodr\u00e9 Dantas\r\n\r\n&nbsp;\r\n\r\n5. TITULAR - Fernanda dos Santos Ramires\r\n\r\nSUPLENTE - Simone Anacleto\r\n\r\n&nbsp;\r\n\r\n6. TITULAR - Carlos Barreto Campello Roichman\r\n\r\nSUPLENTE - Rodrigo de Andrade Maranh\u00e3o Fernandes\r\n\r\n&nbsp;\r\n\r\nCANDIDATOS - CONSELHO FISCAL\r\n\r\n&nbsp;\r\n\r\n1. TITULAR - Walter Maria Moreira Junior\r\n\r\nSUPLENTE - Rafael Vasconcellos de Ara\u00fajo Pereira\r\n\r\n&nbsp;\r\n\r\n2. TITULAR - Jos\u00e9 Edmundo Barros de Lacerda\r\n\r\nSUPLENTE - Leonardo Sales de Ara\u00fajo\r\n\r\n&nbsp;\r\n\r\n3. TITULAR - Renata Valle de Vasconcellos\r\n\r\nSUPLENTE - Jos\u00e9 Vila\u00e7o da Silva\r\n\r\n&nbsp;\r\n\r\n4. TITULAR - Ana Carolina Ara\u00fajo de Souza\r\n\r\nSUPLENTE - Roberto Levy Bastos Manatta\r\n\r\n&nbsp;\r\n\r\n5. TITULAR - Luciana Miranda Moreira\r\n\r\nSUPLENTE - Carlos de Ara\u00fajo Moreira\r\n\r\n&nbsp;\r\n\r\n6. TITULAR - Virgilio Porto Linhares Teixeira\r\n\r\nSUPLENTE - Josiberto Martins de Lima\r\n\r\n&nbsp;\r\n\r\n7. TITULAR - H\u00e9lder Valadares Moreira\r\n\r\nSUPLENTE - Celine Ramos Coelho\r\n\r\n&nbsp;\r\n\r\nConforme edital e estatutos do SINPROFAZ, as elei\u00e7\u00f5es realizar-se-\u00e3o durante a Assembleia Geral Ordin\u00e1ria marcada para 19\/03\/2016, com per\u00edodo de mandato de 01\/07\/2016 a 30\/06\/2018.\r\n\r\nAss.\r\n\r\nJUNTA DE JULGAMENTOS DO SINPROFAZ\r\n\r\nOsvaldo Antonio de Lima\r\n\r\nManolo Aur\u00e9lio Bedin Keller\r\n\r\nRodrigo de Andrade Maranh\u00e3o Fernandes","_links":{"self":[{"href":"https:\/\/sinprofaz.org.br\/2024\/wp-json\/wp\/v2\/posts\/2700"}],"collection":[{"href":"https:\/\/sinprofaz.org.br\/2024\/wp-json\/wp\/v2\/posts"}],"about":[{"href":"https:\/\/sinprofaz.org.br\/2024\/wp-json\/wp\/v2\/types\/post"}],"author":[{"embeddable":true,"href":"https:\/\/sinprofaz.org.br\/2024\/wp-json\/wp\/v2\/users\/1"}],"replies":[{"embeddable":true,"href":"https:\/\/sinprofaz.org.br\/2024\/wp-json\/wp\/v2\/comments?post=2700"}],"version-history":[{"count":1,"href":"https:\/\/sinprofaz.org.br\/2024\/wp-json\/wp\/v2\/posts\/2700\/revisions"}],"predecessor-version":[{"id":2701,"href":"https:\/\/sinprofaz.org.br\/2024\/wp-json\/wp\/v2\/posts\/2700\/revisions\/2701"}],"wp:featuredmedia":[{"embeddable":true,"href":"https:\/\/sinprofaz.org.br\/2024\/wp-json\/wp\/v2\/media\/2626"}],"wp:attachment":[{"href":"https:\/\/sinprofaz.org.br\/2024\/wp-json\/wp\/v2\/media?parent=2700"}],"wp:term":[{"taxonomy":"category","embeddable":true,"href":"https:\/\/sinprofaz.org.br\/2024\/wp-json\/wp\/v2\/categories?post=2700"},{"taxonomy":"post_tag","embeddable":true,"href":"https:\/\/sinprofaz.org.br\/2024\/wp-json\/wp\/v2\/tags?post=2700"}],"curies":[{"name":"wp","href":"https:\/\/api.w.org\/{rel}","templated":true}]}}