{"id":2680,"date":"2016-02-02T03:55:56","date_gmt":"2016-02-02T03:55:56","guid":{"rendered":"http:\/\/www.sinprofaz.org.br\/2016\/?p=2680"},"modified":"2016-03-01T03:59:58","modified_gmt":"2016-03-01T03:59:58","slug":"em-reportagem-sinprofaz-enfatiza-atuacao-em-prol-dos-aposentados","status":"publish","type":"post","link":"https:\/\/sinprofaz.org.br\/2024\/noticias\/em-reportagem-sinprofaz-enfatiza-atuacao-em-prol-dos-aposentados\/","title":{"rendered":"EM REPORTAGEM, SINPROFAZ ENFATIZA ATUA\u00c7\u00c3O EM PROL DOS APOSENTADOS"},"content":{"rendered":"<p>O SINPROFAZ foi destaque em mat\u00e9ria publicada ontem, dia 1\u00ba, no jornal Valor Econ\u00f4mico. A reportagem abordou os Projetos de Lei de interesse da Carreira encaminhados ao Congresso Nacional e que devem ser aprovados ainda no primeiro semestre do ano.<\/p>\n<p>Em entrevista, o presidente do Sindicato, Achilles Frias, ressaltou que, com rela\u00e7\u00e3o ao PL dos honor\u00e1rios, o SINPROFAZ tem como prioridade a inclus\u00e3o dos aposentados. Outro prop\u00f3sito da atua\u00e7\u00e3o do Sindicato \u00e9 a estrutura\u00e7\u00e3o da carreira de apoio, respons\u00e1vel pelo acesso aos sistemas. &#8220;Na PGFN, temos 0,7 servidor por procurador. Isso dificulta a cobran\u00e7a&#8221;, explicou Achilles Frias.<\/p>\n<p>A reportagem abordou a forma como os PLs v\u00e3o ao encontro de reivindica\u00e7\u00f5es da Carreira ao possibilitar a atua\u00e7\u00e3o no setor privado e o recebimento de honor\u00e1rios sucumbenciais.<\/p>\n<p>Confira a reportagem completa\u00a0<a href=\"http:\/\/www.sinprofaz.org.br\/pdfs\/valor-economico-projetos-atendem-advogados-publicos.pdf\">aqui<\/a>.<\/p>\n","protected":false},"excerpt":{"rendered":"<p>O SINPROFAZ foi destaque em mat\u00e9ria publicada no jornal Valor Econ\u00f4mico. Em entrevista, o presidente Achilles Frias ressaltou que o SINPROFAZ tem como prioridade a inclus\u00e3o dos aposentados no PL.<\/p>\n","protected":false},"author":1,"featured_media":2681,"comment_status":"open","ping_status":"open","sticky":false,"template":"","format":"standard","meta":{"footnotes":""},"categories":[8],"tags":[],"featured_image_url":"https:\/\/sinprofaz.org.br\/2024\/wp-content\/uploads\/2016\/03\/logo-valor-economico.jpg","character_count":438,"formatted_date":"02\/02\/2016 - 03:55","contentNovo":"O SINPROFAZ foi destaque em mat\u00e9ria publicada ontem, dia 1\u00ba, no jornal Valor Econ\u00f4mico. A reportagem abordou os Projetos de Lei de interesse da Carreira encaminhados ao Congresso Nacional e que devem ser aprovados ainda no primeiro semestre do ano.\r\n\r\nEm entrevista, o presidente do Sindicato, Achilles Frias, ressaltou que, com rela\u00e7\u00e3o ao PL dos honor\u00e1rios, o SINPROFAZ tem como prioridade a inclus\u00e3o dos aposentados. Outro prop\u00f3sito da atua\u00e7\u00e3o do Sindicato \u00e9 a estrutura\u00e7\u00e3o da carreira de apoio, respons\u00e1vel pelo acesso aos sistemas. \"Na PGFN, temos 0,7 servidor por procurador. Isso dificulta a cobran\u00e7a\", explicou Achilles Frias.\r\n\r\nA reportagem abordou a forma como os PLs v\u00e3o ao encontro de reivindica\u00e7\u00f5es da Carreira ao possibilitar a atua\u00e7\u00e3o no setor privado e o recebimento de honor\u00e1rios sucumbenciais.\r\n\r\nConfira a reportagem completa\u00a0<a href=\"http:\/\/www.sinprofaz.org.br\/pdfs\/valor-economico-projetos-atendem-advogados-publicos.pdf\">aqui<\/a>.","_links":{"self":[{"href":"https:\/\/sinprofaz.org.br\/2024\/wp-json\/wp\/v2\/posts\/2680"}],"collection":[{"href":"https:\/\/sinprofaz.org.br\/2024\/wp-json\/wp\/v2\/posts"}],"about":[{"href":"https:\/\/sinprofaz.org.br\/2024\/wp-json\/wp\/v2\/types\/post"}],"author":[{"embeddable":true,"href":"https:\/\/sinprofaz.org.br\/2024\/wp-json\/wp\/v2\/users\/1"}],"replies":[{"embeddable":true,"href":"https:\/\/sinprofaz.org.br\/2024\/wp-json\/wp\/v2\/comments?post=2680"}],"version-history":[{"count":2,"href":"https:\/\/sinprofaz.org.br\/2024\/wp-json\/wp\/v2\/posts\/2680\/revisions"}],"predecessor-version":[{"id":2683,"href":"https:\/\/sinprofaz.org.br\/2024\/wp-json\/wp\/v2\/posts\/2680\/revisions\/2683"}],"wp:featuredmedia":[{"embeddable":true,"href":"https:\/\/sinprofaz.org.br\/2024\/wp-json\/wp\/v2\/media\/2681"}],"wp:attachment":[{"href":"https:\/\/sinprofaz.org.br\/2024\/wp-json\/wp\/v2\/media?parent=2680"}],"wp:term":[{"taxonomy":"category","embeddable":true,"href":"https:\/\/sinprofaz.org.br\/2024\/wp-json\/wp\/v2\/categories?post=2680"},{"taxonomy":"post_tag","embeddable":true,"href":"https:\/\/sinprofaz.org.br\/2024\/wp-json\/wp\/v2\/tags?post=2680"}],"curies":[{"name":"wp","href":"https:\/\/api.w.org\/{rel}","templated":true}]}}