{"id":266,"date":"2011-08-12T18:51:00","date_gmt":"2011-08-12T18:51:00","guid":{"rendered":""},"modified":"2016-04-14T19:09:05","modified_gmt":"2016-04-14T19:09:05","slug":"sinprofaz-participa-de-seminario-internacional-sobre-justica-fiscal","status":"publish","type":"post","link":"https:\/\/sinprofaz.org.br\/2024\/noticias\/sinprofaz-participa-de-seminario-internacional-sobre-justica-fiscal\/","title":{"rendered":"SINPROFAZ participa de Semin\u00e1rio Internacional sobre Justi\u00e7a Fiscal"},"content":{"rendered":"<p>Al\u00e9m do SINPROFAZ, estiveram presentes o ministro-chefe da Secretaria de Assuntos Estrat\u00e9gicos da Presid\u00eancia da Rep\u00fablica, Moreira Franco, o conselheiro do CDES (Conselho de Desenvolvimento Econ\u00f4mico e Social) e membro do Inesc (Instituto de Estudos Socioecon\u00f4micos), Jos\u00e9 Ant\u00f4nio Moroni, e o presidente do Banco Central, Alexandre Tombini, entre outras autoridades e representantes de trabalhadores, empres\u00e1rios e especialistas em tributa\u00e7\u00e3o e finan\u00e7as p\u00fablicas.<\/p>\n<p>Na oportunidade, os participantes debateram temas como o sistema tribut\u00e1rio brasileiro, desenvolvimento regional, pol\u00edtica fiscal, lavagem de dinheiro, sonega\u00e7\u00e3o fiscal e a crise fiscal brasileira e mundial.<\/p>\n<p>O semin\u00e1rio foi substancioso e ensejou debates aprofundados sobre o sistema tribut\u00e1rio brasileiro. Ficaram demonstradas a regressividade, a complexidade e a inadequa\u00e7\u00e3o do sistema tribut\u00e1rio, que deveria facilitar o desenvolvimento econ\u00f4mico e social do Brasil, mas o atrapalha. A crise fiscal brasileira e mundial foi objeto de discuss\u00e3o nos diversos pain\u00e9is do semin\u00e1rio.<\/p>\n<p>O SINPROFAZ divulgar\u00e1, em breve, reportagem especial sobre as interven\u00e7\u00f5es dos principais debatedores, que contribu\u00edram muito para diagnosticar os problemas tribut\u00e1rios e fiscais enfrentados pelo Brasil.<\/p>\n<p>A boa not\u00edcia \u00e9 que h\u00e1 solu\u00e7\u00f5es interessantes e vi\u00e1veis para aplicarmos a seguir, as quais tamb\u00e9m ser\u00e3o objetos de nosso relato.<\/p>\n<p>O semin\u00e1rio foi gravado pela NBR e deveria ser assistido por todos os gestores p\u00fablicos brasileiros.<\/p>\n","protected":false},"excerpt":{"rendered":"<p>O SINPROFAZ participou do Semin\u00e1rio Internacional sobre Justi\u00e7a Fiscal promovido pela Secretaria de Assuntos Estrat\u00e9gicos do Governo Federal, no dia 10\/08, em Bras\u00edlia, representado pelo seu Diretor de Assuntos Profissionais e Estudos T\u00e9cnicos, Dr. Her\u00e1clio Mendes de Camargo Neto.<\/p>\n","protected":false},"author":1,"featured_media":4432,"comment_status":"closed","ping_status":"open","sticky":false,"template":"","format":"standard","meta":{"footnotes":""},"categories":[8],"tags":[],"featured_image_url":"https:\/\/sinprofaz.org.br\/2024\/wp-content\/uploads\/2011\/08\/0116.jpg","character_count":761,"formatted_date":"12\/08\/2011 - 18:51","contentNovo":"<p>Al\u00e9m do SINPROFAZ, estiveram presentes o ministro-chefe da Secretaria de Assuntos Estrat\u00e9gicos da Presid\u00eancia da Rep\u00fablica, Moreira Franco, o conselheiro do CDES (Conselho de Desenvolvimento Econ\u00f4mico e Social) e membro do Inesc (Instituto de Estudos Socioecon\u00f4micos), Jos\u00e9 Ant\u00f4nio Moroni, e o presidente do Banco Central, Alexandre Tombini, entre outras autoridades e representantes de trabalhadores, empres\u00e1rios e especialistas em tributa\u00e7\u00e3o e finan\u00e7as p\u00fablicas.<\/p>\r\n<p>Na oportunidade, os participantes debateram temas como o sistema tribut\u00e1rio brasileiro, desenvolvimento regional, pol\u00edtica fiscal, lavagem de dinheiro, sonega\u00e7\u00e3o fiscal e a crise fiscal brasileira e mundial.<\/p>\r\n<p>O semin\u00e1rio foi substancioso e ensejou debates aprofundados sobre o sistema tribut\u00e1rio brasileiro. Ficaram demonstradas a regressividade, a complexidade e a inadequa\u00e7\u00e3o do sistema tribut\u00e1rio, que deveria facilitar o desenvolvimento econ\u00f4mico e social do Brasil, mas o atrapalha. A crise fiscal brasileira e mundial foi objeto de discuss\u00e3o nos diversos pain\u00e9is do semin\u00e1rio.<\/p>\r\n<p>O SINPROFAZ divulgar\u00e1, em breve, reportagem especial sobre as interven\u00e7\u00f5es dos principais debatedores, que contribu\u00edram muito para diagnosticar os problemas tribut\u00e1rios e fiscais enfrentados pelo Brasil.<\/p>\r\n<p>A boa not\u00edcia \u00e9 que h\u00e1 solu\u00e7\u00f5es interessantes e vi\u00e1veis para aplicarmos a seguir, as quais tamb\u00e9m ser\u00e3o objetos de nosso relato.<\/p>\r\n<p>O semin\u00e1rio foi gravado pela NBR e deveria ser assistido por todos os gestores p\u00fablicos brasileiros.<\/p>","_links":{"self":[{"href":"https:\/\/sinprofaz.org.br\/2024\/wp-json\/wp\/v2\/posts\/266"}],"collection":[{"href":"https:\/\/sinprofaz.org.br\/2024\/wp-json\/wp\/v2\/posts"}],"about":[{"href":"https:\/\/sinprofaz.org.br\/2024\/wp-json\/wp\/v2\/types\/post"}],"author":[{"embeddable":true,"href":"https:\/\/sinprofaz.org.br\/2024\/wp-json\/wp\/v2\/users\/1"}],"replies":[{"embeddable":true,"href":"https:\/\/sinprofaz.org.br\/2024\/wp-json\/wp\/v2\/comments?post=266"}],"version-history":[{"count":1,"href":"https:\/\/sinprofaz.org.br\/2024\/wp-json\/wp\/v2\/posts\/266\/revisions"}],"predecessor-version":[{"id":4433,"href":"https:\/\/sinprofaz.org.br\/2024\/wp-json\/wp\/v2\/posts\/266\/revisions\/4433"}],"wp:featuredmedia":[{"embeddable":true,"href":"https:\/\/sinprofaz.org.br\/2024\/wp-json\/wp\/v2\/media\/4432"}],"wp:attachment":[{"href":"https:\/\/sinprofaz.org.br\/2024\/wp-json\/wp\/v2\/media?parent=266"}],"wp:term":[{"taxonomy":"category","embeddable":true,"href":"https:\/\/sinprofaz.org.br\/2024\/wp-json\/wp\/v2\/categories?post=266"},{"taxonomy":"post_tag","embeddable":true,"href":"https:\/\/sinprofaz.org.br\/2024\/wp-json\/wp\/v2\/tags?post=266"}],"curies":[{"name":"wp","href":"https:\/\/api.w.org\/{rel}","templated":true}]}}