{"id":261,"date":"2011-08-10T13:22:03","date_gmt":"2011-08-10T13:22:03","guid":{"rendered":""},"modified":"2016-04-15T12:33:52","modified_gmt":"2016-04-15T12:33:52","slug":"ato-pelo-tratamento-isonomico-dirigentes-se-reunem-com-diversos-parlamentares","status":"publish","type":"post","link":"https:\/\/sinprofaz.org.br\/2024\/noticias\/ato-pelo-tratamento-isonomico-dirigentes-se-reunem-com-diversos-parlamentares\/","title":{"rendered":"Ato pelo tratamento ison\u00f4mico: dirigentes se re\u00fanem com diversos parlamentares"},"content":{"rendered":"<p><img loading=\"lazy\" decoding=\"async\" style=\"margin-right: 10px; border: 1px solid #000000; float: left;\" alt=\"\" src=\"images\/noticias\/ato-pelo-tratamento-isonomico-dirigentes-se-reunem-com-diversos-parlamentares\/reuniao_090811_2.jpg\" height=\"154\" width=\"218\" \/>Representantes do Forum Nacional refor\u00e7aram aos membros da Comiss\u00e3o Especial da PEC 443\/09 o pleito de garantir tratamento ison\u00f4mico entre as Fun\u00e7\u00f5es Essenciais \u00e0 Justi\u00e7a.<\/p>\n<p>Nas conversas desta ter\u00e7a-feira (9), foram ressaltados os objetivos do movimento de reforma da Advocacia P\u00fablica conforme os anseios constitucionais. Os dirigentes explicaram aos parlamentares que, para o bem do nosso Estado Democr\u00e1tico de Direito, \u00e9 necess\u00e1rio que essa mudan\u00e7a ocorra o mais r\u00e1pido poss\u00edvel.<\/p>\n<p>Reiteraram tamb\u00e9m aos deputados que o atendimento da demanda do Forum Nacional permite a conclus\u00e3o do trabalho do Poder Constituinte Origin\u00e1rio. Isto porque possibilita aos integrantes da Advocacia P\u00fablica compatibilizar sua voca\u00e7\u00e3o com a satisfa\u00e7\u00e3o pessoal e profissional, fazendo valer a equipara\u00e7\u00e3o entre as Fun\u00e7\u00f5es Essenciais \u00e0 Justi\u00e7a, conforme enseja interpreta\u00e7\u00e3o do art. 29, \u00a72\u00ba, do ADCT e Cap\u00edtulo IV, da Constitui\u00e7\u00e3o Federal, que poder\u00e1 ser concretizado com a aprova\u00e7\u00e3o das PECs 443\/09 e 452\/09.<\/p>\n<p>Entre outros itens debatidos, destaque para a cobran\u00e7a ao Governo Federal de assegurar \u00e0 Advocacia P\u00fablica Federal reajuste remunerat\u00f3rio digno de uma das Fun\u00e7\u00f5es Essenciais \u00e0 Justi\u00e7a, eliminando o desn\u00edvel hoje existente. &#8220;Essas propostas v\u00eam em decorr\u00eancia das Fun\u00e7\u00f5es Essenciais \u00e0 Justi\u00e7a. Buscamos o que est\u00e1 dentro da Constitui\u00e7\u00e3o que \u00e9 um tratamento igualit\u00e1rio entre essas carreiras&#8221;, disse o presidente do Forum Nacional, Allan Titonelli.<\/p>\n<p>Nas atividades desta ter\u00e7a, os dirigentes do Forum visitaram os deputados Lourival Mendes (PTdoB\/MA), Julio Cesar (DEM\/PI),Valtenir Pereira (PSB\/MT) e Vilson Covatti (PP\/RS).<\/p>\n<p>Para o deputado Lourival Mendes (PT do B\/MA), que faz parte da Comiss\u00e3o Especial da PEC 443\/09, o estreitamento das rela\u00e7\u00f5es com o Forum Nacional se faz necess\u00e1rio. &#8220;Assumo o compromisso e defendo a inclus\u00e3o das carreiras. Voc\u00eas t\u00eam um defensor e quero manter estreita as nossas rela\u00e7\u00f5es&#8221;, disse.<\/p>\n<p>O deputado Julio C\u00e9sar (DEM\/PI) tamb\u00e9m apoiou o pleito levado pelos dirigentes do Forum, mas comentou as dificuldades e pediu que o trabalho seja conjunto. &#8220;Estamos juntos nesse pleito. A luta \u00e9 grande, n\u00e3o vamos nos enganar&#8221;, alertou.<\/p>\n<p>Em outro encontro, com o deputado Valtenir Pereira (PSB\/MT), o pleito levado pelos dirigentes tamb\u00e9m foi correspondido. &#8220;Coloquem-me como um companheiro para ajudar nessa batalha, no convencimento, no que for preciso&#8221;, enfatizou o parlamentar.<\/p>\n<p>O Forum Nacional da Advocacia P\u00fablica Federal conclama a todos os membros a participarem das atividades do ato pelo tratamento ison\u00f4mico entre as Fun\u00e7\u00f5es Essenciais \u00e0 Justi\u00e7a. As a\u00e7\u00f5es ocorrem at\u00e9 o pr\u00f3ximo dia 12, sexta-feira, e se concentram na C\u00e2mara Federal.<\/p>\n<p><img loading=\"lazy\" decoding=\"async\" alt=\"\" src=\"images\/stories\/reuniao_090811_1.jpg\" height=\"134\" width=\"200\" \/> <img loading=\"lazy\" decoding=\"async\" alt=\"\" src=\"images\/stories\/reuniao_090811_3.jpg\" height=\"134\" width=\"200\" \/> <img loading=\"lazy\" decoding=\"async\" alt=\"\" src=\"images\/stories\/reuniao_090811_4.jpg\" height=\"134\" width=\"200\" \/><\/p>\n<p><b>Agenda<\/b><\/p>\n<p>Confira a agenda de audi\u00eancias do Forum com os parlamentares da Comiss\u00e3o Especial da PEC 443\/2009 previstas para esta quarta-feira(10) e quinta-feira (11):<\/p>\n<p><i> Quarta-feira<\/i><\/p>\n<p>Valadares Filho (PSB\/SE), Vieira da Cunha (PDT\/RS), S\u00e9rgio Barradas Carneiro (PT\/BA), Mauro Nazif (PSB\/RO) e Andr\u00e9ia Zito (PSDB\/RJ).<\/p>\n<p><i>Quinta-feira<\/i><\/p>\n<p>Ronaldo Benedet (PMDB\/SC), Bonif\u00e1cio de Andrada (PSDB\/MG), Lincoln Portela (PR\/MG) e Policarpo (PT\/DF).<\/p>\n<p><b>Posse<\/b><\/p>\n<p>Nesta quarta-feira, 10 de agosto, ocorrer\u00e1 tamb\u00e9m a solenidade de posse da nova Diretoria do Forum Nacional. Ser\u00e1 na sede da ANPPREV, em Bras\u00edlia, a partir das 19h30. Todos os membros das carreiras da Advocacia P\u00fablica Federal est\u00e3o convidados. <i>Com informa\u00e7\u00f5es da Assessoria de Imprensa do Forum Nacional da Advocacia P\u00fablica Federal.<\/i><\/p>\n","protected":false},"excerpt":{"rendered":"<p>Representantes do Forum Nacional refor\u00e7aram aos membros da Comiss\u00e3o Especial da PEC 443\/09 o pleito de garantir tratamento ison\u00f4mico entre as Fun\u00e7\u00f5es Essenciais \u00e0 Justi\u00e7a.<\/p>\n","protected":false},"author":1,"featured_media":4457,"comment_status":"closed","ping_status":"open","sticky":false,"template":"","format":"standard","meta":{"footnotes":""},"categories":[8],"tags":[],"featured_image_url":"https:\/\/sinprofaz.org.br\/2024\/wp-content\/uploads\/2011\/08\/0121-695x198.jpg","character_count":1784,"formatted_date":"10\/08\/2011 - 13:22","contentNovo":"<p>Representantes do Forum Nacional refor\u00e7aram aos membros da Comiss\u00e3o Especial da PEC 443\/09 o pleito de garantir tratamento ison\u00f4mico entre as Fun\u00e7\u00f5es Essenciais \u00e0 Justi\u00e7a.<\/p>\r\n<p>Nas conversas desta ter\u00e7a-feira (9), foram ressaltados os objetivos do movimento de reforma da Advocacia P\u00fablica conforme os anseios constitucionais. Os dirigentes explicaram aos parlamentares que, para o bem do nosso Estado Democr\u00e1tico de Direito, \u00e9 necess\u00e1rio que essa mudan\u00e7a ocorra o mais r\u00e1pido poss\u00edvel.<\/p>\r\n<p>Reiteraram tamb\u00e9m aos deputados que o atendimento da demanda do Forum Nacional permite a conclus\u00e3o do trabalho do Poder Constituinte Origin\u00e1rio. Isto porque possibilita aos integrantes da Advocacia P\u00fablica compatibilizar sua voca\u00e7\u00e3o com a satisfa\u00e7\u00e3o pessoal e profissional, fazendo valer a equipara\u00e7\u00e3o entre as Fun\u00e7\u00f5es Essenciais \u00e0 Justi\u00e7a, conforme enseja interpreta\u00e7\u00e3o do art. 29, \u00a72\u00ba, do ADCT e Cap\u00edtulo IV, da Constitui\u00e7\u00e3o Federal, que poder\u00e1 ser concretizado com a aprova\u00e7\u00e3o das PECs 443\/09 e 452\/09.<\/p>\r\n<p>Entre outros itens debatidos, destaque para a cobran\u00e7a ao Governo Federal de assegurar \u00e0 Advocacia P\u00fablica Federal reajuste remunerat\u00f3rio digno de uma das Fun\u00e7\u00f5es Essenciais \u00e0 Justi\u00e7a, eliminando o desn\u00edvel hoje existente. \"Essas propostas v\u00eam em decorr\u00eancia das Fun\u00e7\u00f5es Essenciais \u00e0 Justi\u00e7a. Buscamos o que est\u00e1 dentro da Constitui\u00e7\u00e3o que \u00e9 um tratamento igualit\u00e1rio entre essas carreiras\", disse o presidente do Forum Nacional, Allan Titonelli.<\/p>\r\n<p>Nas atividades desta ter\u00e7a, os dirigentes do Forum visitaram os deputados Lourival Mendes (PTdoB\/MA), Julio Cesar (DEM\/PI),Valtenir Pereira (PSB\/MT) e Vilson Covatti (PP\/RS).<\/p>\r\n<p>Para o deputado Lourival Mendes (PT do B\/MA), que faz parte da Comiss\u00e3o Especial da PEC 443\/09, o estreitamento das rela\u00e7\u00f5es com o Forum Nacional se faz necess\u00e1rio. \"Assumo o compromisso e defendo a inclus\u00e3o das carreiras. Voc\u00eas t\u00eam um defensor e quero manter estreita as nossas rela\u00e7\u00f5es\", disse.<\/p>\r\n<p>O deputado Julio C\u00e9sar (DEM\/PI) tamb\u00e9m apoiou o pleito levado pelos dirigentes do Forum, mas comentou as dificuldades e pediu que o trabalho seja conjunto. \"Estamos juntos nesse pleito. A luta \u00e9 grande, n\u00e3o vamos nos enganar\", alertou.<\/p>\r\n<p>Em outro encontro, com o deputado Valtenir Pereira (PSB\/MT), o pleito levado pelos dirigentes tamb\u00e9m foi correspondido. \"Coloquem-me como um companheiro para ajudar nessa batalha, no convencimento, no que for preciso\", enfatizou o parlamentar.<\/p>\r\n<p>O Forum Nacional da Advocacia P\u00fablica Federal conclama a todos os membros a participarem das atividades do ato pelo tratamento ison\u00f4mico entre as Fun\u00e7\u00f5es Essenciais \u00e0 Justi\u00e7a. As a\u00e7\u00f5es ocorrem at\u00e9 o pr\u00f3ximo dia 12, sexta-feira, e se concentram na C\u00e2mara Federal.<\/p>\r\n<p>  <\/p>\r\n<p>Agenda<\/p>\r\n<p>Confira a agenda de audi\u00eancias do Forum com os parlamentares da Comiss\u00e3o Especial da PEC 443\/2009 previstas para esta quarta-feira(10) e quinta-feira (11):<\/p>\r\n<p> Quarta-feira<\/p>\r\n<p>Valadares Filho (PSB\/SE), Vieira da Cunha (PDT\/RS), S\u00e9rgio Barradas Carneiro (PT\/BA), Mauro Nazif (PSB\/RO) e Andr\u00e9ia Zito (PSDB\/RJ).<\/p>\r\n<p>Quinta-feira<\/p>\r\n<p>Ronaldo Benedet (PMDB\/SC), Bonif\u00e1cio de Andrada (PSDB\/MG), Lincoln Portela (PR\/MG) e Policarpo (PT\/DF).<\/p>\r\n<p>Posse<\/p>\r\n<p>Nesta quarta-feira, 10 de agosto, ocorrer\u00e1 tamb\u00e9m a solenidade de posse da nova Diretoria do Forum Nacional. Ser\u00e1 na sede da ANPPREV, em Bras\u00edlia, a partir das 19h30. Todos os membros das carreiras da Advocacia P\u00fablica Federal est\u00e3o convidados. Com informa\u00e7\u00f5es da Assessoria de Imprensa do Forum Nacional da Advocacia P\u00fablica Federal.<\/p>","_links":{"self":[{"href":"https:\/\/sinprofaz.org.br\/2024\/wp-json\/wp\/v2\/posts\/261"}],"collection":[{"href":"https:\/\/sinprofaz.org.br\/2024\/wp-json\/wp\/v2\/posts"}],"about":[{"href":"https:\/\/sinprofaz.org.br\/2024\/wp-json\/wp\/v2\/types\/post"}],"author":[{"embeddable":true,"href":"https:\/\/sinprofaz.org.br\/2024\/wp-json\/wp\/v2\/users\/1"}],"replies":[{"embeddable":true,"href":"https:\/\/sinprofaz.org.br\/2024\/wp-json\/wp\/v2\/comments?post=261"}],"version-history":[{"count":1,"href":"https:\/\/sinprofaz.org.br\/2024\/wp-json\/wp\/v2\/posts\/261\/revisions"}],"predecessor-version":[{"id":4458,"href":"https:\/\/sinprofaz.org.br\/2024\/wp-json\/wp\/v2\/posts\/261\/revisions\/4458"}],"wp:featuredmedia":[{"embeddable":true,"href":"https:\/\/sinprofaz.org.br\/2024\/wp-json\/wp\/v2\/media\/4457"}],"wp:attachment":[{"href":"https:\/\/sinprofaz.org.br\/2024\/wp-json\/wp\/v2\/media?parent=261"}],"wp:term":[{"taxonomy":"category","embeddable":true,"href":"https:\/\/sinprofaz.org.br\/2024\/wp-json\/wp\/v2\/categories?post=261"},{"taxonomy":"post_tag","embeddable":true,"href":"https:\/\/sinprofaz.org.br\/2024\/wp-json\/wp\/v2\/tags?post=261"}],"curies":[{"name":"wp","href":"https:\/\/api.w.org\/{rel}","templated":true}]}}