{"id":258,"date":"2011-08-08T16:23:53","date_gmt":"2011-08-08T16:23:53","guid":{"rendered":""},"modified":"2016-04-14T18:44:26","modified_gmt":"2016-04-14T18:44:26","slug":"deputado-propoe-percepcao-de-honorarios-aos-advogados-publicos","status":"publish","type":"post","link":"https:\/\/sinprofaz.org.br\/2024\/noticias\/deputado-propoe-percepcao-de-honorarios-aos-advogados-publicos\/","title":{"rendered":"Deputado prop\u00f5e percep\u00e7\u00e3o de honor\u00e1rios aos advogados p\u00fablicos"},"content":{"rendered":"<p>No encontro com o deputado catarinense, que \u00e9 advogado, a inten\u00e7\u00e3o ser\u00e1 prestar informa\u00e7\u00f5es sobre as especificidades da Advocacia P\u00fablica e agradec\u00ea-lo pela iniciativa de apresentar o PL 1754\/2011.<\/p>\n<p>A proposi\u00e7\u00e3o, apresentada em 5 de julho, altera o Estatuto da OAB e prev\u00ea o direito de percep\u00e7\u00e3o dos honor\u00e1rios de sucumb\u00eancias pelos advogados p\u00fablicos, al\u00e9m de autorizar o porte de arma aos advogados.<\/p>\n<p>Sobre a tramita\u00e7\u00e3o na C\u00e2mara, o PL ainda aguarda despacho \u00e0s comiss\u00f5es tem\u00e1ticas pela Mesa Diretora da C\u00e2mara dos Deputados.<\/p>\n","protected":false},"excerpt":{"rendered":"<p>Proposi\u00e7\u00e3o de Ronaldo Benedet (PMDB-SC) tamb\u00e9m autoriza o porte de armas aos advogados. SINPROFAZ e Forum v\u00e3o agendar reuni\u00e3o com parlamentar.<\/p>\n","protected":false},"author":1,"featured_media":4413,"comment_status":"closed","ping_status":"open","sticky":false,"template":"","format":"standard","meta":{"footnotes":""},"categories":[8],"tags":[],"featured_image_url":"https:\/\/sinprofaz.org.br\/2024\/wp-content\/uploads\/2011\/08\/019.jpg","character_count":275,"formatted_date":"08\/08\/2011 - 16:23","contentNovo":"<p>No encontro com o deputado catarinense, que \u00e9 advogado, a inten\u00e7\u00e3o ser\u00e1 prestar informa\u00e7\u00f5es sobre as especificidades da Advocacia P\u00fablica e agradec\u00ea-lo pela iniciativa de apresentar o PL 1754\/2011.<\/p>\r\n<p>A proposi\u00e7\u00e3o, apresentada em 5 de julho, altera o Estatuto da OAB e prev\u00ea o direito de percep\u00e7\u00e3o dos honor\u00e1rios de sucumb\u00eancias pelos advogados p\u00fablicos, al\u00e9m de autorizar o porte de arma aos advogados.<\/p>\r\n<p>Sobre a tramita\u00e7\u00e3o na C\u00e2mara, o PL ainda aguarda despacho \u00e0s comiss\u00f5es tem\u00e1ticas pela Mesa Diretora da C\u00e2mara dos Deputados.<\/p>","_links":{"self":[{"href":"https:\/\/sinprofaz.org.br\/2024\/wp-json\/wp\/v2\/posts\/258"}],"collection":[{"href":"https:\/\/sinprofaz.org.br\/2024\/wp-json\/wp\/v2\/posts"}],"about":[{"href":"https:\/\/sinprofaz.org.br\/2024\/wp-json\/wp\/v2\/types\/post"}],"author":[{"embeddable":true,"href":"https:\/\/sinprofaz.org.br\/2024\/wp-json\/wp\/v2\/users\/1"}],"replies":[{"embeddable":true,"href":"https:\/\/sinprofaz.org.br\/2024\/wp-json\/wp\/v2\/comments?post=258"}],"version-history":[{"count":1,"href":"https:\/\/sinprofaz.org.br\/2024\/wp-json\/wp\/v2\/posts\/258\/revisions"}],"predecessor-version":[{"id":4414,"href":"https:\/\/sinprofaz.org.br\/2024\/wp-json\/wp\/v2\/posts\/258\/revisions\/4414"}],"wp:featuredmedia":[{"embeddable":true,"href":"https:\/\/sinprofaz.org.br\/2024\/wp-json\/wp\/v2\/media\/4413"}],"wp:attachment":[{"href":"https:\/\/sinprofaz.org.br\/2024\/wp-json\/wp\/v2\/media?parent=258"}],"wp:term":[{"taxonomy":"category","embeddable":true,"href":"https:\/\/sinprofaz.org.br\/2024\/wp-json\/wp\/v2\/categories?post=258"},{"taxonomy":"post_tag","embeddable":true,"href":"https:\/\/sinprofaz.org.br\/2024\/wp-json\/wp\/v2\/tags?post=258"}],"curies":[{"name":"wp","href":"https:\/\/api.w.org\/{rel}","templated":true}]}}