{"id":257,"date":"2011-08-08T16:04:20","date_gmt":"2011-08-08T16:04:20","guid":{"rendered":""},"modified":"2016-04-14T18:45:40","modified_gmt":"2016-04-14T18:45:40","slug":"forum-discute-pl-que-institui-previdencia-complementar-para-servidores-publicos","status":"publish","type":"post","link":"https:\/\/sinprofaz.org.br\/2024\/noticias\/forum-discute-pl-que-institui-previdencia-complementar-para-servidores-publicos\/","title":{"rendered":"Forum discute PL que institui Previd\u00eancia Complementar para servidores p\u00fablicos"},"content":{"rendered":"<p>A reuni\u00e3o ocorreu na C\u00e2mara na \u00faltima sexta-feira (4). Forum foi representado pelo diretor de Comunica\u00e7\u00e3o, Rog\u00e9rio Filomeno. Haver\u00e1 novo encontro sobre o tema nesta segunda (8).<\/p>\n<p>Tamb\u00e9m participaram da reuni\u00e3o da semana passada representantes do SINAL (Sindicato Nacional dos Funcion\u00e1rios do Banco Central), SINAIT (Sindicato Nacional dos Auditores Fiscais do Trabalho) e do SINDIFISCO (Sindicato Nacional dos Auditores-Fiscais da Receita Federal do Brasil).<\/p>\n<p>O PL 1.992\/2007, do Poder Executivo, institui o regime de previd\u00eancia complementar para os servidores p\u00fablicos federais titulares de cargo efetivo, inclusive os membros dos \u00f3rg\u00e3os que menciona, fixa o limite m\u00e1ximo para a concess\u00e3o de aposentadorias e pens\u00f5es pelo regime de previd\u00eancia de que trata o art. 40 da Constitui\u00e7\u00e3o e autoriza a cria\u00e7\u00e3o de entidade fechada de previd\u00eancia complementar denominada Funda\u00e7\u00e3o de Previd\u00eancia Complementar do Servidor P\u00fablico Federal &#8211; FUNPRESP.<\/p>\n<p>As entidades expuseram suas preocupa\u00e7\u00f5es quanto aos riscos do projeto e a import\u00e2ncia de sensibilizar o governo para que a proposta seja amplamente debatida com os servidores e alterada antes de ser colocada em vota\u00e7\u00e3o. De acordo com os representantes, o projeto ainda possui pontos fr\u00e1geis e riscos para as contas da Previd\u00eancia e, portanto, precisam ser melhor discutidos.<\/p>\n<p><b>Tramita\u00e7\u00e3o<\/b><\/p>\n<p>O PL 1.992\/97 est\u00e1 na pauta da Comiss\u00e3o de Trabalho e poder\u00e1 ser votado na sess\u00e3o de quarta-feira (10), que come\u00e7a \u00e0s 10h. O projeto recebeu parecer favor\u00e1vel do relator, deputado Silvio Costa (PTB-PE).<\/p>\n<p>Amanh\u00e3 (9), \u00e0s 15h, a <em>Ag\u00eancia C\u00e2mara de Not\u00edcias<\/em> realiza debate sobre o PL 1.992\/07. Os internautas poder\u00e3o enviar perguntas para o relator. Para participar do chat, basta acessar o site <a href=\"http:\/\/www.agencia.camara.gov.br\/\">www.agencia.camara.gov.br<\/a> e clicar no banner do bate-papo, que estar\u00e1 dispon\u00edvel no alto da p\u00e1gina da <em>Ag\u00eancia C\u00e2mara<\/em>.<\/p>\n","protected":false},"excerpt":{"rendered":"<p>A reuni\u00e3o ocorreu na C\u00e2mara na \u00faltima sexta-feira (4). Forum foi representado pelo diretor de Comunica\u00e7\u00e3o, Rog\u00e9rio Filomeno. Haver\u00e1 novo encontro sobre o tema nesta segunda (8).<\/p>\n","protected":false},"author":1,"featured_media":4415,"comment_status":"closed","ping_status":"open","sticky":false,"template":"","format":"standard","meta":{"footnotes":""},"categories":[8],"tags":[],"featured_image_url":"https:\/\/sinprofaz.org.br\/2024\/wp-content\/uploads\/2011\/08\/0110.jpg","character_count":948,"formatted_date":"08\/08\/2011 - 16:04","contentNovo":"<p>A reuni\u00e3o ocorreu na C\u00e2mara na \u00faltima sexta-feira (4). Forum foi representado pelo diretor de Comunica\u00e7\u00e3o, Rog\u00e9rio Filomeno. Haver\u00e1 novo encontro sobre o tema nesta segunda (8).<\/p>\r\n<p>Tamb\u00e9m participaram da reuni\u00e3o da semana passada representantes do SINAL (Sindicato Nacional dos Funcion\u00e1rios do Banco Central), SINAIT (Sindicato Nacional dos Auditores Fiscais do Trabalho) e do SINDIFISCO (Sindicato Nacional dos Auditores-Fiscais da Receita Federal do Brasil).<\/p>\r\n<p>O PL 1.992\/2007, do Poder Executivo, institui o regime de previd\u00eancia complementar para os servidores p\u00fablicos federais titulares de cargo efetivo, inclusive os membros dos \u00f3rg\u00e3os que menciona, fixa o limite m\u00e1ximo para a concess\u00e3o de aposentadorias e pens\u00f5es pelo regime de previd\u00eancia de que trata o art. 40 da Constitui\u00e7\u00e3o e autoriza a cria\u00e7\u00e3o de entidade fechada de previd\u00eancia complementar denominada Funda\u00e7\u00e3o de Previd\u00eancia Complementar do Servidor P\u00fablico Federal - FUNPRESP.<\/p>\r\n<p>As entidades expuseram suas preocupa\u00e7\u00f5es quanto aos riscos do projeto e a import\u00e2ncia de sensibilizar o governo para que a proposta seja amplamente debatida com os servidores e alterada antes de ser colocada em vota\u00e7\u00e3o. De acordo com os representantes, o projeto ainda possui pontos fr\u00e1geis e riscos para as contas da Previd\u00eancia e, portanto, precisam ser melhor discutidos.<\/p>\r\n<p>Tramita\u00e7\u00e3o<\/p>\r\n<p>O PL 1.992\/97 est\u00e1 na pauta da Comiss\u00e3o de Trabalho e poder\u00e1 ser votado na sess\u00e3o de quarta-feira (10), que come\u00e7a \u00e0s 10h. O projeto recebeu parecer favor\u00e1vel do relator, deputado Silvio Costa (PTB-PE).<\/p>\r\n<p>Amanh\u00e3 (9), \u00e0s 15h, a <em>Ag\u00eancia C\u00e2mara de Not\u00edcias<\/em> realiza debate sobre o PL 1.992\/07. Os internautas poder\u00e3o enviar perguntas para o relator. Para participar do chat, basta acessar o site <a href=\"http:\/\/www.agencia.camara.gov.br\/\">www.agencia.camara.gov.br<\/a> e clicar no banner do bate-papo, que estar\u00e1 dispon\u00edvel no alto da p\u00e1gina da <em>Ag\u00eancia C\u00e2mara<\/em>.<\/p>","_links":{"self":[{"href":"https:\/\/sinprofaz.org.br\/2024\/wp-json\/wp\/v2\/posts\/257"}],"collection":[{"href":"https:\/\/sinprofaz.org.br\/2024\/wp-json\/wp\/v2\/posts"}],"about":[{"href":"https:\/\/sinprofaz.org.br\/2024\/wp-json\/wp\/v2\/types\/post"}],"author":[{"embeddable":true,"href":"https:\/\/sinprofaz.org.br\/2024\/wp-json\/wp\/v2\/users\/1"}],"replies":[{"embeddable":true,"href":"https:\/\/sinprofaz.org.br\/2024\/wp-json\/wp\/v2\/comments?post=257"}],"version-history":[{"count":1,"href":"https:\/\/sinprofaz.org.br\/2024\/wp-json\/wp\/v2\/posts\/257\/revisions"}],"predecessor-version":[{"id":4416,"href":"https:\/\/sinprofaz.org.br\/2024\/wp-json\/wp\/v2\/posts\/257\/revisions\/4416"}],"wp:featuredmedia":[{"embeddable":true,"href":"https:\/\/sinprofaz.org.br\/2024\/wp-json\/wp\/v2\/media\/4415"}],"wp:attachment":[{"href":"https:\/\/sinprofaz.org.br\/2024\/wp-json\/wp\/v2\/media?parent=257"}],"wp:term":[{"taxonomy":"category","embeddable":true,"href":"https:\/\/sinprofaz.org.br\/2024\/wp-json\/wp\/v2\/categories?post=257"},{"taxonomy":"post_tag","embeddable":true,"href":"https:\/\/sinprofaz.org.br\/2024\/wp-json\/wp\/v2\/tags?post=257"}],"curies":[{"name":"wp","href":"https:\/\/api.w.org\/{rel}","templated":true}]}}