{"id":256,"date":"2011-08-05T14:57:25","date_gmt":"2011-08-05T14:57:25","guid":{"rendered":""},"modified":"2016-04-14T18:46:40","modified_gmt":"2016-04-14T18:46:40","slug":"procuracao-eletronica-da-age-ja-esta-disponivel-na-area-restrita","status":"publish","type":"post","link":"https:\/\/sinprofaz.org.br\/2024\/noticias\/procuracao-eletronica-da-age-ja-esta-disponivel-na-area-restrita\/","title":{"rendered":"Procura\u00e7\u00e3o eletr\u00f4nica da AGE j\u00e1 est\u00e1 dispon\u00edvel na \u00e1rea restrita"},"content":{"rendered":"<p>Para indicar outro outorgado, deve-se utilizar a vers\u00e3o para impress\u00e3o. \u00c9 muito importante a participa\u00e7\u00e3o na AGE do maior n\u00famero poss\u00edvel de filiados, ainda que por procura\u00e7\u00e3o.<\/p>\n<p>A AGE ocorrer\u00e1 a partir das 8h30 no Nobile Su\u00edtes Monumental, que fica no Setor Hoteleiro Norte, em Bras\u00edlia. Haver\u00e1 transmiss\u00e3o da Assembleia, ao vivo, pelo site do SINPROFAZ.<\/p>\n<p>A data coincide com o encerramento do ato do Forum Nacional entre os dias 9 a 11 de agosto. A mobiliza\u00e7\u00e3o tem o prop\u00f3sito de marcar posicionamento sobre a necessidade de haver tratamento ison\u00f4mico entre as Fun\u00e7\u00f5es Essenciais \u00e0 Justi\u00e7a.<\/p>\n","protected":false},"excerpt":{"rendered":"<p>Ao acessar a \u201c\u00c1rea do Associado\u201d, o PFN pode consultar e deliberar sobre a pauta da Assembleia. A procura\u00e7\u00e3o outorga a representa\u00e7\u00e3o na AGE ao presidente do Sindicato.<\/p>\n","protected":false},"author":1,"featured_media":2630,"comment_status":"closed","ping_status":"open","sticky":false,"template":"","format":"standard","meta":{"footnotes":""},"categories":[8],"tags":[],"featured_image_url":"https:\/\/sinprofaz.org.br\/2024\/wp-content\/uploads\/2016\/01\/logo-sinprofaz1.jpg","character_count":306,"formatted_date":"05\/08\/2011 - 14:57","contentNovo":"<p>Para indicar outro outorgado, deve-se utilizar a vers\u00e3o para impress\u00e3o. \u00c9 muito importante a participa\u00e7\u00e3o na AGE do maior n\u00famero poss\u00edvel de filiados, ainda que por procura\u00e7\u00e3o.<\/p>\r\n<p>A AGE ocorrer\u00e1 a partir das 8h30 no Nobile Su\u00edtes Monumental, que fica no Setor Hoteleiro Norte, em Bras\u00edlia. Haver\u00e1 transmiss\u00e3o da Assembleia, ao vivo, pelo site do SINPROFAZ.<\/p>\r\n<p>A data coincide com o encerramento do ato do Forum Nacional entre os dias 9 a 11 de agosto. A mobiliza\u00e7\u00e3o tem o prop\u00f3sito de marcar posicionamento sobre a necessidade de haver tratamento ison\u00f4mico entre as Fun\u00e7\u00f5es Essenciais \u00e0 Justi\u00e7a.<\/p>","_links":{"self":[{"href":"https:\/\/sinprofaz.org.br\/2024\/wp-json\/wp\/v2\/posts\/256"}],"collection":[{"href":"https:\/\/sinprofaz.org.br\/2024\/wp-json\/wp\/v2\/posts"}],"about":[{"href":"https:\/\/sinprofaz.org.br\/2024\/wp-json\/wp\/v2\/types\/post"}],"author":[{"embeddable":true,"href":"https:\/\/sinprofaz.org.br\/2024\/wp-json\/wp\/v2\/users\/1"}],"replies":[{"embeddable":true,"href":"https:\/\/sinprofaz.org.br\/2024\/wp-json\/wp\/v2\/comments?post=256"}],"version-history":[{"count":1,"href":"https:\/\/sinprofaz.org.br\/2024\/wp-json\/wp\/v2\/posts\/256\/revisions"}],"predecessor-version":[{"id":4417,"href":"https:\/\/sinprofaz.org.br\/2024\/wp-json\/wp\/v2\/posts\/256\/revisions\/4417"}],"wp:featuredmedia":[{"embeddable":true,"href":"https:\/\/sinprofaz.org.br\/2024\/wp-json\/wp\/v2\/media\/2630"}],"wp:attachment":[{"href":"https:\/\/sinprofaz.org.br\/2024\/wp-json\/wp\/v2\/media?parent=256"}],"wp:term":[{"taxonomy":"category","embeddable":true,"href":"https:\/\/sinprofaz.org.br\/2024\/wp-json\/wp\/v2\/categories?post=256"},{"taxonomy":"post_tag","embeddable":true,"href":"https:\/\/sinprofaz.org.br\/2024\/wp-json\/wp\/v2\/tags?post=256"}],"curies":[{"name":"wp","href":"https:\/\/api.w.org\/{rel}","templated":true}]}}