{"id":2526,"date":"2016-01-14T12:48:38","date_gmt":"2016-01-14T12:48:38","guid":{"rendered":""},"modified":"2016-03-01T12:07:36","modified_gmt":"2016-03-01T12:07:36","slug":"informes-e-orientacoes-para-a-mobilizacao-2016","status":"publish","type":"post","link":"https:\/\/sinprofaz.org.br\/2024\/noticias\/informes-e-orientacoes-para-a-mobilizacao-2016\/","title":{"rendered":"INFORMES E ORIENTA\u00c7\u00d5ES PARA A MOBILIZA\u00c7\u00c3O 2016"},"content":{"rendered":"<p>As entidades representativas da Advocacia P\u00fablica Federal se reuniram na tarde dessa quarta-feira (13), em Bras\u00edlia, e definiram o seguinte:<\/p>\n<p style=\"padding-left: 30px;\">1. A prioridade n\u00famero um em rela\u00e7\u00e3o ao Projeto de Lei rec\u00e9m encaminhado ao Congresso Nacional ser\u00e1 a apresenta\u00e7\u00e3o de emenda conjunta e \u00fanica das associa\u00e7\u00f5es visando a inclus\u00e3o dos aposentados e pensionistas na percep\u00e7\u00e3o dos honor\u00e1rios advocat\u00edcios. A atua\u00e7\u00e3o harmoniosa e coordenada ser\u00e1 fundamental para viabilizar o \u00eaxito da medida.<\/p>\n<p style=\"padding-left: 30px;\">2. O trabalho inicial ser\u00e1 realizado nos bastidores, principalmente junto ao relator, n\u00e3o sendo interessante despertar aten\u00e7\u00e3o exagerada em rela\u00e7\u00e3o ao PL.<\/p>\n<p style=\"padding-left: 30px;\">3. N\u00e3o polemizar publicamente sobre o PL, seja nas redes sociais ou outros meios de comunica\u00e7\u00e3o.<\/p>\n<p style=\"padding-left: 30px;\">4. Outra altera\u00e7\u00e3o a ser pleiteada diz respeito \u00e0 imposi\u00e7\u00e3o do dever de utilizar e alimentar sistemas, em flagrante desvio de fun\u00e7\u00e3o em rela\u00e7\u00e3o \u00e0 nossa atividade fim, qual seja, a advocacia, assim como em afronta \u00e0 nossa condi\u00e7\u00e3o de membros de Fun\u00e7\u00e3o Essencial \u00e0 Justi\u00e7a.<\/p>\n<p style=\"padding-left: 30px;\">5. Insurgiremo-nos, ainda, contra a obrigatoriedade de participar de reuni\u00f5es para as quais seja imprescind\u00edvel a realiza\u00e7\u00e3o de viagens sem as condi\u00e7\u00f5es m\u00ednimas, considerando as di\u00e1rias p\u00edfias, reconhecidamente insuficientes para cobrir as despesas existentes.<\/p>\n<p style=\"padding-left: 30px;\">6. O trabalho parlamentar, nesse in\u00edcio de ano, deve ser focado nas bases, priorizando medidas de valoriza\u00e7\u00e3o da Advocacia P\u00fablica Federal, o que implica em concentrar esfor\u00e7os na PEC 82.<\/p>\n<p>O trabalho conjunto, harmonioso e coordenado j\u00e1 est\u00e1 mostrando o seu resultado e implicar\u00e1 na efetiva\u00e7\u00e3o dos nossos pleitos.<\/p>\n<p>Estamos juntos e teremos um vitorioso 2016, de batalhas a serem travadas e vencidas.<\/p>\n<p>\u00c0 luta!<\/p>\n<p style=\"text-align: center;\">Sindicato Nacional dos Procuradores da Fazenda Nacional<br \/>\n<strong>SINPROFAZ<\/strong><\/p>\n<p style=\"text-align: center;\">Associa\u00e7\u00e3o Nacional dos Membros das Carreiras da Advocacia-Geral da Uni\u00e3o<br \/>\n<strong>ANAJUR<\/strong><\/p>\n<p style=\"text-align: center;\">Associa\u00e7\u00e3o Nacional dos Procuradores do Banco Central do Brasil<br \/>\n<strong>APBC<\/strong><\/p>\n<p style=\"text-align: center;\">Associa\u00e7\u00e3o Nacional dos Procuradores Federais<br \/>\n<strong>ANPAF<\/strong><\/p>\n<p style=\"text-align: center;\">Associa\u00e7\u00e3o Nacional dos Procuradores Federais da Previd\u00eancia Social<br \/>\n<strong>ANPPREV<\/strong><\/p>\n<p style=\"text-align: center;\">Uni\u00e3o Dos Advogados P\u00fablicos Federais do Brasil<br \/>\n<strong>UNAFE<\/strong><\/p>\n","protected":false},"excerpt":{"rendered":"<p>As entidades representativas da Advocacia P&uacute;blica Federal se reuniram na tarde dessa quarta-feira (13), em Bras&iacute;lia, e definiram as orienta&ccedil;&otilde;es para mobiliza&ccedil;&atilde;o da Carreira em 2016.<\/p>\n","protected":false},"author":1,"featured_media":2626,"comment_status":"closed","ping_status":"open","sticky":false,"template":"","format":"standard","meta":{"footnotes":""},"categories":[8],"tags":[],"featured_image_url":"https:\/\/sinprofaz.org.br\/2024\/wp-content\/uploads\/2016\/01\/logo-sinprofaz.jpg","character_count":1073,"formatted_date":"14\/01\/2016 - 12:48","contentNovo":"As entidades representativas da Advocacia P\u00fablica Federal se reuniram na tarde dessa quarta-feira (13), em Bras\u00edlia, e definiram o seguinte:\r\n<p style=\"padding-left: 30px;\">1. A prioridade n\u00famero um em rela\u00e7\u00e3o ao Projeto de Lei rec\u00e9m encaminhado ao Congresso Nacional ser\u00e1 a apresenta\u00e7\u00e3o de emenda conjunta e \u00fanica das associa\u00e7\u00f5es visando a inclus\u00e3o dos aposentados e pensionistas na percep\u00e7\u00e3o dos honor\u00e1rios advocat\u00edcios. A atua\u00e7\u00e3o harmoniosa e coordenada ser\u00e1 fundamental para viabilizar o \u00eaxito da medida.<\/p>\r\n<p style=\"padding-left: 30px;\">2. O trabalho inicial ser\u00e1 realizado nos bastidores, principalmente junto ao relator, n\u00e3o sendo interessante despertar aten\u00e7\u00e3o exagerada em rela\u00e7\u00e3o ao PL.<\/p>\r\n<p style=\"padding-left: 30px;\">3. N\u00e3o polemizar publicamente sobre o PL, seja nas redes sociais ou outros meios de comunica\u00e7\u00e3o.<\/p>\r\n<p style=\"padding-left: 30px;\">4. Outra altera\u00e7\u00e3o a ser pleiteada diz respeito \u00e0 imposi\u00e7\u00e3o do dever de utilizar e alimentar sistemas, em flagrante desvio de fun\u00e7\u00e3o em rela\u00e7\u00e3o \u00e0 nossa atividade fim, qual seja, a advocacia, assim como em afronta \u00e0 nossa condi\u00e7\u00e3o de membros de Fun\u00e7\u00e3o Essencial \u00e0 Justi\u00e7a.<\/p>\r\n<p style=\"padding-left: 30px;\">5. Insurgiremo-nos, ainda, contra a obrigatoriedade de participar de reuni\u00f5es para as quais seja imprescind\u00edvel a realiza\u00e7\u00e3o de viagens sem as condi\u00e7\u00f5es m\u00ednimas, considerando as di\u00e1rias p\u00edfias, reconhecidamente insuficientes para cobrir as despesas existentes.<\/p>\r\n<p style=\"padding-left: 30px;\">6. O trabalho parlamentar, nesse in\u00edcio de ano, deve ser focado nas bases, priorizando medidas de valoriza\u00e7\u00e3o da Advocacia P\u00fablica Federal, o que implica em concentrar esfor\u00e7os na PEC 82.<\/p>\r\nO trabalho conjunto, harmonioso e coordenado j\u00e1 est\u00e1 mostrando o seu resultado e implicar\u00e1 na efetiva\u00e7\u00e3o dos nossos pleitos.\r\n\r\nEstamos juntos e teremos um vitorioso 2016, de batalhas a serem travadas e vencidas.\r\n\r\n\u00c0 luta!\r\n<p style=\"text-align: center;\">Sindicato Nacional dos Procuradores da Fazenda Nacional\r\n<strong>SINPROFAZ<\/strong><\/p>\r\n<p style=\"text-align: center;\">Associa\u00e7\u00e3o Nacional dos Membros das Carreiras da Advocacia-Geral da Uni\u00e3o\r\n<strong>ANAJUR<\/strong><\/p>\r\n<p style=\"text-align: center;\">Associa\u00e7\u00e3o Nacional dos Procuradores do Banco Central do Brasil\r\n<strong>APBC<\/strong><\/p>\r\n<p style=\"text-align: center;\">Associa\u00e7\u00e3o Nacional dos Procuradores Federais\r\n<strong>ANPAF<\/strong><\/p>\r\n<p style=\"text-align: center;\">Associa\u00e7\u00e3o Nacional dos Procuradores Federais da Previd\u00eancia Social\r\n<strong>ANPPREV<\/strong><\/p>\r\n<p style=\"text-align: center;\">Uni\u00e3o Dos Advogados P\u00fablicos Federais do Brasil\r\n<strong>UNAFE<\/strong><\/p>","_links":{"self":[{"href":"https:\/\/sinprofaz.org.br\/2024\/wp-json\/wp\/v2\/posts\/2526"}],"collection":[{"href":"https:\/\/sinprofaz.org.br\/2024\/wp-json\/wp\/v2\/posts"}],"about":[{"href":"https:\/\/sinprofaz.org.br\/2024\/wp-json\/wp\/v2\/types\/post"}],"author":[{"embeddable":true,"href":"https:\/\/sinprofaz.org.br\/2024\/wp-json\/wp\/v2\/users\/1"}],"replies":[{"embeddable":true,"href":"https:\/\/sinprofaz.org.br\/2024\/wp-json\/wp\/v2\/comments?post=2526"}],"version-history":[{"count":1,"href":"https:\/\/sinprofaz.org.br\/2024\/wp-json\/wp\/v2\/posts\/2526\/revisions"}],"predecessor-version":[{"id":2768,"href":"https:\/\/sinprofaz.org.br\/2024\/wp-json\/wp\/v2\/posts\/2526\/revisions\/2768"}],"wp:featuredmedia":[{"embeddable":true,"href":"https:\/\/sinprofaz.org.br\/2024\/wp-json\/wp\/v2\/media\/2626"}],"wp:attachment":[{"href":"https:\/\/sinprofaz.org.br\/2024\/wp-json\/wp\/v2\/media?parent=2526"}],"wp:term":[{"taxonomy":"category","embeddable":true,"href":"https:\/\/sinprofaz.org.br\/2024\/wp-json\/wp\/v2\/categories?post=2526"},{"taxonomy":"post_tag","embeddable":true,"href":"https:\/\/sinprofaz.org.br\/2024\/wp-json\/wp\/v2\/tags?post=2526"}],"curies":[{"name":"wp","href":"https:\/\/api.w.org\/{rel}","templated":true}]}}