{"id":2523,"date":"2016-01-11T17:42:40","date_gmt":"2016-01-11T17:42:40","guid":{"rendered":""},"modified":"2016-03-01T12:48:59","modified_gmt":"2016-03-01T12:48:59","slug":"reportagem-aborda-reajuste-concedido-por-mpog-a-advogados-publicos-federais","status":"publish","type":"post","link":"https:\/\/sinprofaz.org.br\/2024\/noticias\/reportagem-aborda-reajuste-concedido-por-mpog-a-advogados-publicos-federais\/","title":{"rendered":"REPORTAGEM ABORDA REAJUSTE CONCEDIDO POR MPOG A ADVOGADOS P\u00daBLICOS FEDERAIS"},"content":{"rendered":"<p>O SINPROFAZ, representado pelo presidente Achilles Frias, contribuiu com mat\u00e9ria produzida pela Ag\u00eancia Brasil. Em pauta, o reajuste salarial concedido pelo Minist\u00e9rio do Planejamento, Or\u00e7amento e Gest\u00e3o \u00e0s carreiras de Estado e advogados p\u00fablicos federais. A reportagem foi replicada nos portais do Jornal do Brasil, Terra e Brasil Econ\u00f4mico.<\/p>\n<p>Segundo o Minist\u00e9rio do Planejamento, ao negociar com as carreiras de Estado, que ter\u00e3o reajuste superior ao dos demais servidores, buscou-se equilibrar os valores com o que havia sido concedido aos advogados p\u00fablicos federais que, al\u00e9m do reajuste de 21,3% escalonado em quatro anos, passar\u00e3o a receber honor\u00e1rios advocat\u00edcios das causas que ganharem para a Uni\u00e3o.<\/p>\n<p>Em entrevista, o presidente do SINPROFAZ, Achilles Frias, defendeu o repasse dos honor\u00e1rios e ressaltou a vit\u00f3ria representada pelo alcance desse direito da Carreira: \u201cEssa discuss\u00e3o veio no ano retrasado, por ocasi\u00e3o do debate do novo C\u00f3digo de Processo Civil. Muitos estados j\u00e1 pagavam, apenas os advogados federais n\u00e3o estavam com o direito regulamentado. Conseguimos a efetiva\u00e7\u00e3o desse direito. At\u00e9 dezembro, haver\u00e1 a regulamenta\u00e7\u00e3o definitiva\u201d.<\/p>\n<p>Confira a reportagem completa clicando <a href=\"http:\/\/agenciabrasil.ebc.com.br\/economia\/noticia\/2016-01\/carreiras-de-estado-terao-reajuste-superior-ao-dos-demais-servidores\" target=\"_blank\">aqui<\/a>.<\/p>\n","protected":false},"excerpt":{"rendered":"<p>O SINPROFAZ, representado pelo presidente Achilles Frias, contribuiu com mat&eacute;ria produzida pela Ag&ecirc;ncia Brasil. Em pauta, o reajuste salarial concedido pelo Minist&eacute;rio do Planejamento &agrave;s carreiras de Estado e advogados p&uacute;blicos federais.<\/p>\n","protected":false},"author":1,"featured_media":2786,"comment_status":"closed","ping_status":"open","sticky":false,"template":"","format":"standard","meta":{"footnotes":""},"categories":[8],"tags":[],"featured_image_url":"https:\/\/sinprofaz.org.br\/2024\/wp-content\/uploads\/2016\/01\/logo-agencia-brasil.jpg","character_count":619,"formatted_date":"11\/01\/2016 - 17:42","contentNovo":"O SINPROFAZ, representado pelo presidente Achilles Frias, contribuiu com mat\u00e9ria produzida pela Ag\u00eancia Brasil. Em pauta, o reajuste salarial concedido pelo Minist\u00e9rio do Planejamento, Or\u00e7amento e Gest\u00e3o \u00e0s carreiras de Estado e advogados p\u00fablicos federais. A reportagem foi replicada nos portais do Jornal do Brasil, Terra e Brasil Econ\u00f4mico.\r\n\r\nSegundo o Minist\u00e9rio do Planejamento, ao negociar com as carreiras de Estado, que ter\u00e3o reajuste superior ao dos demais servidores, buscou-se equilibrar os valores com o que havia sido concedido aos advogados p\u00fablicos federais que, al\u00e9m do reajuste de 21,3% escalonado em quatro anos, passar\u00e3o a receber honor\u00e1rios advocat\u00edcios das causas que ganharem para a Uni\u00e3o.\r\n\r\nEm entrevista, o presidente do SINPROFAZ, Achilles Frias, defendeu o repasse dos honor\u00e1rios e ressaltou a vit\u00f3ria representada pelo alcance desse direito da Carreira: \u201cEssa discuss\u00e3o veio no ano retrasado, por ocasi\u00e3o do debate do novo C\u00f3digo de Processo Civil. Muitos estados j\u00e1 pagavam, apenas os advogados federais n\u00e3o estavam com o direito regulamentado. Conseguimos a efetiva\u00e7\u00e3o desse direito. At\u00e9 dezembro, haver\u00e1 a regulamenta\u00e7\u00e3o definitiva\u201d.\r\n\r\nConfira a reportagem completa clicando <a href=\"http:\/\/agenciabrasil.ebc.com.br\/economia\/noticia\/2016-01\/carreiras-de-estado-terao-reajuste-superior-ao-dos-demais-servidores\" target=\"_blank\">aqui<\/a>.","_links":{"self":[{"href":"https:\/\/sinprofaz.org.br\/2024\/wp-json\/wp\/v2\/posts\/2523"}],"collection":[{"href":"https:\/\/sinprofaz.org.br\/2024\/wp-json\/wp\/v2\/posts"}],"about":[{"href":"https:\/\/sinprofaz.org.br\/2024\/wp-json\/wp\/v2\/types\/post"}],"author":[{"embeddable":true,"href":"https:\/\/sinprofaz.org.br\/2024\/wp-json\/wp\/v2\/users\/1"}],"replies":[{"embeddable":true,"href":"https:\/\/sinprofaz.org.br\/2024\/wp-json\/wp\/v2\/comments?post=2523"}],"version-history":[{"count":1,"href":"https:\/\/sinprofaz.org.br\/2024\/wp-json\/wp\/v2\/posts\/2523\/revisions"}],"predecessor-version":[{"id":2787,"href":"https:\/\/sinprofaz.org.br\/2024\/wp-json\/wp\/v2\/posts\/2523\/revisions\/2787"}],"wp:featuredmedia":[{"embeddable":true,"href":"https:\/\/sinprofaz.org.br\/2024\/wp-json\/wp\/v2\/media\/2786"}],"wp:attachment":[{"href":"https:\/\/sinprofaz.org.br\/2024\/wp-json\/wp\/v2\/media?parent=2523"}],"wp:term":[{"taxonomy":"category","embeddable":true,"href":"https:\/\/sinprofaz.org.br\/2024\/wp-json\/wp\/v2\/categories?post=2523"},{"taxonomy":"post_tag","embeddable":true,"href":"https:\/\/sinprofaz.org.br\/2024\/wp-json\/wp\/v2\/tags?post=2523"}],"curies":[{"name":"wp","href":"https:\/\/api.w.org\/{rel}","templated":true}]}}