{"id":2520,"date":"2015-12-17T19:26:57","date_gmt":"2015-12-17T19:26:57","guid":{"rendered":""},"modified":"2016-03-01T13:01:42","modified_gmt":"2016-03-01T13:01:42","slug":"sinprofaz-promove-seminario-nacional-da-advocacia-publica-federal-em-auditorio-do-senado","status":"publish","type":"post","link":"https:\/\/sinprofaz.org.br\/2024\/noticias\/sinprofaz-promove-seminario-nacional-da-advocacia-publica-federal-em-auditorio-do-senado\/","title":{"rendered":"SINPROFAZ PROMOVE SEMIN\u00c1RIO NACIONAL DA ADVOCACIA P\u00daBLICA FEDERAL EM AUDIT\u00d3RIO DO SENADO"},"content":{"rendered":"<p>&nbsp;<\/p>\n<p>O Audit\u00f3rio Petr\u00f4nio Portela, no Senado Federal, sediou o Semin\u00e1rio Nacional da Advocacia P\u00fablica Federal nessa quarta-feira (16). O evento, promovido pelo SINPROFAZ e demais entidades representativas dos Advogados P\u00fablicos em \u00e2mbito nacional, reuniu membros da Carreira vindos de diferentes partes do pa\u00eds. Ao longo do Semin\u00e1rio, foram apresentados o panorama atual da Advocacia P\u00fablica Federal, os pleitos da Carreira e as propostas em tramita\u00e7\u00e3o no Congresso Nacional.<\/p>\n<p>Em discurso durante o Semin\u00e1rio, o presidente do SINPROFAZ, Achilles Frias, ressaltou que, apesar de os ganhos com a mobiliza\u00e7\u00e3o n\u00e3o serem concretos, a mudan\u00e7a de postura da Carreira sinaliza a constru\u00e7\u00e3o de uma nova AGU. \u201cO ano foi de muita luta, de mobiliza\u00e7\u00e3o intensa. As negocia\u00e7\u00f5es foram desgastantes e ainda n\u00e3o est\u00e3o conclu\u00eddas. Desse modo, \u00e9 fundamental que persistamos. N\u00e3o \u00e9 hora de retornarmos \u00e0 \u2018normalidade\u2019. Com essa nova postura, temos, inclusive, condi\u00e7\u00f5es de compelir a Uni\u00e3o a criar a carreira de apoio e mudar a realidade da AGU. Que, no pr\u00f3ximo ano, retornemos com g\u00e1s, est\u00edmulo e com a mesma intensidade que marcou 2015\u201d, ressaltou o presidente.<\/p>\n<p>Segundo o senador H\u00e9lio Jos\u00e9 (PMB\/DF), que prestigiou o Semin\u00e1rio, \u00e9 preciso destacar os valores que fundamentam a Carreira de Advogado P\u00fablico, cuja miss\u00e3o est\u00e1 em resguardar o patrim\u00f4nio da Uni\u00e3o. \u201c\u00c9 preciso levar em considera\u00e7\u00e3o que, entre 2010 e 2014, entre economia e arrecada\u00e7\u00e3o, a AGU protegeu os cofres p\u00fablicos em mais de tr\u00eas trilh\u00f5es de reais. Isso deixa claro que o trabalho dos Advogados P\u00fablicos \u00e9 imprescind\u00edvel e que essa defesa do Estado \u00e9 insubstitu\u00edvel. \u00c9 necess\u00e1ria uma AGU forte, representativa, respeitada e com apoio do Congresso para continuar fazendo seu trabalho\u201d, afirmou o senador.<\/p>\n<p>O Semin\u00e1rio Nacional da Advocacia P\u00fablica Federal foi encerrado com um debate entre os Advogados P\u00fablicos presentes. A discuss\u00e3o abordou temas como estrat\u00e9gias de mobiliza\u00e7\u00e3o da Carreira em 2016, modelos de gest\u00e3o para uma nova AGU e a necessidade de continuidade do Movimento de Entrega de Cargos. Ainda foram ressaltadas as vit\u00f3rias conquistadas ao longo do ano, resultado da mobiliza\u00e7\u00e3o nas bases e no Congresso Nacional, e a for\u00e7a que as entidades adquiriram a partir de sua uni\u00e3o em prol das demandas da Carreira.<\/p>\n<p>&nbsp;<\/p>\n\n\t\t<style type=\"text\/css\">\n\t\t\t#gallery-1 {\n\t\t\t\tmargin: auto;\n\t\t\t}\n\t\t\t#gallery-1 .gallery-item {\n\t\t\t\tfloat: left;\n\t\t\t\tmargin-top: 10px;\n\t\t\t\ttext-align: center;\n\t\t\t\twidth: 33%;\n\t\t\t}\n\t\t\t#gallery-1 img {\n\t\t\t\tborder: 2px solid #cfcfcf;\n\t\t\t}\n\t\t\t#gallery-1 .gallery-caption {\n\t\t\t\tmargin-left: 0;\n\t\t\t}\n\t\t\t\/* see gallery_shortcode() in wp-includes\/media.php *\/\n\t\t<\/style>\n\t\t<div id='gallery-1' class='gallery galleryid-2520 gallery-columns-3 gallery-size-thumbnail'><dl class='gallery-item'>\n\t\t\t<dt class='gallery-icon landscape'>\n\t\t\t\t<a href='https:\/\/sinprofaz.org.br\/2024\/wp-content\/uploads\/2015\/12\/02-3.jpg'><img loading=\"lazy\" decoding=\"async\" width=\"150\" height=\"150\" src=\"https:\/\/sinprofaz.org.br\/2024\/wp-content\/uploads\/2015\/12\/02-3-150x150.jpg\" class=\"attachment-thumbnail size-thumbnail\" alt=\"\" \/><\/a>\n\t\t\t<\/dt><\/dl><dl class='gallery-item'>\n\t\t\t<dt class='gallery-icon landscape'>\n\t\t\t\t<a href='https:\/\/sinprofaz.org.br\/2024\/wp-content\/uploads\/2015\/12\/03-3.jpg'><img loading=\"lazy\" decoding=\"async\" width=\"150\" height=\"150\" src=\"https:\/\/sinprofaz.org.br\/2024\/wp-content\/uploads\/2015\/12\/03-3-150x150.jpg\" class=\"attachment-thumbnail size-thumbnail\" alt=\"\" \/><\/a>\n\t\t\t<\/dt><\/dl><dl class='gallery-item'>\n\t\t\t<dt class='gallery-icon landscape'>\n\t\t\t\t<a href='https:\/\/sinprofaz.org.br\/2024\/wp-content\/uploads\/2015\/12\/04.jpg'><img loading=\"lazy\" decoding=\"async\" width=\"150\" height=\"150\" src=\"https:\/\/sinprofaz.org.br\/2024\/wp-content\/uploads\/2015\/12\/04-150x150.jpg\" class=\"attachment-thumbnail size-thumbnail\" alt=\"\" \/><\/a>\n\t\t\t<\/dt><\/dl><br style=\"clear: both\" \/><dl class='gallery-item'>\n\t\t\t<dt class='gallery-icon landscape'>\n\t\t\t\t<a href='https:\/\/sinprofaz.org.br\/2024\/wp-content\/uploads\/2015\/12\/05.jpg'><img loading=\"lazy\" decoding=\"async\" width=\"150\" height=\"150\" src=\"https:\/\/sinprofaz.org.br\/2024\/wp-content\/uploads\/2015\/12\/05-150x150.jpg\" class=\"attachment-thumbnail size-thumbnail\" alt=\"\" \/><\/a>\n\t\t\t<\/dt><\/dl>\n\t\t\t<br style='clear: both' \/>\n\t\t<\/div>\n\n","protected":false},"excerpt":{"rendered":"<p>O evento, promovido pelo SINPROFAZ e demais entidades representativas dos Advogados P&uacute;blicos em &acirc;mbito nacional, reuniu membros da Carreira vindos de diferentes partes do pa&iacute;s.<\/p>\n","protected":false},"author":1,"featured_media":2793,"comment_status":"closed","ping_status":"open","sticky":false,"template":"","format":"standard","meta":{"footnotes":""},"categories":[8],"tags":[],"featured_image_url":"https:\/\/sinprofaz.org.br\/2024\/wp-content\/uploads\/2015\/12\/01-2-800x198.jpg","character_count":1381,"formatted_date":"17\/12\/2015 - 19:26","contentNovo":"&nbsp;\r\n\r\nO Audit\u00f3rio Petr\u00f4nio Portela, no Senado Federal, sediou o Semin\u00e1rio Nacional da Advocacia P\u00fablica Federal nessa quarta-feira (16). O evento, promovido pelo SINPROFAZ e demais entidades representativas dos Advogados P\u00fablicos em \u00e2mbito nacional, reuniu membros da Carreira vindos de diferentes partes do pa\u00eds. Ao longo do Semin\u00e1rio, foram apresentados o panorama atual da Advocacia P\u00fablica Federal, os pleitos da Carreira e as propostas em tramita\u00e7\u00e3o no Congresso Nacional.\r\n\r\nEm discurso durante o Semin\u00e1rio, o presidente do SINPROFAZ, Achilles Frias, ressaltou que, apesar de os ganhos com a mobiliza\u00e7\u00e3o n\u00e3o serem concretos, a mudan\u00e7a de postura da Carreira sinaliza a constru\u00e7\u00e3o de uma nova AGU. \u201cO ano foi de muita luta, de mobiliza\u00e7\u00e3o intensa. As negocia\u00e7\u00f5es foram desgastantes e ainda n\u00e3o est\u00e3o conclu\u00eddas. Desse modo, \u00e9 fundamental que persistamos. N\u00e3o \u00e9 hora de retornarmos \u00e0 \u2018normalidade\u2019. Com essa nova postura, temos, inclusive, condi\u00e7\u00f5es de compelir a Uni\u00e3o a criar a carreira de apoio e mudar a realidade da AGU. Que, no pr\u00f3ximo ano, retornemos com g\u00e1s, est\u00edmulo e com a mesma intensidade que marcou 2015\u201d, ressaltou o presidente.\r\n\r\nSegundo o senador H\u00e9lio Jos\u00e9 (PMB\/DF), que prestigiou o Semin\u00e1rio, \u00e9 preciso destacar os valores que fundamentam a Carreira de Advogado P\u00fablico, cuja miss\u00e3o est\u00e1 em resguardar o patrim\u00f4nio da Uni\u00e3o. \u201c\u00c9 preciso levar em considera\u00e7\u00e3o que, entre 2010 e 2014, entre economia e arrecada\u00e7\u00e3o, a AGU protegeu os cofres p\u00fablicos em mais de tr\u00eas trilh\u00f5es de reais. Isso deixa claro que o trabalho dos Advogados P\u00fablicos \u00e9 imprescind\u00edvel e que essa defesa do Estado \u00e9 insubstitu\u00edvel. \u00c9 necess\u00e1ria uma AGU forte, representativa, respeitada e com apoio do Congresso para continuar fazendo seu trabalho\u201d, afirmou o senador.\r\n\r\nO Semin\u00e1rio Nacional da Advocacia P\u00fablica Federal foi encerrado com um debate entre os Advogados P\u00fablicos presentes. A discuss\u00e3o abordou temas como estrat\u00e9gias de mobiliza\u00e7\u00e3o da Carreira em 2016, modelos de gest\u00e3o para uma nova AGU e a necessidade de continuidade do Movimento de Entrega de Cargos. Ainda foram ressaltadas as vit\u00f3rias conquistadas ao longo do ano, resultado da mobiliza\u00e7\u00e3o nas bases e no Congresso Nacional, e a for\u00e7a que as entidades adquiriram a partir de sua uni\u00e3o em prol das demandas da Carreira.\r\n\r\n&nbsp;\r\n\r\n[gallery link=\"file\" ids=\"2794,2795,2796,2797\"]","_links":{"self":[{"href":"https:\/\/sinprofaz.org.br\/2024\/wp-json\/wp\/v2\/posts\/2520"}],"collection":[{"href":"https:\/\/sinprofaz.org.br\/2024\/wp-json\/wp\/v2\/posts"}],"about":[{"href":"https:\/\/sinprofaz.org.br\/2024\/wp-json\/wp\/v2\/types\/post"}],"author":[{"embeddable":true,"href":"https:\/\/sinprofaz.org.br\/2024\/wp-json\/wp\/v2\/users\/1"}],"replies":[{"embeddable":true,"href":"https:\/\/sinprofaz.org.br\/2024\/wp-json\/wp\/v2\/comments?post=2520"}],"version-history":[{"count":2,"href":"https:\/\/sinprofaz.org.br\/2024\/wp-json\/wp\/v2\/posts\/2520\/revisions"}],"predecessor-version":[{"id":2798,"href":"https:\/\/sinprofaz.org.br\/2024\/wp-json\/wp\/v2\/posts\/2520\/revisions\/2798"}],"wp:featuredmedia":[{"embeddable":true,"href":"https:\/\/sinprofaz.org.br\/2024\/wp-json\/wp\/v2\/media\/2793"}],"wp:attachment":[{"href":"https:\/\/sinprofaz.org.br\/2024\/wp-json\/wp\/v2\/media?parent=2520"}],"wp:term":[{"taxonomy":"category","embeddable":true,"href":"https:\/\/sinprofaz.org.br\/2024\/wp-json\/wp\/v2\/categories?post=2520"},{"taxonomy":"post_tag","embeddable":true,"href":"https:\/\/sinprofaz.org.br\/2024\/wp-json\/wp\/v2\/tags?post=2520"}],"curies":[{"name":"wp","href":"https:\/\/api.w.org\/{rel}","templated":true}]}}