{"id":2516,"date":"2015-12-15T20:34:49","date_gmt":"2015-12-15T20:34:49","guid":{"rendered":""},"modified":"2016-03-01T13:20:35","modified_gmt":"2016-03-01T13:20:35","slug":"advogados-publicos-federais-se-unem-para-mobilizacao-no-congresso-nacional","status":"publish","type":"post","link":"https:\/\/sinprofaz.org.br\/2024\/noticias\/advogados-publicos-federais-se-unem-para-mobilizacao-no-congresso-nacional\/","title":{"rendered":"ADVOGADOS P\u00daBLICOS FEDERAIS SE UNEM PARA MOBILIZA\u00c7\u00c3O NO CONGRESSO NACIONAL"},"content":{"rendered":"<p>&nbsp;<\/p>\n<p>O SINPROFAZ, representado pelos membros de sua diretoria, ao lado das demais entidades da Advocacia P\u00fablica Federal, liderou a mobiliza\u00e7\u00e3o desta ter\u00e7a-feira (15) no Corredor de L\u00edderes da C\u00e2mara dos Deputados. Membros da Carreira compareceram em peso ao Congresso Nacional e, junto dos diretores, fizeram contato com os parlamentares.<\/p>\n<p>Os representantes do SINPROFAZ aproveitaram a presen\u00e7a no Congresso Nacional para agradecer o apoio que deputados e senadores deram aos pleitos da Carreira durante o ano e convidar os parlamentares para o Semin\u00e1rio Nacional da Advocacia P\u00fablica Federal, que ser\u00e1 realizado amanh\u00e3 (16), das 10h \u00e0s 18h, no Audit\u00f3rio Petr\u00f4nio Portela do Senado Federal.<\/p>\n<p>&nbsp;<\/p>\n\n\t\t<style type=\"text\/css\">\n\t\t\t#gallery-1 {\n\t\t\t\tmargin: auto;\n\t\t\t}\n\t\t\t#gallery-1 .gallery-item {\n\t\t\t\tfloat: left;\n\t\t\t\tmargin-top: 10px;\n\t\t\t\ttext-align: center;\n\t\t\t\twidth: 33%;\n\t\t\t}\n\t\t\t#gallery-1 img {\n\t\t\t\tborder: 2px solid #cfcfcf;\n\t\t\t}\n\t\t\t#gallery-1 .gallery-caption {\n\t\t\t\tmargin-left: 0;\n\t\t\t}\n\t\t\t\/* see gallery_shortcode() in wp-includes\/media.php *\/\n\t\t<\/style>\n\t\t<div id='gallery-1' class='gallery galleryid-2516 gallery-columns-3 gallery-size-thumbnail'><dl class='gallery-item'>\n\t\t\t<dt class='gallery-icon landscape'>\n\t\t\t\t<a href='https:\/\/sinprofaz.org.br\/2024\/wp-content\/uploads\/2015\/12\/02-4.jpg'><img loading=\"lazy\" decoding=\"async\" width=\"150\" height=\"150\" src=\"https:\/\/sinprofaz.org.br\/2024\/wp-content\/uploads\/2015\/12\/02-4-150x150.jpg\" class=\"attachment-thumbnail size-thumbnail\" alt=\"\" \/><\/a>\n\t\t\t<\/dt><\/dl><dl class='gallery-item'>\n\t\t\t<dt class='gallery-icon landscape'>\n\t\t\t\t<a href='https:\/\/sinprofaz.org.br\/2024\/wp-content\/uploads\/2015\/12\/03-4.jpg'><img loading=\"lazy\" decoding=\"async\" width=\"150\" height=\"150\" src=\"https:\/\/sinprofaz.org.br\/2024\/wp-content\/uploads\/2015\/12\/03-4-150x150.jpg\" class=\"attachment-thumbnail size-thumbnail\" alt=\"\" \/><\/a>\n\t\t\t<\/dt><\/dl><dl class='gallery-item'>\n\t\t\t<dt class='gallery-icon landscape'>\n\t\t\t\t<a href='https:\/\/sinprofaz.org.br\/2024\/wp-content\/uploads\/2015\/12\/04-1.jpg'><img loading=\"lazy\" decoding=\"async\" width=\"150\" height=\"150\" src=\"https:\/\/sinprofaz.org.br\/2024\/wp-content\/uploads\/2015\/12\/04-1-150x150.jpg\" class=\"attachment-thumbnail size-thumbnail\" alt=\"\" \/><\/a>\n\t\t\t<\/dt><\/dl><br style=\"clear: both\" \/><dl class='gallery-item'>\n\t\t\t<dt class='gallery-icon landscape'>\n\t\t\t\t<a href='https:\/\/sinprofaz.org.br\/2024\/wp-content\/uploads\/2015\/12\/05-1.jpg'><img loading=\"lazy\" decoding=\"async\" width=\"150\" height=\"150\" src=\"https:\/\/sinprofaz.org.br\/2024\/wp-content\/uploads\/2015\/12\/05-1-150x150.jpg\" class=\"attachment-thumbnail size-thumbnail\" alt=\"\" \/><\/a>\n\t\t\t<\/dt><\/dl>\n\t\t\t<br style='clear: both' \/>\n\t\t<\/div>\n\n","protected":false},"excerpt":{"rendered":"<p>O SINPROFAZ, representado pelos membros de sua diretoria, ao lado das demais entidades da Advocacia P&uacute;blica Federal, liderou a mobiliza&ccedil;&atilde;o desta ter&ccedil;a-feira (15) no Corredor de L&iacute;deres da C&acirc;mara dos Deputados.<\/p>\n","protected":false},"author":1,"featured_media":2802,"comment_status":"closed","ping_status":"open","sticky":false,"template":"","format":"standard","meta":{"footnotes":""},"categories":[8],"tags":[],"featured_image_url":"https:\/\/sinprofaz.org.br\/2024\/wp-content\/uploads\/2015\/12\/01-3-800x198.jpg","character_count":555,"formatted_date":"15\/12\/2015 - 20:34","contentNovo":"&nbsp;\r\n\r\nO SINPROFAZ, representado pelos membros de sua diretoria, ao lado das demais entidades da Advocacia P\u00fablica Federal, liderou a mobiliza\u00e7\u00e3o desta ter\u00e7a-feira (15) no Corredor de L\u00edderes da C\u00e2mara dos Deputados. Membros da Carreira compareceram em peso ao Congresso Nacional e, junto dos diretores, fizeram contato com os parlamentares.\r\n\r\nOs representantes do SINPROFAZ aproveitaram a presen\u00e7a no Congresso Nacional para agradecer o apoio que deputados e senadores deram aos pleitos da Carreira durante o ano e convidar os parlamentares para o Semin\u00e1rio Nacional da Advocacia P\u00fablica Federal, que ser\u00e1 realizado amanh\u00e3 (16), das 10h \u00e0s 18h, no Audit\u00f3rio Petr\u00f4nio Portela do Senado Federal.\r\n\r\n&nbsp;\r\n\r\n[gallery link=\"file\" ids=\"2805,2806,2807,2808\"]","_links":{"self":[{"href":"https:\/\/sinprofaz.org.br\/2024\/wp-json\/wp\/v2\/posts\/2516"}],"collection":[{"href":"https:\/\/sinprofaz.org.br\/2024\/wp-json\/wp\/v2\/posts"}],"about":[{"href":"https:\/\/sinprofaz.org.br\/2024\/wp-json\/wp\/v2\/types\/post"}],"author":[{"embeddable":true,"href":"https:\/\/sinprofaz.org.br\/2024\/wp-json\/wp\/v2\/users\/1"}],"replies":[{"embeddable":true,"href":"https:\/\/sinprofaz.org.br\/2024\/wp-json\/wp\/v2\/comments?post=2516"}],"version-history":[{"count":3,"href":"https:\/\/sinprofaz.org.br\/2024\/wp-json\/wp\/v2\/posts\/2516\/revisions"}],"predecessor-version":[{"id":2809,"href":"https:\/\/sinprofaz.org.br\/2024\/wp-json\/wp\/v2\/posts\/2516\/revisions\/2809"}],"wp:featuredmedia":[{"embeddable":true,"href":"https:\/\/sinprofaz.org.br\/2024\/wp-json\/wp\/v2\/media\/2802"}],"wp:attachment":[{"href":"https:\/\/sinprofaz.org.br\/2024\/wp-json\/wp\/v2\/media?parent=2516"}],"wp:term":[{"taxonomy":"category","embeddable":true,"href":"https:\/\/sinprofaz.org.br\/2024\/wp-json\/wp\/v2\/categories?post=2516"},{"taxonomy":"post_tag","embeddable":true,"href":"https:\/\/sinprofaz.org.br\/2024\/wp-json\/wp\/v2\/tags?post=2516"}],"curies":[{"name":"wp","href":"https:\/\/api.w.org\/{rel}","templated":true}]}}