{"id":2508,"date":"2015-12-08T16:53:33","date_gmt":"2015-12-08T16:53:33","guid":{"rendered":""},"modified":"2016-03-01T13:59:53","modified_gmt":"2016-03-01T13:59:53","slug":"nota-conjunta-sobre-mobilizacao-da-carreira","status":"publish","type":"post","link":"https:\/\/sinprofaz.org.br\/2024\/noticias\/nota-conjunta-sobre-mobilizacao-da-carreira\/","title":{"rendered":"NOTA CONJUNTA SOBRE MOBILIZA\u00c7\u00c3O DA CARREIRA"},"content":{"rendered":"<p>As entidades representativas da Advocacia P\u00fablica Federal reiteram o convite para participar da \u00faltima semana de mobiliza\u00e7\u00e3o no Congresso Nacional, de acordo com o seguinte calend\u00e1rio:<\/p>\n<ol>\n<li style=\"margin-left: 228px;\">No dia 15, concentra\u00e7\u00e3o no Corredor de L\u00edderes, no in\u00edcio da tarde e, na sequ\u00eancia, visita a parlamentares agradecendo o apoio dado, ao longo do ano, aos pleitos da Advocacia P\u00fablica Federal e convidando os mesmos para comparecerem no Semin\u00e1rio a ser realizado no Senado Federal no dia seguinte (16).<\/li>\n<li>Festa de confraterniza\u00e7\u00e3o dos membros da AGU a ser realizada no dia 15 de dezembro, a partir das 20h, no Clube Almirante Alexandrino &#8211; CAALEX, Asa Norte, Bras\u00edlia &#8211; DF. Confira mais informa\u00e7\u00f5es clicando <a href=\"\/images\/noticias\/entidades-da-advocacia-publica-federal-convidam-associados-para-festa-de-confraternizacao\/02.jpg\" target=\"_blank\">aqui<\/a>.<\/li>\n<li>Semin\u00e1rio Nacional da Advocacia P\u00fablica Federal no dia 16, das 10h \u00e0s 18h, no Audit\u00f3rio Petr\u00f4nio Portela, no Senado Federal.<\/li>\n<\/ol>\n<p>Por oportuno, conclamamos os colegas, nas bases, para visitar os parlamentares na \u00faltima semana de janeiro e na primeira de fevereiro, objetivando o retorno da mobiliza\u00e7\u00e3o no in\u00edcio do ano.<\/p>\n<p style=\"text-align: center;\">Sindicato Nacional dos Procuradores da Fazenda Nacional<\/p>\n<p style=\"text-align: center;\">SINPROFAZ<\/p>\n<p style=\"text-align: center;\">Associa\u00e7\u00e3o Nacional dos Membros das Carreiras da Advocacia-Geral da Uni\u00e3o<\/p>\n<p style=\"text-align: center;\">ANAJUR<\/p>\n<p style=\"text-align: center;\">Associa\u00e7\u00e3o Nacional dos Procuradores do Banco Central do Brasil<\/p>\n<p style=\"text-align: center;\">APBC<\/p>\n<p style=\"text-align: center;\">Associa\u00e7\u00e3o Nacional dos Procuradores Federais<\/p>\n<p style=\"text-align: center;\">ANPAF<\/p>\n<p style=\"text-align: center;\">Associa\u00e7\u00e3o Nacional dos Procuradores e Advogados P\u00fablicos Federais<\/p>\n<p style=\"text-align: center;\">ANPPREV<\/p>\n<p style=\"text-align: center;\">Uni\u00e3o dos Advogados P\u00fablicos Federais do Brasil<\/p>\n<p style=\"text-align: center;\">UNAFE<\/p>\n","protected":false},"excerpt":{"rendered":"<p>As entidades representativas da Advocacia P&uacute;blica Federal reiteram o convite para participar da &uacute;ltima semana de mobiliza&ccedil;&atilde;o no Congresso Nacional, de acordo com o seguinte calend&aacute;rio:<\/p>\n","protected":false},"author":1,"featured_media":2628,"comment_status":"closed","ping_status":"open","sticky":false,"template":"","format":"standard","meta":{"footnotes":""},"categories":[8],"tags":[],"featured_image_url":"https:\/\/sinprofaz.org.br\/2024\/wp-content\/uploads\/2016\/01\/nota_conjunta.jpg","character_count":730,"formatted_date":"08\/12\/2015 - 16:53","contentNovo":"As entidades representativas da Advocacia P\u00fablica Federal reiteram o convite para participar da \u00faltima semana de mobiliza\u00e7\u00e3o no Congresso Nacional, de acordo com o seguinte calend\u00e1rio:\r\n\r\n\tNo dia 15, concentra\u00e7\u00e3o no Corredor de L\u00edderes, no in\u00edcio da tarde e, na sequ\u00eancia, visita a parlamentares agradecendo o apoio dado, ao longo do ano, aos pleitos da Advocacia P\u00fablica Federal e convidando os mesmos para comparecerem no Semin\u00e1rio a ser realizado no Senado Federal no dia seguinte (16).\r\n\tFesta de confraterniza\u00e7\u00e3o dos membros da AGU a ser realizada no dia 15 de dezembro, a partir das 20h, no Clube Almirante Alexandrino - CAALEX, Asa Norte, Bras\u00edlia - DF. Confira mais informa\u00e7\u00f5es clicando <a href=\"\/images\/noticias\/entidades-da-advocacia-publica-federal-convidam-associados-para-festa-de-confraternizacao\/02.jpg\" target=\"_blank\">aqui<\/a>.\r\n\tSemin\u00e1rio Nacional da Advocacia P\u00fablica Federal no dia 16, das 10h \u00e0s 18h, no Audit\u00f3rio Petr\u00f4nio Portela, no Senado Federal.\r\n\r\nPor oportuno, conclamamos os colegas, nas bases, para visitar os parlamentares na \u00faltima semana de janeiro e na primeira de fevereiro, objetivando o retorno da mobiliza\u00e7\u00e3o no in\u00edcio do ano.\r\n<p style=\"text-align: center;\">Sindicato Nacional dos Procuradores da Fazenda Nacional<\/p>\r\n<p style=\"text-align: center;\">SINPROFAZ<\/p>\r\n<p style=\"text-align: center;\">Associa\u00e7\u00e3o Nacional dos Membros das Carreiras da Advocacia-Geral da Uni\u00e3o<\/p>\r\n<p style=\"text-align: center;\">ANAJUR<\/p>\r\n<p style=\"text-align: center;\">Associa\u00e7\u00e3o Nacional dos Procuradores do Banco Central do Brasil<\/p>\r\n<p style=\"text-align: center;\">APBC<\/p>\r\n<p style=\"text-align: center;\">Associa\u00e7\u00e3o Nacional dos Procuradores Federais<\/p>\r\n<p style=\"text-align: center;\">ANPAF<\/p>\r\n<p style=\"text-align: center;\">Associa\u00e7\u00e3o Nacional dos Procuradores e Advogados P\u00fablicos Federais<\/p>\r\n<p style=\"text-align: center;\">ANPPREV<\/p>\r\n<p style=\"text-align: center;\">Uni\u00e3o dos Advogados P\u00fablicos Federais do Brasil<\/p>\r\n<p style=\"text-align: center;\">UNAFE<\/p>","_links":{"self":[{"href":"https:\/\/sinprofaz.org.br\/2024\/wp-json\/wp\/v2\/posts\/2508"}],"collection":[{"href":"https:\/\/sinprofaz.org.br\/2024\/wp-json\/wp\/v2\/posts"}],"about":[{"href":"https:\/\/sinprofaz.org.br\/2024\/wp-json\/wp\/v2\/types\/post"}],"author":[{"embeddable":true,"href":"https:\/\/sinprofaz.org.br\/2024\/wp-json\/wp\/v2\/users\/1"}],"replies":[{"embeddable":true,"href":"https:\/\/sinprofaz.org.br\/2024\/wp-json\/wp\/v2\/comments?post=2508"}],"version-history":[{"count":1,"href":"https:\/\/sinprofaz.org.br\/2024\/wp-json\/wp\/v2\/posts\/2508\/revisions"}],"predecessor-version":[{"id":2829,"href":"https:\/\/sinprofaz.org.br\/2024\/wp-json\/wp\/v2\/posts\/2508\/revisions\/2829"}],"wp:featuredmedia":[{"embeddable":true,"href":"https:\/\/sinprofaz.org.br\/2024\/wp-json\/wp\/v2\/media\/2628"}],"wp:attachment":[{"href":"https:\/\/sinprofaz.org.br\/2024\/wp-json\/wp\/v2\/media?parent=2508"}],"wp:term":[{"taxonomy":"category","embeddable":true,"href":"https:\/\/sinprofaz.org.br\/2024\/wp-json\/wp\/v2\/categories?post=2508"},{"taxonomy":"post_tag","embeddable":true,"href":"https:\/\/sinprofaz.org.br\/2024\/wp-json\/wp\/v2\/tags?post=2508"}],"curies":[{"name":"wp","href":"https:\/\/api.w.org\/{rel}","templated":true}]}}