{"id":2506,"date":"2015-12-08T14:28:04","date_gmt":"2015-12-08T14:28:04","guid":{"rendered":""},"modified":"2016-03-01T14:13:50","modified_gmt":"2016-03-01T14:13:50","slug":"entidades-da-advocacia-publica-federal-convidam-associados-para-festa-de-confraternizacao","status":"publish","type":"post","link":"https:\/\/sinprofaz.org.br\/2024\/noticias\/entidades-da-advocacia-publica-federal-convidam-associados-para-festa-de-confraternizacao\/","title":{"rendered":"ENTIDADES DA ADVOCACIA P\u00daBLICA FEDERAL CONVIDAM ASSOCIADOS PARA FESTA DE CONFRATERNIZA\u00c7\u00c3O"},"content":{"rendered":"<p>&nbsp;<\/p>\n<p>O SINPROFAZ, junto da ANAJUR, ANPAF, ANPPREV, APBC e UNAFE, convida todos os Advogados P\u00fablicos Federais para a festa de confraterniza\u00e7\u00e3o de final de ano, que ser\u00e1 realizada na pr\u00f3xima ter\u00e7a-feira (15\/12), a partir das 19h30, no Clube Almirante Alexandrino &#8211; CAALEX, em Bras\u00edlia.<\/p>\n<p>Os organizadores do evento destacam que o objetivo da confraterniza\u00e7\u00e3o \u00e9 reunir os membros da Advocacia P\u00fablica Federal para, juntos, comemorarem mais um ano de lutas, desafios e vit\u00f3rias em prol de uma institui\u00e7\u00e3o fortalecida.<\/p>\n<p>A data foi escolhida para aproveitar a presen\u00e7a de diversos Advogados P\u00fablicos Federais em Bras\u00edlia, que estar\u00e3o participando do Semin\u00e1rio Nacional da Advocacia P\u00fablica Federal, evento que marcar\u00e1 o encerramento simb\u00f3lico do trabalho parlamentar durante o ano de 2015.<\/p>\n<p>Participe do encontro para estreitar os la\u00e7os entre os Advogados P\u00fablicos Federais e fortalecer a disposi\u00e7\u00e3o para as lutas conjuntas. Mais informa\u00e7\u00f5es sobre os convites podem ser obtidas no Sindicato.<\/p>\n<p>SERVI\u00c7O<\/p>\n<p>FESTA DE CONFRATERNIZA\u00c7\u00c3O<\/p>\n<p>DIA: 15\/12\/2015<\/p>\n<p>HOR\u00c1RIO: 19h30<\/p>\n<p>LOCAL: Clube Almirante Alexandrino &#8211; CAALEX &#8211; SCEN trecho 2 Lote 13\/15 &#8211; Asa Norte &#8211; BRAS\u00cdLIA<\/p>\n","protected":false},"excerpt":{"rendered":"<p>O SINPROFAZ convida todos os Advogados P&uacute;blicos Federais para a festa de confraterniza&ccedil;&atilde;o de final de ano, que ser&aacute; realizada na pr&oacute;xima ter&ccedil;a-feira, a partir das 19h30, no Clube Almirante Alexandrino, em Bras&iacute;lia.<\/p>\n","protected":false},"author":1,"featured_media":2834,"comment_status":"closed","ping_status":"open","sticky":false,"template":"","format":"standard","meta":{"footnotes":""},"categories":[8],"tags":[],"featured_image_url":"https:\/\/sinprofaz.org.br\/2024\/wp-content\/uploads\/2015\/12\/02-7-800x198.jpg","character_count":604,"formatted_date":"08\/12\/2015 - 14:28","contentNovo":"&nbsp;\r\n\r\nO SINPROFAZ, junto da ANAJUR, ANPAF, ANPPREV, APBC e UNAFE, convida todos os Advogados P\u00fablicos Federais para a festa de confraterniza\u00e7\u00e3o de final de ano, que ser\u00e1 realizada na pr\u00f3xima ter\u00e7a-feira (15\/12), a partir das 19h30, no Clube Almirante Alexandrino - CAALEX, em Bras\u00edlia.\r\n\r\nOs organizadores do evento destacam que o objetivo da confraterniza\u00e7\u00e3o \u00e9 reunir os membros da Advocacia P\u00fablica Federal para, juntos, comemorarem mais um ano de lutas, desafios e vit\u00f3rias em prol de uma institui\u00e7\u00e3o fortalecida.\r\n\r\nA data foi escolhida para aproveitar a presen\u00e7a de diversos Advogados P\u00fablicos Federais em Bras\u00edlia, que estar\u00e3o participando do Semin\u00e1rio Nacional da Advocacia P\u00fablica Federal, evento que marcar\u00e1 o encerramento simb\u00f3lico do trabalho parlamentar durante o ano de 2015.\r\n\r\nParticipe do encontro para estreitar os la\u00e7os entre os Advogados P\u00fablicos Federais e fortalecer a disposi\u00e7\u00e3o para as lutas conjuntas. Mais informa\u00e7\u00f5es sobre os convites podem ser obtidas no Sindicato.\r\n\r\nSERVI\u00c7O\r\n\r\nFESTA DE CONFRATERNIZA\u00c7\u00c3O\r\n\r\nDIA: 15\/12\/2015\r\n\r\nHOR\u00c1RIO: 19h30\r\n\r\nLOCAL: Clube Almirante Alexandrino - CAALEX - SCEN trecho 2 Lote 13\/15 - Asa Norte - BRAS\u00cdLIA","_links":{"self":[{"href":"https:\/\/sinprofaz.org.br\/2024\/wp-json\/wp\/v2\/posts\/2506"}],"collection":[{"href":"https:\/\/sinprofaz.org.br\/2024\/wp-json\/wp\/v2\/posts"}],"about":[{"href":"https:\/\/sinprofaz.org.br\/2024\/wp-json\/wp\/v2\/types\/post"}],"author":[{"embeddable":true,"href":"https:\/\/sinprofaz.org.br\/2024\/wp-json\/wp\/v2\/users\/1"}],"replies":[{"embeddable":true,"href":"https:\/\/sinprofaz.org.br\/2024\/wp-json\/wp\/v2\/comments?post=2506"}],"version-history":[{"count":2,"href":"https:\/\/sinprofaz.org.br\/2024\/wp-json\/wp\/v2\/posts\/2506\/revisions"}],"predecessor-version":[{"id":2836,"href":"https:\/\/sinprofaz.org.br\/2024\/wp-json\/wp\/v2\/posts\/2506\/revisions\/2836"}],"wp:featuredmedia":[{"embeddable":true,"href":"https:\/\/sinprofaz.org.br\/2024\/wp-json\/wp\/v2\/media\/2834"}],"wp:attachment":[{"href":"https:\/\/sinprofaz.org.br\/2024\/wp-json\/wp\/v2\/media?parent=2506"}],"wp:term":[{"taxonomy":"category","embeddable":true,"href":"https:\/\/sinprofaz.org.br\/2024\/wp-json\/wp\/v2\/categories?post=2506"},{"taxonomy":"post_tag","embeddable":true,"href":"https:\/\/sinprofaz.org.br\/2024\/wp-json\/wp\/v2\/tags?post=2506"}],"curies":[{"name":"wp","href":"https:\/\/api.w.org\/{rel}","templated":true}]}}