{"id":2503,"date":"2015-12-03T11:15:00","date_gmt":"2015-12-03T11:15:00","guid":{"rendered":""},"modified":"2016-03-01T14:21:48","modified_gmt":"2016-03-01T14:21:48","slug":"adiada-votacao-de-pl-que-regulamenta-teto-de-agentes-publicos","status":"publish","type":"post","link":"https:\/\/sinprofaz.org.br\/2024\/noticias\/adiada-votacao-de-pl-que-regulamenta-teto-de-agentes-publicos\/","title":{"rendered":"ADIADA VOTA\u00c7\u00c3O DE PL QUE REGULAMENTA TETO DE AGENTES P\u00daBLICOS"},"content":{"rendered":"<p>O SINPROFAZ, representado pelo presidente Achilles Frias, esteve ontem (02) na Comiss\u00e3o de Finan\u00e7as e Tributa\u00e7\u00e3o (CFT) da C\u00e2mara dos Deputados. O presidente se encontrou com membros da Carreira e entidades para acompanhar a decis\u00e3o sobre o Projeto de Lei 3123, que regulamenta o teto constitucional dos agentes p\u00fablicos e pol\u00edticos. Em raz\u00e3o do adiamento da reuni\u00e3o, n\u00e3o houve delibera\u00e7\u00e3o do deputado Nelson Marchezan J\u00fanior (PSDB\/RS).<\/p>\n<p>N\u00e3o h\u00e1 data para que o PL volte \u00e0 pauta de discuss\u00e3o. Como est\u00e1 em regime de urg\u00eancia, h\u00e1 a possibilidade de que o Projeto seja encaminhado e discutido hoje, em plen\u00e1rio da C\u00e2mara dos Deputados, sob a relatoria do l\u00edder do governo, o deputado Jos\u00e9 Guimar\u00e3es (PT\/CE). A tend\u00eancia, no entanto, \u00e9 que o PL seja votado somente na pr\u00f3xima semana.<\/p>\n","protected":false},"excerpt":{"rendered":"<p>O SINPROFAZ, representado pelo presidente Achilles Frias, esteve ontem (02) na Comiss&atilde;o de Finan&ccedil;as e Tributa&ccedil;&atilde;o da C&acirc;mara dos Deputados para acompanhar a decis&atilde;o sobre o Projeto de Lei 3123.<\/p>\n","protected":false},"author":1,"featured_media":2841,"comment_status":"closed","ping_status":"open","sticky":false,"template":"","format":"standard","meta":{"footnotes":""},"categories":[8],"tags":[],"featured_image_url":"https:\/\/sinprofaz.org.br\/2024\/wp-content\/uploads\/2015\/12\/01-10-800x198.jpg","character_count":404,"formatted_date":"03\/12\/2015 - 11:15","contentNovo":"O SINPROFAZ, representado pelo presidente Achilles Frias, esteve ontem (02) na Comiss\u00e3o de Finan\u00e7as e Tributa\u00e7\u00e3o (CFT) da C\u00e2mara dos Deputados. O presidente se encontrou com membros da Carreira e entidades para acompanhar a decis\u00e3o sobre o Projeto de Lei 3123, que regulamenta o teto constitucional dos agentes p\u00fablicos e pol\u00edticos. Em raz\u00e3o do adiamento da reuni\u00e3o, n\u00e3o houve delibera\u00e7\u00e3o do deputado Nelson Marchezan J\u00fanior (PSDB\/RS).\r\n\r\nN\u00e3o h\u00e1 data para que o PL volte \u00e0 pauta de discuss\u00e3o. Como est\u00e1 em regime de urg\u00eancia, h\u00e1 a possibilidade de que o Projeto seja encaminhado e discutido hoje, em plen\u00e1rio da C\u00e2mara dos Deputados, sob a relatoria do l\u00edder do governo, o deputado Jos\u00e9 Guimar\u00e3es (PT\/CE). A tend\u00eancia, no entanto, \u00e9 que o PL seja votado somente na pr\u00f3xima semana.","_links":{"self":[{"href":"https:\/\/sinprofaz.org.br\/2024\/wp-json\/wp\/v2\/posts\/2503"}],"collection":[{"href":"https:\/\/sinprofaz.org.br\/2024\/wp-json\/wp\/v2\/posts"}],"about":[{"href":"https:\/\/sinprofaz.org.br\/2024\/wp-json\/wp\/v2\/types\/post"}],"author":[{"embeddable":true,"href":"https:\/\/sinprofaz.org.br\/2024\/wp-json\/wp\/v2\/users\/1"}],"replies":[{"embeddable":true,"href":"https:\/\/sinprofaz.org.br\/2024\/wp-json\/wp\/v2\/comments?post=2503"}],"version-history":[{"count":2,"href":"https:\/\/sinprofaz.org.br\/2024\/wp-json\/wp\/v2\/posts\/2503\/revisions"}],"predecessor-version":[{"id":2843,"href":"https:\/\/sinprofaz.org.br\/2024\/wp-json\/wp\/v2\/posts\/2503\/revisions\/2843"}],"wp:featuredmedia":[{"embeddable":true,"href":"https:\/\/sinprofaz.org.br\/2024\/wp-json\/wp\/v2\/media\/2841"}],"wp:attachment":[{"href":"https:\/\/sinprofaz.org.br\/2024\/wp-json\/wp\/v2\/media?parent=2503"}],"wp:term":[{"taxonomy":"category","embeddable":true,"href":"https:\/\/sinprofaz.org.br\/2024\/wp-json\/wp\/v2\/categories?post=2503"},{"taxonomy":"post_tag","embeddable":true,"href":"https:\/\/sinprofaz.org.br\/2024\/wp-json\/wp\/v2\/tags?post=2503"}],"curies":[{"name":"wp","href":"https:\/\/api.w.org\/{rel}","templated":true}]}}