{"id":2502,"date":"2015-12-01T21:22:42","date_gmt":"2015-12-01T21:22:42","guid":{"rendered":""},"modified":"2016-03-01T14:32:51","modified_gmt":"2016-03-01T14:32:51","slug":"projeto-que-regulamenta-teto-de-agentes-publicos-estara-em-pauta-amanha-em-comissao-da-camara","status":"publish","type":"post","link":"https:\/\/sinprofaz.org.br\/2024\/noticias\/projeto-que-regulamenta-teto-de-agentes-publicos-estara-em-pauta-amanha-em-comissao-da-camara\/","title":{"rendered":"PROJETO QUE REGULAMENTA TETO DE AGENTES P\u00daBLICOS ESTAR\u00c1 EM PAUTA AMANH\u00c3, EM COMISS\u00c3O DA C\u00c2MARA"},"content":{"rendered":"<p>O presidente do SINPROFAZ, Achilles Frias, esteve hoje no gabinete da deputada Soraya Santos (PMDB\/RJ) para tratar, entre outros assuntos, do PL 3123. O Projeto de Lei, proveniente do Executivo, regulamenta o teto constitucional dos agentes p\u00fablicos e pol\u00edticos. Falta, ao projeto, a an\u00e1lise da Comiss\u00e3o de Finan\u00e7as e Tributa\u00e7\u00e3o (CFT) da C\u00e2mara dos Deputados.<\/p>\n<p>O parecer do relator Nelson Marchezan J\u00fanior (PSDB\/RS) prejudica o texto do Executivo na medida em que inclui gratifica\u00e7\u00f5es como os honor\u00e1rios sucumbenciais. J\u00e1 o texto aprovado pelas comiss\u00f5es de Trabalho, Administra\u00e7\u00e3o e Servi\u00e7o P\u00fablico e de Constitui\u00e7\u00e3o e Justi\u00e7a exclui os honor\u00e1rios sucumbenciais do teto.<\/p>\n<p>O deputado Valtenir Pereira (PMB\/MT) apresentou voto separado na Comiss\u00e3o de Finan\u00e7as com o mesmo texto do deputado Lucas Vergilio (SD\/GO), aprovado pela Comiss\u00e3o de Trabalho. O texto mant\u00e9m a diferencia\u00e7\u00e3o entre as gratifica\u00e7\u00f5es, excluindo os honor\u00e1rios sucumbenciais. A reuni\u00e3o da CFT ser\u00e1 amanh\u00e3, \u00e0s 11h30, no Plen\u00e1rio IV da C\u00e2mara dos Deputados.<\/p>\n<p>&nbsp;<\/p>\n\n\t\t<style type=\"text\/css\">\n\t\t\t#gallery-1 {\n\t\t\t\tmargin: auto;\n\t\t\t}\n\t\t\t#gallery-1 .gallery-item {\n\t\t\t\tfloat: left;\n\t\t\t\tmargin-top: 10px;\n\t\t\t\ttext-align: center;\n\t\t\t\twidth: 33%;\n\t\t\t}\n\t\t\t#gallery-1 img {\n\t\t\t\tborder: 2px solid #cfcfcf;\n\t\t\t}\n\t\t\t#gallery-1 .gallery-caption {\n\t\t\t\tmargin-left: 0;\n\t\t\t}\n\t\t\t\/* see gallery_shortcode() in wp-includes\/media.php *\/\n\t\t<\/style>\n\t\t<div id='gallery-1' class='gallery galleryid-2502 gallery-columns-3 gallery-size-thumbnail'><dl class='gallery-item'>\n\t\t\t<dt class='gallery-icon landscape'>\n\t\t\t\t<a href='https:\/\/sinprofaz.org.br\/2024\/wp-content\/uploads\/2015\/12\/02-9.jpg'><img loading=\"lazy\" decoding=\"async\" width=\"150\" height=\"150\" src=\"https:\/\/sinprofaz.org.br\/2024\/wp-content\/uploads\/2015\/12\/02-9-150x150.jpg\" class=\"attachment-thumbnail size-thumbnail\" alt=\"\" \/><\/a>\n\t\t\t<\/dt><\/dl>\n\t\t\t<br style='clear: both' \/>\n\t\t<\/div>\n\n","protected":false},"excerpt":{"rendered":"<p>O PL 3123, que regulamenta o teto constitucional dos agentes p&uacute;blicos e pol&iacute;ticos, estar&aacute; em pauta amanh&atilde;, &agrave;s 11h30, na Comiss&atilde;o de Finan&ccedil;as e Tributa&ccedil;&atilde;o (CFT) da C&acirc;mara dos Deputados.<\/p>\n","protected":false},"author":1,"featured_media":2846,"comment_status":"closed","ping_status":"open","sticky":false,"template":"","format":"standard","meta":{"footnotes":""},"categories":[8],"tags":[],"featured_image_url":"https:\/\/sinprofaz.org.br\/2024\/wp-content\/uploads\/2015\/12\/01-11-800x198.jpg","character_count":711,"formatted_date":"01\/12\/2015 - 21:22","contentNovo":"O presidente do SINPROFAZ, Achilles Frias, esteve hoje no gabinete da deputada Soraya Santos (PMDB\/RJ) para tratar, entre outros assuntos, do PL 3123. O Projeto de Lei, proveniente do Executivo, regulamenta o teto constitucional dos agentes p\u00fablicos e pol\u00edticos. Falta, ao projeto, a an\u00e1lise da Comiss\u00e3o de Finan\u00e7as e Tributa\u00e7\u00e3o (CFT) da C\u00e2mara dos Deputados.\r\n\r\nO parecer do relator Nelson Marchezan J\u00fanior (PSDB\/RS) prejudica o texto do Executivo na medida em que inclui gratifica\u00e7\u00f5es como os honor\u00e1rios sucumbenciais. J\u00e1 o texto aprovado pelas comiss\u00f5es de Trabalho, Administra\u00e7\u00e3o e Servi\u00e7o P\u00fablico e de Constitui\u00e7\u00e3o e Justi\u00e7a exclui os honor\u00e1rios sucumbenciais do teto.\r\n\r\nO deputado Valtenir Pereira (PMB\/MT) apresentou voto separado na Comiss\u00e3o de Finan\u00e7as com o mesmo texto do deputado Lucas Vergilio (SD\/GO), aprovado pela Comiss\u00e3o de Trabalho. O texto mant\u00e9m a diferencia\u00e7\u00e3o entre as gratifica\u00e7\u00f5es, excluindo os honor\u00e1rios sucumbenciais. A reuni\u00e3o da CFT ser\u00e1 amanh\u00e3, \u00e0s 11h30, no Plen\u00e1rio IV da C\u00e2mara dos Deputados.\r\n\r\n&nbsp;\r\n\r\n[gallery link=\"file\" ids=\"2847\"]","_links":{"self":[{"href":"https:\/\/sinprofaz.org.br\/2024\/wp-json\/wp\/v2\/posts\/2502"}],"collection":[{"href":"https:\/\/sinprofaz.org.br\/2024\/wp-json\/wp\/v2\/posts"}],"about":[{"href":"https:\/\/sinprofaz.org.br\/2024\/wp-json\/wp\/v2\/types\/post"}],"author":[{"embeddable":true,"href":"https:\/\/sinprofaz.org.br\/2024\/wp-json\/wp\/v2\/users\/1"}],"replies":[{"embeddable":true,"href":"https:\/\/sinprofaz.org.br\/2024\/wp-json\/wp\/v2\/comments?post=2502"}],"version-history":[{"count":2,"href":"https:\/\/sinprofaz.org.br\/2024\/wp-json\/wp\/v2\/posts\/2502\/revisions"}],"predecessor-version":[{"id":2849,"href":"https:\/\/sinprofaz.org.br\/2024\/wp-json\/wp\/v2\/posts\/2502\/revisions\/2849"}],"wp:featuredmedia":[{"embeddable":true,"href":"https:\/\/sinprofaz.org.br\/2024\/wp-json\/wp\/v2\/media\/2846"}],"wp:attachment":[{"href":"https:\/\/sinprofaz.org.br\/2024\/wp-json\/wp\/v2\/media?parent=2502"}],"wp:term":[{"taxonomy":"category","embeddable":true,"href":"https:\/\/sinprofaz.org.br\/2024\/wp-json\/wp\/v2\/categories?post=2502"},{"taxonomy":"post_tag","embeddable":true,"href":"https:\/\/sinprofaz.org.br\/2024\/wp-json\/wp\/v2\/tags?post=2502"}],"curies":[{"name":"wp","href":"https:\/\/api.w.org\/{rel}","templated":true}]}}