{"id":2501,"date":"2015-12-01T21:13:27","date_gmt":"2015-12-01T21:13:27","guid":{"rendered":""},"modified":"2016-03-01T14:35:27","modified_gmt":"2016-03-01T14:35:27","slug":"parlamentares-demonstram-apoio-ao-sinprofaz","status":"publish","type":"post","link":"https:\/\/sinprofaz.org.br\/2024\/noticias\/parlamentares-demonstram-apoio-ao-sinprofaz\/","title":{"rendered":"PARLAMENTARES DEMONSTRAM APOIO AO SINPROFAZ"},"content":{"rendered":"<p>O SINPROFAZ, representado pelo presidente Achilles Frias, esteve hoje (01) na C\u00e2mara dos Deputados. Acompanhado por membros da AGU, o presidente conversou com l\u00edderes em busca de apoio \u00e0s pautas da Carreira, como a vota\u00e7\u00e3o, em segundo turno, da Proposta de Emenda \u00e0 Constitui\u00e7\u00e3o 443\/09.<\/p>\n<p>A deputada Soraya Santos (PMDB\/RJ) recebeu, em seu gabinete, o presidente e os membros da AGU para debater os temas de interesse da Categoria. O senador Eduardo Amorim (PSC\/SE) tamb\u00e9m demostrou apoio aos PFNs.<\/p>\n<p>Al\u00e9m da press\u00e3o pela celeridade na vota\u00e7\u00e3o da PEC, o presidente do Sindicato convidou os parlamentares a prestigiarem o Semin\u00e1rio Nacional da Advocacia P\u00fablica Federal, a ser realizado no Audit\u00f3rio Petr\u00f4nio Portella, do Senado Federal, no dia 16 de dezembro. PFNs de todo pa\u00eds s\u00e3o esperados para o evento, que encerrar\u00e1 a mobiliza\u00e7\u00e3o do SINPROFAZ no Congresso Nacional em 2015.<\/p>\n<p>&nbsp;<\/p>\n\n\t\t<style type=\"text\/css\">\n\t\t\t#gallery-1 {\n\t\t\t\tmargin: auto;\n\t\t\t}\n\t\t\t#gallery-1 .gallery-item {\n\t\t\t\tfloat: left;\n\t\t\t\tmargin-top: 10px;\n\t\t\t\ttext-align: center;\n\t\t\t\twidth: 33%;\n\t\t\t}\n\t\t\t#gallery-1 img {\n\t\t\t\tborder: 2px solid #cfcfcf;\n\t\t\t}\n\t\t\t#gallery-1 .gallery-caption {\n\t\t\t\tmargin-left: 0;\n\t\t\t}\n\t\t\t\/* see gallery_shortcode() in wp-includes\/media.php *\/\n\t\t<\/style>\n\t\t<div id='gallery-1' class='gallery galleryid-2501 gallery-columns-3 gallery-size-thumbnail'><dl class='gallery-item'>\n\t\t\t<dt class='gallery-icon landscape'>\n\t\t\t\t<a href='https:\/\/sinprofaz.org.br\/2024\/wp-content\/uploads\/2015\/12\/02-10.jpg'><img loading=\"lazy\" decoding=\"async\" width=\"150\" height=\"150\" src=\"https:\/\/sinprofaz.org.br\/2024\/wp-content\/uploads\/2015\/12\/02-10-150x150.jpg\" class=\"attachment-thumbnail size-thumbnail\" alt=\"\" \/><\/a>\n\t\t\t<\/dt><\/dl><dl class='gallery-item'>\n\t\t\t<dt class='gallery-icon landscape'>\n\t\t\t\t<a href='https:\/\/sinprofaz.org.br\/2024\/wp-content\/uploads\/2015\/12\/03-6.jpg'><img loading=\"lazy\" decoding=\"async\" width=\"150\" height=\"150\" src=\"https:\/\/sinprofaz.org.br\/2024\/wp-content\/uploads\/2015\/12\/03-6-150x150.jpg\" class=\"attachment-thumbnail size-thumbnail\" alt=\"\" \/><\/a>\n\t\t\t<\/dt><\/dl>\n\t\t\t<br style='clear: both' \/>\n\t\t<\/div>\n\n","protected":false},"excerpt":{"rendered":"<p>O SINPROFAZ, representado pelo presidente Achilles Frias, esteve hoje (01) na C&acirc;mara. Acompanhado por membros da AGU, o presidente conversou com l&iacute;deres em busca de apoio &agrave;s pautas da Carreira.<\/p>\n","protected":false},"author":1,"featured_media":2850,"comment_status":"closed","ping_status":"open","sticky":false,"template":"","format":"standard","meta":{"footnotes":""},"categories":[8],"tags":[],"featured_image_url":"https:\/\/sinprofaz.org.br\/2024\/wp-content\/uploads\/2015\/12\/01-12-800x198.jpg","character_count":637,"formatted_date":"01\/12\/2015 - 21:13","contentNovo":"O SINPROFAZ, representado pelo presidente Achilles Frias, esteve hoje (01) na C\u00e2mara dos Deputados. Acompanhado por membros da AGU, o presidente conversou com l\u00edderes em busca de apoio \u00e0s pautas da Carreira, como a vota\u00e7\u00e3o, em segundo turno, da Proposta de Emenda \u00e0 Constitui\u00e7\u00e3o 443\/09.\r\n\r\nA deputada Soraya Santos (PMDB\/RJ) recebeu, em seu gabinete, o presidente e os membros da AGU para debater os temas de interesse da Categoria. O senador Eduardo Amorim (PSC\/SE) tamb\u00e9m demostrou apoio aos PFNs.\r\n\r\nAl\u00e9m da press\u00e3o pela celeridade na vota\u00e7\u00e3o da PEC, o presidente do Sindicato convidou os parlamentares a prestigiarem o Semin\u00e1rio Nacional da Advocacia P\u00fablica Federal, a ser realizado no Audit\u00f3rio Petr\u00f4nio Portella, do Senado Federal, no dia 16 de dezembro. PFNs de todo pa\u00eds s\u00e3o esperados para o evento, que encerrar\u00e1 a mobiliza\u00e7\u00e3o do SINPROFAZ no Congresso Nacional em 2015.\r\n\r\n&nbsp;\r\n\r\n[gallery link=\"file\" ids=\"2851,2853\"]","_links":{"self":[{"href":"https:\/\/sinprofaz.org.br\/2024\/wp-json\/wp\/v2\/posts\/2501"}],"collection":[{"href":"https:\/\/sinprofaz.org.br\/2024\/wp-json\/wp\/v2\/posts"}],"about":[{"href":"https:\/\/sinprofaz.org.br\/2024\/wp-json\/wp\/v2\/types\/post"}],"author":[{"embeddable":true,"href":"https:\/\/sinprofaz.org.br\/2024\/wp-json\/wp\/v2\/users\/1"}],"replies":[{"embeddable":true,"href":"https:\/\/sinprofaz.org.br\/2024\/wp-json\/wp\/v2\/comments?post=2501"}],"version-history":[{"count":2,"href":"https:\/\/sinprofaz.org.br\/2024\/wp-json\/wp\/v2\/posts\/2501\/revisions"}],"predecessor-version":[{"id":2854,"href":"https:\/\/sinprofaz.org.br\/2024\/wp-json\/wp\/v2\/posts\/2501\/revisions\/2854"}],"wp:featuredmedia":[{"embeddable":true,"href":"https:\/\/sinprofaz.org.br\/2024\/wp-json\/wp\/v2\/media\/2850"}],"wp:attachment":[{"href":"https:\/\/sinprofaz.org.br\/2024\/wp-json\/wp\/v2\/media?parent=2501"}],"wp:term":[{"taxonomy":"category","embeddable":true,"href":"https:\/\/sinprofaz.org.br\/2024\/wp-json\/wp\/v2\/categories?post=2501"},{"taxonomy":"post_tag","embeddable":true,"href":"https:\/\/sinprofaz.org.br\/2024\/wp-json\/wp\/v2\/tags?post=2501"}],"curies":[{"name":"wp","href":"https:\/\/api.w.org\/{rel}","templated":true}]}}