{"id":2496,"date":"2015-11-26T17:49:29","date_gmt":"2015-11-26T17:49:29","guid":{"rendered":""},"modified":"2016-03-01T14:54:16","modified_gmt":"2016-03-01T14:54:16","slug":"entidades-divulgam-proximos-passos-da-mobilizacao-2015","status":"publish","type":"post","link":"https:\/\/sinprofaz.org.br\/2024\/noticias\/entidades-divulgam-proximos-passos-da-mobilizacao-2015\/","title":{"rendered":"ENTIDADES DIVULGAM PR\u00d3XIMOS PASSOS DA MOBILIZA\u00c7\u00c3O 2015"},"content":{"rendered":"<p>Os presidentes das entidades representativas da Advocacia P\u00fablica Federal se reuniram na manh\u00e3 desta quinta-feira, 26 de novembro, para discutir a estrat\u00e9gia de mobiliza\u00e7\u00e3o para as pr\u00f3ximas semanas.<\/p>\n<p>De forma conjunta, assim deliberaram:<\/p>\n<p>1- convocar os Colegas para comparecer em peso na C\u00e2mara dos Deputados, dia 15\/12;<\/p>\n<p>2- realizar o Semin\u00e1rio Nacional da Advocacia P\u00fablica Federal no Audit\u00f3rio Petr\u00f4nio Portella, dia 16\/12, das 10h \u00e0s 18h;<\/p>\n<p>3- organizar Confraterniza\u00e7\u00e3o de fim de ano entre os Membros da AGU em Bras\u00edlia, dia 15\/12 \u00e0 noite, em local a ser brevemente divulgado;<\/p>\n<p>4- reiterar o calend\u00e1rio anteriormente anunciado para a realiza\u00e7\u00e3o de visitas aos parlamentares nas bases na \u00faltima semana de janeiro e na primeira semana de fevereiro.<\/p>\n<p>Por fim, as associa\u00e7\u00f5es esclarecem que a Mobiliza\u00e7\u00e3o continua e que est\u00e3o atuando para a concretiza\u00e7\u00e3o dos pleitos atinentes \u00e0 Advocacia P\u00fablica Federal, incluindo as PECs, a formaliza\u00e7\u00e3o do acordo com o MPOG, dentre outros.<\/p>\n","protected":false},"excerpt":{"rendered":"<p>Os presidentes das entidades representativas da Advocacia P&uacute;blica Federal se reuniram na manh&atilde; desta quinta-feira, 26 de novembro, para discutir a estrat&eacute;gia de mobiliza&ccedil;&atilde;o para as pr&oacute;ximas semanas.<\/p>\n","protected":false},"author":1,"featured_media":2628,"comment_status":"closed","ping_status":"open","sticky":false,"template":"","format":"standard","meta":{"footnotes":""},"categories":[8],"tags":[],"featured_image_url":"https:\/\/sinprofaz.org.br\/2024\/wp-content\/uploads\/2016\/01\/nota_conjunta.jpg","character_count":502,"formatted_date":"26\/11\/2015 - 17:49","contentNovo":"Os presidentes das entidades representativas da Advocacia P\u00fablica Federal se reuniram na manh\u00e3 desta quinta-feira, 26 de novembro, para discutir a estrat\u00e9gia de mobiliza\u00e7\u00e3o para as pr\u00f3ximas semanas.\r\n\r\nDe forma conjunta, assim deliberaram:\r\n\r\n1- convocar os Colegas para comparecer em peso na C\u00e2mara dos Deputados, dia 15\/12;\r\n\r\n2- realizar o Semin\u00e1rio Nacional da Advocacia P\u00fablica Federal no Audit\u00f3rio Petr\u00f4nio Portella, dia 16\/12, das 10h \u00e0s 18h;\r\n\r\n3- organizar Confraterniza\u00e7\u00e3o de fim de ano entre os Membros da AGU em Bras\u00edlia, dia 15\/12 \u00e0 noite, em local a ser brevemente divulgado;\r\n\r\n4- reiterar o calend\u00e1rio anteriormente anunciado para a realiza\u00e7\u00e3o de visitas aos parlamentares nas bases na \u00faltima semana de janeiro e na primeira semana de fevereiro.\r\n\r\nPor fim, as associa\u00e7\u00f5es esclarecem que a Mobiliza\u00e7\u00e3o continua e que est\u00e3o atuando para a concretiza\u00e7\u00e3o dos pleitos atinentes \u00e0 Advocacia P\u00fablica Federal, incluindo as PECs, a formaliza\u00e7\u00e3o do acordo com o MPOG, dentre outros.","_links":{"self":[{"href":"https:\/\/sinprofaz.org.br\/2024\/wp-json\/wp\/v2\/posts\/2496"}],"collection":[{"href":"https:\/\/sinprofaz.org.br\/2024\/wp-json\/wp\/v2\/posts"}],"about":[{"href":"https:\/\/sinprofaz.org.br\/2024\/wp-json\/wp\/v2\/types\/post"}],"author":[{"embeddable":true,"href":"https:\/\/sinprofaz.org.br\/2024\/wp-json\/wp\/v2\/users\/1"}],"replies":[{"embeddable":true,"href":"https:\/\/sinprofaz.org.br\/2024\/wp-json\/wp\/v2\/comments?post=2496"}],"version-history":[{"count":1,"href":"https:\/\/sinprofaz.org.br\/2024\/wp-json\/wp\/v2\/posts\/2496\/revisions"}],"predecessor-version":[{"id":2867,"href":"https:\/\/sinprofaz.org.br\/2024\/wp-json\/wp\/v2\/posts\/2496\/revisions\/2867"}],"wp:featuredmedia":[{"embeddable":true,"href":"https:\/\/sinprofaz.org.br\/2024\/wp-json\/wp\/v2\/media\/2628"}],"wp:attachment":[{"href":"https:\/\/sinprofaz.org.br\/2024\/wp-json\/wp\/v2\/media?parent=2496"}],"wp:term":[{"taxonomy":"category","embeddable":true,"href":"https:\/\/sinprofaz.org.br\/2024\/wp-json\/wp\/v2\/categories?post=2496"},{"taxonomy":"post_tag","embeddable":true,"href":"https:\/\/sinprofaz.org.br\/2024\/wp-json\/wp\/v2\/tags?post=2496"}],"curies":[{"name":"wp","href":"https:\/\/api.w.org\/{rel}","templated":true}]}}