{"id":2493,"date":"2015-11-24T19:26:53","date_gmt":"2015-11-24T19:26:53","guid":{"rendered":""},"modified":"2016-03-03T12:31:35","modified_gmt":"2016-03-03T12:31:35","slug":"agu-adia-inicio-da-enquete-sobre-a-unificacao-das-carreiras","status":"publish","type":"post","link":"https:\/\/sinprofaz.org.br\/2024\/noticias\/agu-adia-inicio-da-enquete-sobre-a-unificacao-das-carreiras\/","title":{"rendered":"AGU ADIA IN\u00cdCIO DA ENQUETE SOBRE A UNIFICA\u00c7\u00c3O DAS CARREIRAS"},"content":{"rendered":"<p>Consulta sobre a unifica\u00e7\u00e3o das carreiras ter\u00e1 in\u00edcio nesta quarta (25\/11) e ser\u00e1 encerrada na sexta (27\/11).<\/p>\n<p>O SINPROFAZ conclama a participa\u00e7\u00e3o de todos os filiados e compartilha o comunicado da Escola Superior da AGU:<\/p>\n<p>&nbsp;<\/p>\n<p>&nbsp;<\/p>\n<p>&nbsp;<\/p>\n\n\t\t<style type=\"text\/css\">\n\t\t\t#gallery-1 {\n\t\t\t\tmargin: auto;\n\t\t\t}\n\t\t\t#gallery-1 .gallery-item {\n\t\t\t\tfloat: left;\n\t\t\t\tmargin-top: 10px;\n\t\t\t\ttext-align: center;\n\t\t\t\twidth: 100%;\n\t\t\t}\n\t\t\t#gallery-1 img {\n\t\t\t\tborder: 2px solid #cfcfcf;\n\t\t\t}\n\t\t\t#gallery-1 .gallery-caption {\n\t\t\t\tmargin-left: 0;\n\t\t\t}\n\t\t\t\/* see gallery_shortcode() in wp-includes\/media.php *\/\n\t\t<\/style>\n\t\t<div id='gallery-1' class='gallery galleryid-2493 gallery-columns-1 gallery-size-full'><dl class='gallery-item'>\n\t\t\t<dt class='gallery-icon landscape'>\n\t\t\t\t<a href='https:\/\/sinprofaz.org.br\/2024\/wp-content\/uploads\/2015\/11\/01-17.jpg'><img loading=\"lazy\" decoding=\"async\" width=\"680\" height=\"191\" src=\"https:\/\/sinprofaz.org.br\/2024\/wp-content\/uploads\/2015\/11\/01-17.jpg\" class=\"attachment-full size-full\" alt=\"\" srcset=\"https:\/\/sinprofaz.org.br\/2024\/wp-content\/uploads\/2015\/11\/01-17.jpg 680w, https:\/\/sinprofaz.org.br\/2024\/wp-content\/uploads\/2015\/11\/01-17-300x84.jpg 300w, https:\/\/sinprofaz.org.br\/2024\/wp-content\/uploads\/2015\/11\/01-17-600x169.jpg 600w, https:\/\/sinprofaz.org.br\/2024\/wp-content\/uploads\/2015\/11\/01-17-315x88.jpg 315w, https:\/\/sinprofaz.org.br\/2024\/wp-content\/uploads\/2015\/11\/01-17-218x61.jpg 218w\" sizes=\"(max-width: 680px) 100vw, 680px\" \/><\/a>\n\t\t\t<\/dt><\/dl><br style=\"clear: both\" \/>\n\t\t<\/div>\n\n<p style=\"text-align: center;\"><span style=\"text-decoration: underline;\"><strong>COMUNICADO<\/strong><\/span><\/p>\n<p>No intuito de fazer um mapeamento a respeito do tema \u201cUnifica\u00e7\u00e3o das Carreiras Jur\u00eddicas da Advocacia P\u00fablica Federal\u201d, a Escola da Advocacia-Geral da Uni\u00e3o disponibilizar\u00e1, a partir de 25 de novembro de 2015, um sistema de vota\u00e7\u00e3o direcionado <b>aos membros ativos e inativos das carreiras jur\u00eddicas<\/b> de Advogados da Uni\u00e3o, Procuradores da Fazenda Nacional, Procuradores Federais e Procuradores do Banco Central.<\/p>\n<p>O sistema de consulta foi desenvolvido pelo <b>Departamento de Tecnologia da Informa\u00e7\u00e3o da AGU<\/b>, ficando sob sua responsabilidade o funcionamento da enquete ao longo dos dias 25 a 27 de novembro de 2015.<\/p>\n<p><b>Funcionamento:<\/b> Cada integrante do p\u00fablico alvo definido na base de dados receber\u00e1 uma mensagem via correio eletr\u00f4nico na qual h\u00e1 um link (chave de acesso). Clicando no link, o usu\u00e1rio \u00e9 direcionado ao sistema que cont\u00e9m as perguntas do question\u00e1rio.<\/p>\n<p><b>Seguran\u00e7a:<\/b> A chave de acesso recebida por e-mail <b>\u00e9 pessoal e intransfer\u00edvel<\/b>, raz\u00e3o pela qual a mensagem n\u00e3o deve ser reencaminhada a outro usu\u00e1rio. Caso isso ocorra, a responsabilidade pela utiliza\u00e7\u00e3o da chave por terceiros ser\u00e1 do usu\u00e1rio,<b> n\u00e3o sendo admitido o cancelamento do voto e o envio de nova chave para vota\u00e7\u00e3o.<\/b><\/p>\n<p><b>Vota\u00e7\u00e3o:<\/b> Uma vez utilizada a chave de acesso (ou seja, feita a vota\u00e7\u00e3o), <strong>n\u00e3o ser\u00e1 poss\u00edvel nova vota\u00e7\u00e3o ou altera\u00e7\u00e3o do voto<\/strong>, de forma que o resultado ficar\u00e1 registrado de forma definitiva no sistema.<\/p>\n<p><strong>Prazo de vota\u00e7\u00e3o:<\/strong> O sistema estar\u00e1 dispon\u00edvel a partir das <span style=\"background-color: #ffff00;\"><strong>8 horas da manh\u00e3 do dia 25 de novembro de 2015 at\u00e9 as 18 horas do dia 27 de novembro de 2015.<\/strong><\/span><\/p>\n<p><strong>Perguntas:<\/strong> Ser\u00e3o realizadas quatro perguntas na seguinte ordem:<\/p>\n<p><strong>1-<\/strong> Voc\u00ea \u00e9 a favor da unifica\u00e7\u00e3o das carreiras jur\u00eddicas da advocacia p\u00fablica federal (Advogados da Uni\u00e3o, Procuradores da Fazenda Nacional, Procuradores Federais e Procuradores do Banco Central)?<\/p>\n<p>(Sim) (N\u00e3o) (Abstenho-me)<\/p>\n<p><strong>2-<\/strong> Havendo unifica\u00e7\u00e3o, dever\u00e3o ser previstas regras de transi\u00e7\u00e3o?<\/p>\n<p>(Sim) (N\u00e3o) (Abstenho-me)<\/p>\n<p><strong>3-<\/strong> Havendo carreira \u00fanica, qual nome voc\u00ea escolheria?<\/p>\n<p>(Advogado Federal) (Advogado da Uni\u00e3o) (Procurador da Uni\u00e3o) (Outros \/ campo aberto)<\/p>\n<p><strong>4-<\/strong> Voc\u00ea \u00e9 a favor da vincula\u00e7\u00e3o administrativa de todas as carreiras da advocacia p\u00fablica federal apenas \u00e0 Advocacia-Geral da Uni\u00e3o?<\/p>\n<p>(Sim) (N\u00e3o) (Abstenho-me)<\/p>\n<p>Na terceira pergunta haver\u00e1 um <strong>campo aberto<\/strong> para possibilitar o registro de sugest\u00f5es de nome para a carreira. Esclarecemos que ser\u00e3o consideradas apenas as respostas com indica\u00e7\u00e3o de um \u00fanico nome, limitado \u00e0 30 caracteres.<\/p>\n<p><strong>Problemas de acesso:<\/strong> Caso o membro das carreiras jur\u00eddicas, ativo ou inativo, n\u00e3o tenha recebido a mensagem com a chave de acesso em seu e-mail at\u00e9 o in\u00edcio da vota\u00e7\u00e3o (8 horas do dia 25 de novembro de 2015) ou, ainda, esteja com dificuldades de acesso ao sistema, o mesmo dever\u00e1 entrar em contato com o DTI por meio do endere\u00e7o eletr\u00f4nico gesis.dti@agu.gov.br ou pelo telefone (61) 2026-7815.<\/p>\n<p>Orienta\u00e7\u00f5es Importantes:<\/p>\n<p><strong>1)<\/strong> Mantenha sua caixa de e-mail dentro da capacidade de armazenamento, de forma que a mensagem enviada pelo sistema n\u00e3o seja recusada;<\/p>\n<p><strong>2)<\/strong> Se o e-mail cadastrado junto a base de dados da AGU, Minist\u00e9rio da Fazenda e Banco Central n\u00e3o for corporativo (@agu;@pgfn ou @pgbc), \u00e9 poss\u00edvel que a mensagem do sistema seja direcionada \u00e0 pasta \u2018lixo eletr\u00f4nico\u2019 ou \u2018spam\u2019 de seu servidor de acesso. Antes de entrar em contato, verifique sua caixa.<\/p>\n","protected":false},"excerpt":{"rendered":"<p>Consulta sobre a unifica&ccedil;&atilde;o das carreiras ter&aacute; in&iacute;cio nesta quarta (25\/11) e ser&aacute; encerrada na sexta (27\/11).<\/p>\n","protected":false},"author":1,"featured_media":2893,"comment_status":"closed","ping_status":"open","sticky":false,"template":"","format":"standard","meta":{"footnotes":""},"categories":[8],"tags":[],"featured_image_url":"https:\/\/sinprofaz.org.br\/2024\/wp-content\/uploads\/2015\/11\/logo-agu.jpg","character_count":2011,"formatted_date":"24\/11\/2015 - 19:26","contentNovo":"Consulta sobre a unifica\u00e7\u00e3o das carreiras ter\u00e1 in\u00edcio nesta quarta (25\/11) e ser\u00e1 encerrada na sexta (27\/11).\r\n\r\nO SINPROFAZ conclama a participa\u00e7\u00e3o de todos os filiados e compartilha o comunicado da Escola Superior da AGU:\r\n\r\n&nbsp;\r\n\r\n&nbsp;\r\n\r\n&nbsp;\r\n\r\n[gallery link=\"file\" columns=\"1\" size=\"full\" ids=\"2895\"]\r\n<p style=\"text-align: center;\"><strong>COMUNICADO<\/strong><\/p>\r\nNo intuito de fazer um mapeamento a respeito do tema \u201cUnifica\u00e7\u00e3o das Carreiras Jur\u00eddicas da Advocacia P\u00fablica Federal\u201d, a Escola da Advocacia-Geral da Uni\u00e3o disponibilizar\u00e1, a partir de 25 de novembro de 2015, um sistema de vota\u00e7\u00e3o direcionado aos membros ativos e inativos das carreiras jur\u00eddicas de Advogados da Uni\u00e3o, Procuradores da Fazenda Nacional, Procuradores Federais e Procuradores do Banco Central.\r\n\r\nO sistema de consulta foi desenvolvido pelo Departamento de Tecnologia da Informa\u00e7\u00e3o da AGU, ficando sob sua responsabilidade o funcionamento da enquete ao longo dos dias 25 a 27 de novembro de 2015.\r\n\r\nFuncionamento: Cada integrante do p\u00fablico alvo definido na base de dados receber\u00e1 uma mensagem via correio eletr\u00f4nico na qual h\u00e1 um link (chave de acesso). Clicando no link, o usu\u00e1rio \u00e9 direcionado ao sistema que cont\u00e9m as perguntas do question\u00e1rio.\r\n\r\nSeguran\u00e7a: A chave de acesso recebida por e-mail \u00e9 pessoal e intransfer\u00edvel, raz\u00e3o pela qual a mensagem n\u00e3o deve ser reencaminhada a outro usu\u00e1rio. Caso isso ocorra, a responsabilidade pela utiliza\u00e7\u00e3o da chave por terceiros ser\u00e1 do usu\u00e1rio, n\u00e3o sendo admitido o cancelamento do voto e o envio de nova chave para vota\u00e7\u00e3o.\r\n\r\nVota\u00e7\u00e3o: Uma vez utilizada a chave de acesso (ou seja, feita a vota\u00e7\u00e3o), <strong>n\u00e3o ser\u00e1 poss\u00edvel nova vota\u00e7\u00e3o ou altera\u00e7\u00e3o do voto<\/strong>, de forma que o resultado ficar\u00e1 registrado de forma definitiva no sistema.\r\n\r\n<strong>Prazo de vota\u00e7\u00e3o:<\/strong> O sistema estar\u00e1 dispon\u00edvel a partir das <strong>8 horas da manh\u00e3 do dia 25 de novembro de 2015 at\u00e9 as 18 horas do dia 27 de novembro de 2015.<\/strong>\r\n\r\n<strong>Perguntas:<\/strong> Ser\u00e3o realizadas quatro perguntas na seguinte ordem:\r\n\r\n<strong>1-<\/strong> Voc\u00ea \u00e9 a favor da unifica\u00e7\u00e3o das carreiras jur\u00eddicas da advocacia p\u00fablica federal (Advogados da Uni\u00e3o, Procuradores da Fazenda Nacional, Procuradores Federais e Procuradores do Banco Central)?\r\n\r\n(Sim) (N\u00e3o) (Abstenho-me)\r\n\r\n<strong>2-<\/strong> Havendo unifica\u00e7\u00e3o, dever\u00e3o ser previstas regras de transi\u00e7\u00e3o?\r\n\r\n(Sim) (N\u00e3o) (Abstenho-me)\r\n\r\n<strong>3-<\/strong> Havendo carreira \u00fanica, qual nome voc\u00ea escolheria?\r\n\r\n(Advogado Federal) (Advogado da Uni\u00e3o) (Procurador da Uni\u00e3o) (Outros \/ campo aberto)\r\n\r\n<strong>4-<\/strong> Voc\u00ea \u00e9 a favor da vincula\u00e7\u00e3o administrativa de todas as carreiras da advocacia p\u00fablica federal apenas \u00e0 Advocacia-Geral da Uni\u00e3o?\r\n\r\n(Sim) (N\u00e3o) (Abstenho-me)\r\n\r\nNa terceira pergunta haver\u00e1 um <strong>campo aberto<\/strong> para possibilitar o registro de sugest\u00f5es de nome para a carreira. Esclarecemos que ser\u00e3o consideradas apenas as respostas com indica\u00e7\u00e3o de um \u00fanico nome, limitado \u00e0 30 caracteres.\r\n\r\n<strong>Problemas de acesso:<\/strong> Caso o membro das carreiras jur\u00eddicas, ativo ou inativo, n\u00e3o tenha recebido a mensagem com a chave de acesso em seu e-mail at\u00e9 o in\u00edcio da vota\u00e7\u00e3o (8 horas do dia 25 de novembro de 2015) ou, ainda, esteja com dificuldades de acesso ao sistema, o mesmo dever\u00e1 entrar em contato com o DTI por meio do endere\u00e7o eletr\u00f4nico gesis.dti@agu.gov.br ou pelo telefone (61) 2026-7815.\r\n\r\nOrienta\u00e7\u00f5es Importantes:\r\n\r\n<strong>1)<\/strong> Mantenha sua caixa de e-mail dentro da capacidade de armazenamento, de forma que a mensagem enviada pelo sistema n\u00e3o seja recusada;\r\n\r\n<strong>2)<\/strong> Se o e-mail cadastrado junto a base de dados da AGU, Minist\u00e9rio da Fazenda e Banco Central n\u00e3o for corporativo (@agu;@pgfn ou @pgbc), \u00e9 poss\u00edvel que a mensagem do sistema seja direcionada \u00e0 pasta \u2018lixo eletr\u00f4nico\u2019 ou \u2018spam\u2019 de seu servidor de acesso. Antes de entrar em contato, verifique sua caixa.","_links":{"self":[{"href":"https:\/\/sinprofaz.org.br\/2024\/wp-json\/wp\/v2\/posts\/2493"}],"collection":[{"href":"https:\/\/sinprofaz.org.br\/2024\/wp-json\/wp\/v2\/posts"}],"about":[{"href":"https:\/\/sinprofaz.org.br\/2024\/wp-json\/wp\/v2\/types\/post"}],"author":[{"embeddable":true,"href":"https:\/\/sinprofaz.org.br\/2024\/wp-json\/wp\/v2\/users\/1"}],"replies":[{"embeddable":true,"href":"https:\/\/sinprofaz.org.br\/2024\/wp-json\/wp\/v2\/comments?post=2493"}],"version-history":[{"count":4,"href":"https:\/\/sinprofaz.org.br\/2024\/wp-json\/wp\/v2\/posts\/2493\/revisions"}],"predecessor-version":[{"id":2898,"href":"https:\/\/sinprofaz.org.br\/2024\/wp-json\/wp\/v2\/posts\/2493\/revisions\/2898"}],"wp:featuredmedia":[{"embeddable":true,"href":"https:\/\/sinprofaz.org.br\/2024\/wp-json\/wp\/v2\/media\/2893"}],"wp:attachment":[{"href":"https:\/\/sinprofaz.org.br\/2024\/wp-json\/wp\/v2\/media?parent=2493"}],"wp:term":[{"taxonomy":"category","embeddable":true,"href":"https:\/\/sinprofaz.org.br\/2024\/wp-json\/wp\/v2\/categories?post=2493"},{"taxonomy":"post_tag","embeddable":true,"href":"https:\/\/sinprofaz.org.br\/2024\/wp-json\/wp\/v2\/tags?post=2493"}],"curies":[{"name":"wp","href":"https:\/\/api.w.org\/{rel}","templated":true}]}}